{"id":28307,"date":"2024-10-03T10:14:25","date_gmt":"2024-10-03T07:14:25","guid":{"rendered":"https:\/\/yeniterter.az\/?p=28307"},"modified":"2024-10-03T10:14:25","modified_gmt":"2024-10-03T07:14:25","slug":"t%c9%99rt%c9%99rd%c9%99-27-sentyabr-anim-gunu-qeyd-olunub","status":"publish","type":"post","link":"https:\/\/yeniterter.az\/?p=28307","title":{"rendered":"T\u0259rt\u0259rd\u0259 27 sentyabr \u2013 An\u0131m G\u00fcn\u00fc qeyd olunub"},"content":{"rendered":"<p><img decoding=\"async\" loading=\"lazy\" class=\" wp-image-28308 alignleft\" src=\"https:\/\/yeniterter.az\/wp-content\/uploads\/461452026_384224941408639_7314563801146963110_n-300x200.jpg\" alt=\"\" width=\"200\" height=\"133\" srcset=\"https:\/\/yeniterter.az\/wp-content\/uploads\/461452026_384224941408639_7314563801146963110_n-300x200.jpg 300w, https:\/\/yeniterter.az\/wp-content\/uploads\/461452026_384224941408639_7314563801146963110_n-1024x683.jpg 1024w, https:\/\/yeniterter.az\/wp-content\/uploads\/461452026_384224941408639_7314563801146963110_n-768x512.jpg 768w, https:\/\/yeniterter.az\/wp-content\/uploads\/461452026_384224941408639_7314563801146963110_n.jpg 1152w\" sizes=\"(max-width: 200px) 100vw, 200px\" \/><img decoding=\"async\" loading=\"lazy\" class=\"wp-image-28309 alignright\" src=\"https:\/\/yeniterter.az\/wp-content\/uploads\/461509517_384225041408629_7554220403037892430_n-300x200.jpg\" alt=\"\" width=\"201\" height=\"134\" srcset=\"https:\/\/yeniterter.az\/wp-content\/uploads\/461509517_384225041408629_7554220403037892430_n-300x200.jpg 300w, https:\/\/yeniterter.az\/wp-content\/uploads\/461509517_384225041408629_7554220403037892430_n-1024x683.jpg 1024w, https:\/\/yeniterter.az\/wp-content\/uploads\/461509517_384225041408629_7554220403037892430_n-768x512.jpg 768w, https:\/\/yeniterter.az\/wp-content\/uploads\/461509517_384225041408629_7554220403037892430_n.jpg 1152w\" sizes=\"(max-width: 201px) 100vw, 201px\" \/>T\u0259rt\u0259rd\u0259 27 sentyabr\u2013An\u0131m G\u00fcn\u00fc il\u0259 \u0259laq\u0259dar \u015e\u0259hidl\u0259r Abid\u0259 Kompleksinin \u00f6n\u00fcnd\u0259 r\u0259smi an\u0131m t\u0259dbiri ke\u00e7irilib.<br \/>\nAn\u0131m t\u0259dbirind\u0259 T\u0259rt\u0259r Rayon \u0130cra Hakimiyy\u0259tinin ba\u015f\u00e7\u0131s\u0131 M\u00fcst\u0259qim M\u0259mm\u0259dov, h\u00fcquq-m\u00fchafiz\u0259 orqanlar\u0131n\u0131n r\u0259hb\u0259rl\u0259ri, YAP rayon t\u0259\u015fkilat\u0131n\u0131n, A\u011fsaqqallar \u015euras\u0131n\u0131n s\u0259drl\u0259ri, \u015f\u0259hid ail\u0259l\u0259rinin \u00fczvl\u0259ri, qazil\u0259r, m\u00fcharib\u0259 veteranlar\u0131, rayon ictimaiyy\u0259tinin n\u00fcmay\u0259nd\u0259l\u0259ri d\u0259 i\u015ftirak edibl\u0259r.<br \/>\n\u018fvv\u0259lc\u0259 \u00f6lk\u0259mizin \u0259razi b\u00fct\u00f6vl\u00fcy\u00fc u\u011frunda canlar\u0131n\u0131 f\u0259da ed\u0259n \u0259sg\u0259r v\u0259 zabitl\u0259rimizin xatir\u0259si yad edilib, D\u00f6vl\u0259t Himni s\u0259sl\u0259ndirilib, Qafqaz M\u00fcs\u0259lmanlar\u0131 idar\u0259sinin s\u0259lahiyy\u0259tli n\u00fcmay\u0259nd\u0259si, T\u0259rt\u0259r C\u00fcm\u0259 M\u0259scidinin imam\u0131 Sadiq C\u0259f\u0259rov t\u0259r\u0259find\u0259n \u015f\u0259hidl\u0259rin ruhuna dualar oxunub.<br \/>\nAn\u0131m t\u0259dbirind\u0259 \u00e7\u0131x\u0131\u015f ed\u0259n T\u0259rt\u0259r Rayon \u0130cra Hakimiyy\u0259tinin ba\u015f\u00e7\u0131s\u0131 M\u00fcst\u0259qim M\u0259mm\u0259dov 44 g\u00fcnl\u00fck V\u0259-t\u0259n m\u00fcharib\u0259sind\u0259 qazan\u0131lan q\u0259l\u0259b\u0259d\u0259n, V\u0259t\u0259n u\u011frunda canlar\u0131n\u0131 qurban ver\u0259n h\u0259myerlil\u0259rimizd\u0259n s\u00f6hb\u0259t a\u00e7\u0131b, m\u00fcharib\u0259 d\u00f6vr\u00fcnd\u0259 rayonumuza d\u0259y\u0259n ziyandan dan\u0131\u015f\u0131b. Bildirib ki, Az\u0259rbaycan Respublikas\u0131n\u0131n Prezidenti, Ali Ba\u015f Komandan c\u0259nab \u0130lham \u018fliyevin r\u0259hb\u0259rliyi il\u0259 44 g\u00fcn davam ed\u0259n h\u0259rbi \u0259m\u0259liyyatlar n\u0259tic\u0259sind\u0259 Az\u0259rbaycan Ordusu Erm\u0259nistan\u0131n silahl\u0131 q\u00fcvv\u0259l\u0259rini m\u0259hv ed\u0259r\u0259k tariximiz\u0259 yeni bir g\u00fcn yazd\u0131 v\u0259 \u015f\u0259hidl\u0259rimizin qisas\u0131 al\u0131nd\u0131. 19 sentyabr 2023-c\u00fc il tarixd\u0259 is\u0259 ordumuz i\u015f\u011faldan azad edilmi\u015f \u0259razil\u0259rd\u0259 lokal xarakterli antiterror \u0259m\u0259liyyatlar\u0131 ke\u00e7irdi, su-verenliyimiz tam b\u0259rpa olundu.<br \/>\nRespublika Prezidenti c\u0259nab \u0130lham \u018fliyevin S\u0259r\u0259ncam\u0131 il\u0259 h\u0259r il sentyabr\u0131n 20-si Az\u0259rbaycan Respublikas\u0131nda D\u00f6vl\u0259t Suverenliyi G\u00fcn\u00fc kimi qeyd edil\u0259c\u0259k.<!--more--><br \/>\nRayon r\u0259hb\u0259ri \u00e7\u0131x\u0131\u015f\u0131nda qeyd edib ki, 44 g\u00fcnl\u00fck V\u0259t\u0259n m\u00fcharib\u0259sind\u0259 q\u0259hr\u0259man t\u0259rt\u0259rlil\u0259r y\u00fcks\u0259k d\u00f6z\u00fcm, d\u0259yan\u0259t n\u00fcmayi\u015f erdirdil\u0259r. \u00d6n c\u0259bh\u0259d\u0259 oldu\u011fu kimi, arxa c\u0259bh\u0259d\u0259 d\u0259 m\u00fclki insanlar \u015f\u0259hid oldu, ya\u015fay\u0131\u015f m\u0259nt\u0259q\u0259l\u0259rimiz at\u0259\u015f\u0259 tutuldu, ancaq d\u00fc\u015fm\u0259n\u0259 bir qar\u0131\u015f da torpaq verilm\u0259di. V\u0259t\u0259n m\u00fcharib\u0259sind\u0259 Erm\u0259nistan silahl\u0131 birl\u0259\u015fm\u0259l\u0259ri beyn\u0259lxalq h\u00fcquq normalar\u0131 il\u0259 m\u00fc\u0259yy\u0259n olunmu\u015f qaydalar\u0131 pozaraq, T\u0259rt\u0259r \u015f\u0259h\u0259ri d\u0259 daxil olmaqla rayonun ya\u015fay\u0131\u015f m\u0259nt\u0259q\u0259l\u0259rin\u0259 16 min 277 top, tank, qrad m\u0259rmisi, 21 qada\u011fan olunmu\u015f raket at\u0131b, b\u0259zi g\u00fcnl\u0259rd\u0259 T\u0259rt\u0259r\u0259 2000-d\u0259n \u00e7ox m\u0259rmi at\u0131l\u0131b.<br \/>\nBunun n\u0259tic\u0259si olaraq m\u00fclki \u015f\u0259xsl\u0259rin \u00e7oxsayl\u0131 \u0259mlak\u0131na ciddi ziyan vu-rulmu\u015f, ya\u015fay\u0131\u015f evl\u0259ri, \u00e7oxm\u0259nzilli ya\u015fay\u0131\u015f binalar\u0131, qeyri-ya\u015fay\u0131\u015f sah\u0259l\u0259ri da\u011f\u0131d\u0131lm\u0131\u015fd\u0131r. \u00dcmumilikd\u0259, d\u00fc\u015fm\u0259n t\u0259r\u0259fin silahl\u0131 birl\u0259\u015fm\u0259l\u0259rinin dinc \u0259halini at\u0259\u015f\u0259 tutmas\u0131 n\u0259tic\u0259sind\u0259 16 n\u0259f\u0259r q\u0259tl\u0259 yetirilib, 63 n\u0259f\u0259r m\u00fcxt\u0259lif d\u0259r\u0259c\u0259li b\u0259d\u0259n x\u0259sar\u0259tl\u0259ri al\u0131b ki, onlar\u0131n aras\u0131nda qad\u0131n v\u0259 u\u015faqlar da var.<br \/>\nV\u0259t\u0259n m\u00fcharib\u0259sind\u0259 rayonumuzda 46 h\u0259rbi qulluq\u00e7u \u015f\u0259hid olub, 57 n\u0259f\u0259r h\u0259rbi qulluq\u00e7umuz is\u0259 yaralanaraq sa\u011flaml\u0131\u011f\u0131n\u0131 itirib. 1554 n\u0259f\u0259r V\u0259t\u0259n m\u00fcharib\u0259si veteran\u0131 var.<br \/>\n\u0130\u015f\u011fal alt\u0131nda olan torpaqlar\u0131m\u0131z q\u0259hr\u0259man \u015f\u0259hidl\u0259rimizin, \u0259sg\u0259r v\u0259 zabitl\u0259rimizin, qazil\u0259rimizin qan\u0131 v\u0259 can\u0131 bahas\u0131na azad olundu.<br \/>\nSonra V\u0259t\u0259n M\u00fcharib\u0259si Q\u0259hr\u0259man\u0131, \u015f\u0259hid polkovnik-leytenant Anar \u018fliyevin atas\u0131 Vaqif \u018fliyev \u00e7\u0131x\u0131\u015f edib, \u015f\u0259h\u0259r 1 sayl\u0131 tam orta m\u0259kt\u0259binin \u015fagirdl\u0259ri \u015f\u0259hidl\u0259r\u0259, V\u0259t\u0259n\u0259 h\u0259sr edilmi\u015f \u015feirl\u0259r s\u00f6yl\u0259yibl\u0259r.<br \/>\nSonda ziyar\u0259t\u00e7il\u0259r t\u0259r\u0259find\u0259n \u015e\u0259hidl\u0259r Abid\u0259\u2013Kompleksinin \u00f6n\u00fcn\u0259 g\u00fcl-\u00e7i\u00e7\u0259k d\u0259st\u0259l\u0259ri d\u00fcz\u00fcl\u00fcb, \u015f\u0259hidl\u0259rin xatir\u0259si ehtiramla an\u0131l\u0131b.<\/p>\n<p>&nbsp;<\/p>\n","protected":false},"excerpt":{"rendered":"<p>T\u0259rt\u0259rd\u0259 27 sentyabr\u2013An\u0131m G\u00fcn\u00fc il\u0259 \u0259laq\u0259dar \u015e\u0259hidl\u0259r Abid\u0259 Kompleksinin \u00f6n\u00fcnd\u0259 r\u0259smi an\u0131m t\u0259dbiri ke\u00e7irilib. An\u0131m t\u0259dbirind\u0259 T\u0259rt\u0259r Rayon \u0130cra Hakimiyy\u0259tinin ba\u015f\u00e7\u0131s\u0131 M\u00fcst\u0259qim M\u0259mm\u0259dov, h\u00fcquq-m\u00fchafiz\u0259 orqanlar\u0131n\u0131n r\u0259hb\u0259rl\u0259ri, YAP rayon t\u0259\u015fkilat\u0131n\u0131n, A\u011fsaqqallar \u015euras\u0131n\u0131n s\u0259drl\u0259ri, \u015f\u0259hid ail\u0259l\u0259rinin \u00fczvl\u0259ri, qazil\u0259r, m\u00fcharib\u0259 veteranlar\u0131, rayon ictimaiyy\u0259tinin n\u00fcmay\u0259nd\u0259l\u0259ri d\u0259 i\u015ftirak edibl\u0259r. \u018fvv\u0259lc\u0259 \u00f6lk\u0259mizin \u0259razi b\u00fct\u00f6vl\u00fcy\u00fc u\u011frunda canlar\u0131n\u0131 f\u0259da ed\u0259n \u0259sg\u0259r v\u0259 zabitl\u0259rimizin [&hellip;]<\/p>\n","protected":false},"author":2,"featured_media":0,"comment_status":"closed","ping_status":"closed","sticky":false,"template":"","format":"standard","meta":[],"categories":[10],"tags":[],"_links":{"self":[{"href":"https:\/\/yeniterter.az\/index.php?rest_route=\/wp\/v2\/posts\/28307"}],"collection":[{"href":"https:\/\/yeniterter.az\/index.php?rest_route=\/wp\/v2\/posts"}],"about":[{"href":"https:\/\/yeniterter.az\/index.php?rest_route=\/wp\/v2\/types\/post"}],"author":[{"embeddable":true,"href":"https:\/\/yeniterter.az\/index.php?rest_route=\/wp\/v2\/users\/2"}],"replies":[{"embeddable":true,"href":"https:\/\/yeniterter.az\/index.php?rest_route=%2Fwp%2Fv2%2Fcomments&post=28307"}],"version-history":[{"count":1,"href":"https:\/\/yeniterter.az\/index.php?rest_route=\/wp\/v2\/posts\/28307\/revisions"}],"predecessor-version":[{"id":28310,"href":"https:\/\/yeniterter.az\/index.php?rest_route=\/wp\/v2\/posts\/28307\/revisions\/28310"}],"wp:attachment":[{"href":"https:\/\/yeniterter.az\/index.php?rest_route=%2Fwp%2Fv2%2Fmedia&parent=28307"}],"wp:term":[{"taxonomy":"category","embeddable":true,"href":"https:\/\/yeniterter.az\/index.php?rest_route=%2Fwp%2Fv2%2Fcategories&post=28307"},{"taxonomy":"post_tag","embeddable":true,"href":"https:\/\/yeniterter.az\/index.php?rest_route=%2Fwp%2Fv2%2Ftags&post=28307"}],"curies":[{"name":"wp","href":"https:\/\/api.w.org\/{rel}","templated":true}]}}