{"id":28055,"date":"2024-08-29T11:11:16","date_gmt":"2024-08-29T08:11:16","guid":{"rendered":"https:\/\/yeniterter.az\/?p=28055"},"modified":"2024-08-29T11:11:16","modified_gmt":"2024-08-29T08:11:16","slug":"yolumuz-qarabagadir-bura-v%c9%99t%c9%99ndir-balam","status":"publish","type":"post","link":"https:\/\/yeniterter.az\/?p=28055","title":{"rendered":"YOLUMUZ QARABA\u011eADIR: BURA V\u018fT\u018fND\u0130R, BALAM!"},"content":{"rendered":"<p><img decoding=\"async\" loading=\"lazy\" class=\" wp-image-28056 alignleft\" src=\"https:\/\/yeniterter.az\/wp-content\/uploads\/0f9e6956-9a72-415b-a408-1c56792c2aa9-300x169.jpg\" alt=\"\" width=\"209\" height=\"118\" srcset=\"https:\/\/yeniterter.az\/wp-content\/uploads\/0f9e6956-9a72-415b-a408-1c56792c2aa9-300x169.jpg 300w, https:\/\/yeniterter.az\/wp-content\/uploads\/0f9e6956-9a72-415b-a408-1c56792c2aa9-1024x577.jpg 1024w, https:\/\/yeniterter.az\/wp-content\/uploads\/0f9e6956-9a72-415b-a408-1c56792c2aa9-768x433.jpg 768w, https:\/\/yeniterter.az\/wp-content\/uploads\/0f9e6956-9a72-415b-a408-1c56792c2aa9.jpg 1280w\" sizes=\"(max-width: 209px) 100vw, 209px\" \/><img decoding=\"async\" loading=\"lazy\" class=\" wp-image-28057 alignleft\" src=\"https:\/\/yeniterter.az\/wp-content\/uploads\/02f6a907-63a4-4c76-8f6b-a3986146f4a2-169x300.jpg\" alt=\"\" width=\"66\" height=\"118\" srcset=\"https:\/\/yeniterter.az\/wp-content\/uploads\/02f6a907-63a4-4c76-8f6b-a3986146f4a2-169x300.jpg 169w, https:\/\/yeniterter.az\/wp-content\/uploads\/02f6a907-63a4-4c76-8f6b-a3986146f4a2-576x1024.jpg 576w, https:\/\/yeniterter.az\/wp-content\/uploads\/02f6a907-63a4-4c76-8f6b-a3986146f4a2.jpg 720w\" sizes=\"(max-width: 66px) 100vw, 66px\" \/><img decoding=\"async\" loading=\"lazy\" class=\" wp-image-28058 alignleft\" src=\"https:\/\/yeniterter.az\/wp-content\/uploads\/39c277bd-befe-488e-8269-9248e10560ac-169x300.jpg\" alt=\"\" width=\"66\" height=\"118\" srcset=\"https:\/\/yeniterter.az\/wp-content\/uploads\/39c277bd-befe-488e-8269-9248e10560ac-169x300.jpg 169w, https:\/\/yeniterter.az\/wp-content\/uploads\/39c277bd-befe-488e-8269-9248e10560ac-576x1024.jpg 576w, https:\/\/yeniterter.az\/wp-content\/uploads\/39c277bd-befe-488e-8269-9248e10560ac.jpg 720w\" sizes=\"(max-width: 66px) 100vw, 66px\" \/><img decoding=\"async\" loading=\"lazy\" class=\" wp-image-28060 alignleft\" src=\"https:\/\/yeniterter.az\/wp-content\/uploads\/e02c7eb5-95f7-40ec-bcf1-1f2f546c0e02-226x300.jpg\" alt=\"\" width=\"88\" height=\"117\" srcset=\"https:\/\/yeniterter.az\/wp-content\/uploads\/e02c7eb5-95f7-40ec-bcf1-1f2f546c0e02-226x300.jpg 226w, https:\/\/yeniterter.az\/wp-content\/uploads\/e02c7eb5-95f7-40ec-bcf1-1f2f546c0e02-770x1024.jpg 770w, https:\/\/yeniterter.az\/wp-content\/uploads\/e02c7eb5-95f7-40ec-bcf1-1f2f546c0e02-768x1021.jpg 768w, https:\/\/yeniterter.az\/wp-content\/uploads\/e02c7eb5-95f7-40ec-bcf1-1f2f546c0e02.jpg 963w\" sizes=\"(max-width: 88px) 100vw, 88px\" \/><img decoding=\"async\" loading=\"lazy\" class=\" wp-image-28061 alignleft\" src=\"https:\/\/yeniterter.az\/wp-content\/uploads\/3616973e-2709-4043-8964-8d69fc6765e9-169x300.jpg\" alt=\"\" width=\"65\" height=\"115\" srcset=\"https:\/\/yeniterter.az\/wp-content\/uploads\/3616973e-2709-4043-8964-8d69fc6765e9-169x300.jpg 169w, https:\/\/yeniterter.az\/wp-content\/uploads\/3616973e-2709-4043-8964-8d69fc6765e9-576x1024.jpg 576w, https:\/\/yeniterter.az\/wp-content\/uploads\/3616973e-2709-4043-8964-8d69fc6765e9.jpg 720w\" sizes=\"(max-width: 65px) 100vw, 65px\" \/><img decoding=\"async\" loading=\"lazy\" class=\" wp-image-28062 alignleft\" src=\"https:\/\/yeniterter.az\/wp-content\/uploads\/3070b7eb-e694-4560-afa5-24758864a8b3-1-169x300.jpg\" alt=\"\" width=\"65\" height=\"116\" srcset=\"https:\/\/yeniterter.az\/wp-content\/uploads\/3070b7eb-e694-4560-afa5-24758864a8b3-1-169x300.jpg 169w, https:\/\/yeniterter.az\/wp-content\/uploads\/3070b7eb-e694-4560-afa5-24758864a8b3-1-576x1024.jpg 576w, https:\/\/yeniterter.az\/wp-content\/uploads\/3070b7eb-e694-4560-afa5-24758864a8b3-1.jpg 720w\" sizes=\"(max-width: 65px) 100vw, 65px\" \/>M\u0259kt\u0259b vaxt\u0131 in\u015fa yazard\u0131q: Haradan ba\u015flan\u0131r V\u0259t\u0259n?<br \/>\nH\u0259r k\u0259s s\u0259rb\u0259st m\u00f6vzuda yazd\u0131\u011f\u0131 in\u015fas\u0131na bir c\u00fcr ba\u015flard\u0131: Kimi ana quca\u011f\u0131ndan dey\u0259rdi, kimi ata oca\u011f\u0131ndan, kimi do\u011fuldu\u011fu \u015f\u0259h\u0259rd\u0259n, k\u0259ndd\u0259n.<br \/>\nOnda h\u0259l\u0259 torpaqlar\u0131m\u0131z i\u015f\u011fal olunmam\u0131\u015f, o\u011fullar\u0131m\u0131z Qaraba\u011f torpaqlar\u0131 u\u011frunda \u015f\u0259hid olmam\u0131\u015fd\u0131.<br \/>\n\u0130ndi m\u0259kt\u0259bli olsam, V\u0259t\u0259n m\u0259nim\u00e7\u00fcn \u015f\u0259hid qan\u0131 il\u0259 suvar\u0131lm\u0131\u015f Qaraba\u011f torpaqlar\u0131ndan ba\u015flay\u0131r, dey\u0259r\u0259m. O torpaqlardan ki, 44 g\u00fcnl\u00fck V\u0259t\u0259n m\u00fcharib\u0259sind\u0259 bu yerl\u0259ri azad etm\u0259kl\u0259 Ali Ba\u015f Komandan\u0131m\u0131z \u0130lham \u018fliyevin komandanl\u0131\u011f\u0131 il\u0259 igid o\u011fullar\u0131m\u0131z 30 ild\u0259n sonra q\u0259l\u0259b\u0259 sevincini biz\u0259 ya\u015fatd\u0131lar&#8230;<br \/>\n\u00c7oxdan idi ki, i\u015f\u011faldan azad edilmi\u015f torpaqlar\u0131m\u0131z\u0131 ziyar\u0259t etm\u0259k ist\u0259yirdim. Ail\u0259likc\u0259 yolumuza A\u011fdamdan\u2013vaxt\u0131 il\u0259 \u00e7al-\u00e7ag\u0131rli, ba\u011fba\u011fatl\u0131, qaynar h\u0259yatl\u0131, insanlar\u0131 qo\u00e7aq, nec\u0259 dey\u0259rl\u0259r, \u201cda\u015fdan pul \u00e7\u0131xaran\u201d A\u011fdamdan ba\u015flad\u0131q. Sonuncu d\u0259f\u0259 bu \u015f\u0259h\u0259rd\u0259 hardasa 28 ya\u015f\u0131mda olmu\u015fdum. Yadda\u015f\u0131mda g\u00f6z\u0259l, \u00e7ox g\u00f6z\u0259l bir \u015f\u0259h\u0259r kimi qalm\u0131\u015fd\u0131, m\u0259s\u00e7idini ziyar\u0259t etmi\u015fdim, \u00e7\u00f6r\u0259k muzeyind\u0259 olmu\u015fdum, Pioner evin\u0259 (o vaxt pioner evinin direktoru tan\u0131nm\u0131\u015f musiqi\u00e7i, b\u0259st\u0259kar, Qaraba\u011fdan \u00e7\u0131xm\u0131\u015f ne\u00e7\u0259-ne\u00e7\u0259 s\u0259n\u0259tkar\u0131n ustad\u0131 olmu\u015f Murad Rzayev idi) m\u00fcsabiq\u0259y\u0259 u\u015faq aparm\u0131\u015fd\u0131q. M\u0259n d\u0259 T\u0259rt\u0259rd\u0259 eyni m\u0259kanda k\u00fctl\u0259vi i\u015f\u00e7i i\u015fl\u0259yirdim.<br \/>\n\u018fvv\u0259l\u0259n deyim ki, bu yerl\u0259r\u0259 \u00e7ox k\u00f6vr\u0259k hissl\u0259rl\u0259 q\u0259d\u0259m basd\u0131m, torpa\u011f\u0131nda, h\u0259r da\u015f\u0131nda Az\u0259rbaycan \u0259sg\u0259rinin ayaq s\u0259sini, at\u0259\u015f s\u0259sl\u0259rini e\u015fitdim, m\u00fcharib\u0259nin \u0259trafa yayd\u0131\u011f\u0131 \u00f6l\u00fcm\u00fc, f\u0259lak\u0259ti, \u0259lilliyi yada sald\u0131m. Da\u011f\u0131lan yurd yerl\u0259ri, \u015f\u0259hid m\u0259zarlar\u0131n\u0131n \u00fcst\u00fcnd\u0259 dal\u011falanan bayraqlar\u0131m\u0131z \u00e7ox k\u00f6vr\u0259ltdi m\u0259ni. Ancaq apar\u0131lan tikinti-abadl\u0131q i\u015fl\u0259rini g\u00f6rd\u00fckc\u0259 bir daha Prezidetimizl\u0259 \u2013 Ali Ba\u015f Komandan\u0131m\u0131zla q\u00fcrur duydum. \u0130nan\u0131ram ki, A\u011fdam insan \u0259ll\u0259ri il\u0259 yenid\u0259n qurulacaq, yenid\u0259n \u0259vv\u0259lkind\u0259n d\u0259 g\u00f6z\u0259l, yara\u015f\u0131ql\u0131 bir \u015f\u0259h\u0259r\u0259 \u00e7evril\u0259c\u0259k.<!--more--><br \/>\n<strong>Ha\u015fiy\u0259:<\/strong> \u018fziz oxucular, \u00fcr\u0259yi h\u0259mi\u015f\u0259 A\u011fdamla d\u00f6y\u00fcn\u0259n sevimli yaz\u0131\u00e7\u0131m\u0131z Aqil Abbasdan sonra A\u011fdam bar\u0259d\u0259 s\u00f6z dem\u0259k \u00e7ox \u00e7\u0259tindir v\u0259 bu, m\u0259n\u0259 d\u00fc\u015fm\u0259z. Ona g\u00f6r\u0259 d\u0259 A\u011fdam haqq\u0131nda t\u0259\u0259ss\u00fcrat\u0131m\u0131 burada saxlay\u0131ram.<br \/>\n<strong>\u00a0 \u00a0 \u00a0 \u00a0 \u00a0 \u00a0 \u00a0 \u00a0 \u00a0 \u00a0 \u00a0 \u00a0 \u00a0 \u00a0 \u00a0 \u00a0 \u00a0 \u00a0 \u00a0 \u00a0 \u00a0 \u00a0 \u00a0 \u00a0 \u00a0 \u00a0 \u00a0 \u00a0 \u00a0 \u00a0 \u00a0 \u00a0 \u00a0 \u00a0 \u00a0Bu da \u018fsg\u0259ran qalas\u0131, \u018fsg\u0259ran \u015f\u0259h\u0259ri<\/strong><br \/>\nBu \u015f\u0259h\u0259rd\u0259 da\u011f\u0131nt\u0131 \u00e7ox deyil, ziyar\u0259t\u0259 g\u0259l\u0259nl\u0259r \u00e7oxdur, t\u0259\u015fn\u0259, v\u0259t\u0259n h\u0259sr\u0259tlil\u0259r \u00e7oxdur. \u0130nsanlar da, \u015f\u0259h\u0259r d\u0259 \u00e7ox dar\u0131x\u0131r do\u011fma sakinl\u0259ri \u00fc\u00e7\u00fcn.<br \/>\n<strong>\u00a0 \u00a0 \u00a0 \u00a0 \u00a0 \u00a0 \u00a0 \u00a0 \u00a0 \u00a0 \u00a0 \u00a0 \u00a0 \u00a0 \u00a0 \u00a0 \u00a0 \u00a0 \u00a0 \u00a0 \u00a0 \u00a0 \u00a0 \u00a0 \u00a0 \u00a0 \u00a0 \u00a0 \u00a0 \u00a0 \u00a0 \u00a0 \u00a0 \u00a0 \u00a0 \u00a0 \u00a0 \u00a0 \u00a0 \u00a0 \u00a0 Qalan\u0131n tarixi haqq\u0131nda<\/strong><\/p>\n<p>Bildiyimiz kimi \u0259n q\u0259dim zamanlardan Az\u0259rbaycan daim yadellil\u0259rin h\u00fccumlar\u0131na m\u0259ruz qal\u0131b. Ona g\u00f6r\u0259 d\u0259 Az\u0259rbaycan \u0259razisi m\u00fcdafi\u0259 m\u0259qs\u0259dil\u0259 tikil\u0259n istehkam v\u0259 qalalarla z\u0259ngindir. Bunlardan biri d\u0259 \u018fsg\u0259ran qalas\u0131d\u0131r. Qalan\u0131n sal\u0131nmas\u0131 Qaraba\u011f xanl\u0131\u011f\u0131n\u0131n y\u00fcks\u0259li\u015f d\u00f6vr\u00fc il\u0259 \u0259laq\u0259li olub, D\u0259rb\u0259nd s\u0259ddi \u015eirvan\u0131n \u015fimal qap\u0131s\u0131 idis\u0259, \u018fsg\u0259ran s\u0259ddi d\u0259 Qaraba\u011f xanl\u0131\u011f\u0131n\u0131n \u015f\u0259rq qap\u0131s\u0131 idi.<br \/>\nErm\u0259nistan\u0131n Az\u0259rbaycan torpaqlar\u0131na t\u0259cav\u00fcz\u00fc n\u0259tic\u0259sind\u0259 bir \u00e7ox abid\u0259l\u0259r kimi \u018fsg\u0259ran qalas\u0131 da d\u00fc\u015fm\u0259n \u0259lin\u0259 ke\u00e7ib. Lakin \u018fsg\u0259ran qalas\u0131n\u0131n t\u0259cav\u00fcz\u0259 m\u0259ruz qalmas\u0131 h\u0259rbi m\u00fcnaqi\u015f\u0259d\u0259n \u0259vv\u0259l ba\u015f verib&#8230;<br \/>\n\u018fsg\u0259ran s\u00f6z\u00fcn\u00fcn m\u0259n\u015f\u0259yin\u0259 g\u0259ldikd\u0259 is\u0259 &#8220;Az\u0259rbaycan toponiml\u0259ri. Ensiklopedik l\u00fc\u011f\u0259t&#8221;d\u0259 toponim XVIII \u0259srd\u0259 Qaraba\u011f xan\u0131 P\u0259nah\u0259li xan\u0131n (dig\u0259r m\u0259lumata g\u00f6r\u0259 Mehr\u0259li xan\u0131n) tikdirdiyi \u018fsg\u0259ran qalas\u0131n\u0131n ad\u0131 il\u0259 \u0259laq\u0259l\u0259ndirilir. Qalan\u0131n ad\u0131 is\u0259 \u018fsg\u0259ran adl\u0131 yerl\u0259 ba\u011flanaraq, Az\u0259rbaycan dilind\u0259ki \u0259ski (k\u00f6hn\u0259, q\u0259dim) s\u00f6z\u00fcnd\u0259n v\u0259 Aran toponimind\u0259n ibar\u0259t oldu\u011fu g\u00f6st\u0259rilir. Qiyas\u0259ddin Qeybullayev \u018fsg\u0259ran toponimini Az\u0259rbaycan dilind\u0259ki \u0259ski \u2013 &#8220;q\u0259dim&#8221;, &#8220;k\u00f6hn\u0259&#8221; s\u00f6z\u00fcnd\u0259n v\u0259 Arran etnonimind\u0259n ibar\u0259t oldu\u011funu yaz\u0131r. &#8220;\u018fsg\u0259ran rayonu \u0259razisind\u0259 P\u0259nah xan t\u0259r\u0259find\u0259n tikilmi\u015f &#8220;\u018fsg\u0259ran&#8221; qalas\u0131n\u0131n xarabal\u0131qlar\u0131 vard\u0131r. Qala yerin ad\u0131 il\u0259 \u018fsg\u0259ran ad-lanm\u0131\u015fd\u0131r, ba\u015fqa s\u00f6zl\u0259 qala tikilm\u0259zd\u0259n \u0259vv\u0259l \u0259razi \u0259traf \u0259hali i\u00e7\u0259risind\u0259 \u018fsg\u0259ran, (y\u0259ni \u018fski Aran) ad\u0131 il\u0259 m\u0259lum idi&#8221;.<br \/>\n\u018fsg\u0259ran qalas\u0131n\u0131n tikilm\u0259 tarixi v\u0259 onu tikdir\u0259nin ad\u0131 m\u00fcxt\u0259lif m\u0259nb\u0259l\u0259rd\u0259 m\u00fcxt\u0259lif c\u00fcr yaz\u0131lm\u0131\u015fd\u0131r. Bir qisim tarix\u00e7i qalan\u0131n tikilm\u0259sini Meh-r\u0259li xan Qaraba\u011fl\u0131n\u0131n, dig\u0259r qisim is\u0259 \u0130brahimx\u0259lil xan\u0131n ad\u0131 il\u0259 ba\u011flay\u0131r. Eyni zamanda tikilm\u0259 tarixi d\u0259 m\u00fcxt\u0259lif c\u00fcr verilir. Rzaqulu b\u0259y Mirz\u0259 Camal o\u011flunun &#8220;P\u0259nah xan v\u0259 Ibrahim xan\u0131n Qaraba\u011fda hakimiyy\u0259tl\u0259ri v\u0259 o zaman\u0131n hadis\u0259l\u0259ri&#8221; \u0259s\u0259rind\u0259 m\u00fc\u0259llif qeyd edir: &#8220;M\u0259rhum \u0130brahim xan\u0131n yadigarlar\u0131ndan \u00fc\u00e7\u00fcnc\u00fcs\u00fc h\u0259r iki \u018fsg\u0259ran qalas\u0131d\u0131r. Bu qalalar\u0131 hicri 1203, miladi 1786-c\u0131 ild\u0259 tikdirmi\u015fdir. (\u018fslind\u0259 \u018fsg\u0259ran qalalar\u0131 1783\u20131784-c\u00fc ill\u0259rd\u0259 tikilmi\u015fdir \u2014 qeyd Nazim Axundovdand\u0131r.). Bu qalalar \u015eu\u015fa qalas\u0131n\u0131n \u00fc\u00e7 a\u011facl\u0131\u011f\u0131nda, Qarqar \u00e7ay\u0131n\u0131n ke\u00e7idi olan iki da\u011f\u0131n aras\u0131nda yerl\u0259\u015fmi\u015fdir. \u015eirvan, \u015e\u0259ki v\u0259 Da\u011f\u0131stan vilay\u0259tl\u0259ri \u0259halisi m\u0259rhum P\u0259nah\u0259li xan Qaraba\u011fl\u0131 il\u0259 d\u00fc\u015fm\u0259n olduqlar\u0131ndan ehtiyat \u00fc\u00e7\u00fcn b\u00f6y\u00fck o\u011flu Ibrahim xana v\u0259siyy\u0259t etmi\u015fdi ki, \u0259g\u0259r f\u00fcrs\u0259t tapmasam, s\u0259n bu iki \u018fsg\u0259ran da\u011f\u0131n\u0131n aras\u0131nda iki qala tikdir ki, d\u00fc\u015fm\u0259n g\u0259l\u0259n zaman piyada qo\u015funlar\u0131m\u0131z bu qalalarda olsunlar. Oradan \u015eu\u015fa qalas\u0131na 8 verst\u0259 q\u0259d\u0259r m\u0259saf\u0259 vard\u0131r. D\u00fc\u015fm\u0259n oradan ke\u00e7ib qalaya g\u0259l\u0259 bilm\u0259z.<br \/>\nBurada da tikinti abadl\u0131q, t\u0259mir i\u015fl\u0259ri apar\u0131l\u0131r. Qaladan baxanda t\u0259bi\u0259t d\u0259, \u015f\u0259h\u0259r d\u0259, b\u00fct\u00fcnl\u00fckd\u0259 do\u011fma Qaraba\u011f\u0131m\u0131z g\u00f6z\u0259l g\u00f6r\u00fcn\u00fcr.<br \/>\n<strong>\u00a0 \u00a0 \u00a0 \u00a0 \u00a0 \u00a0 \u00a0 \u00a0 \u00a0 \u00a0 \u00a0 \u00a0 \u00a0 \u00a0 \u00a0 \u00a0 \u00a0 \u00a0 \u00a0 \u00a0 \u00a0 \u00a0 \u00a0 \u00a0 \u00a0 \u00a0 \u00a0 \u00a0 \u00a0 \u00a0 \u00a0 \u00a0 \u00a0 \u00a0 \u00a0 \u00a0 \u00a0 \u00a0 \u00a0 \u00a0 \u00a0 \u00a0 \u00a0 \u00a0 \u00a0 \u00a0 \u00a0 \u00a0 \u00a0 \u00a0 \u00a0 Xocal\u0131 \u015f\u0259h\u0259ri<\/strong><\/p>\n<p>1992-ci ilin fevral ay\u0131n\u0131n 25-d\u0259n 26-na ke\u00e7\u0259n gec\u0259 g\u00fccl\u00fc artilleriya h\u00fccumundan sonra Erm\u0259nistan silahl\u0131 q\u00fcvv\u0259l\u0259ri v\u0259 yar\u0131m-h\u0259rbi birl\u0259\u015fm\u0259l\u0259r, ke\u00e7mi\u015f SSR\u0130-nin 366-c\u0131 motoat\u0131c\u0131 alay\u0131n\u0131n k\u00f6m\u0259yi il\u0259 \u015f\u0259h\u0259ri \u0259l\u0259 ke\u00e7irdil\u0259r.<br \/>\n28 fevral tarixind\u0259 t\u0259rkibind\u0259 jurnalistl\u0259r d\u0259 olan qrup iki helikopterl\u0259 az\u0259rbaycanl\u0131lar\u0131n q\u0259tl\u0259 yetirildiyi yer\u0259 \u00e7ata bildil\u0259r. M\u0259nz\u0259r\u0259 ham\u0131n\u0131 d\u0259h\u015f\u0259t\u0259 g\u0259tirdi &#8211; sah\u0259 c\u0259s\u0259dl\u0259rl\u0259 dolu idi. Helikopterin v\u0259zif\u0259si da\u011fl\u0131q zonada enm\u0259k v\u0259 \u0259halinin k\u00fctl\u0259vi q\u0259tl\u0259 yetirildiyi yerl\u0259rd\u0259n c\u0259s\u0259dl\u0259ri toplamaq idi. \u0130kinci helikopterin havadan m\u00fchafiz\u0259sin\u0259 baxmayaraq, erm\u0259nil\u0259rin g\u00fccl\u00fc at\u0259\u015fi alt\u0131nda ancaq d\u00f6rd meyiti g\u00f6t\u00fcrm\u0259k m\u00fcmk\u00fcn oldu. 1 mart tarixind\u0259 yerli v\u0259 xarici jurnalistl\u0259rd\u0259n ibar\u0259t qrup hadis\u0259 yerind\u0259 olduqda onlar\u0131n m\u00fc\u015fahid\u0259 etdiyi v\u0259ziyy\u0259t daha da d\u0259h\u015f\u0259tli olmu\u015fdur: meyitl\u0259r\u0259 x\u0259sar\u0259tl\u0259r yetirilmi\u015f v\u0259 t\u0259hqir edilmi\u015fdir.<br \/>\nXocal\u0131 soyq\u0131r\u0131m\u0131 erm\u0259ni v\u0259h\u015filiyinin kulminasiya n\u00f6qt\u0259si idi.<br \/>\n\u018fhalinin q\u0259tl\u0259 yetirildiyi m\u0259kana s\u0259f\u0259r ed\u0259nl\u0259rd\u0259n biri olan jurnalist \u00c7ingiz Mustafayevin dediyi kimi, \u00f6l\u0259nl\u0259r aras\u0131nda \u201c2 ya\u015fla 15 ya\u015f aras\u0131 onlarla u\u015faq, qad\u0131n, ya\u015fl\u0131 var idi, \u00e7oxuna is\u0259 aln\u0131n\u0131n t\u0259n ortas\u0131na yax\u0131n m\u0259saf\u0259d\u0259n at\u0259\u015f a\u00e7\u0131lm\u0131\u015fd\u0131. C\u0259s\u0259dl\u0259rin v\u0259ziyy\u0259ti onu g\u00f6st\u0259rirdi ki, insanlar\u0131n \u00e7oxu soyuqqanl\u0131l\u0131qla, q\u0259sd\u0259n \u00f6ld\u00fcr\u00fcl\u00fcb, he\u00e7 bir m\u00fcbariz\u0259, yaxud qa\u00e7ma\u011fa \u00e7al\u0131\u015f\u0131rcas\u0131na \u0259lam\u0259t yox idi. B\u0259zil\u0259rini k\u0259nara \u00e7\u0259kib t\u0259k ba\u015f\u0131na g\u00fcll\u0259l\u0259mi\u015fdil\u0259r; b\u0259zi hallarda is\u0259 b\u00fct\u00fcn ail\u0259nin bird\u0259n g\u00fcll\u0259l\u0259ndiyi g\u00f6r\u00fcn\u00fcrd\u00fc. B\u0259zi c\u0259s\u0259dl\u0259rd\u0259 bir ne\u00e7\u0259 yara izi var idi ki, bunlardan biri h\u0259mi\u015f\u0259 ba\u015fda olurdu, bu da yaral\u0131n\u0131n \u00f6ld\u00fcr\u00fcld\u00fcy\u00fcn\u00fc s\u00fcbut edirdi&#8230;\u201d.<br \/>\nBritaniyal\u0131 jurnalist Tomas de Vaal ba\u015f ver\u0259n bu d\u0259h\u015f\u0259tli hadis\u0259y\u0259 Erm\u0259nistan\u0131n ke\u00e7mi\u015f prezidenti Serj Sarkisyan\u0131n r\u0259hb\u0259rlik etdiyini yaz\u0131rd\u0131. O, \u201cBlack Qarden\u201d kitab\u0131nda Serj Sarkisyandan ald\u0131\u011f\u0131 m\u00fcsahib\u0259ni d\u0259rc etm\u0259kl\u0259 bu fakt\u0131 t\u0259sdiql\u0259mi\u015fdi. S.Sarkisyan Tomas de Vaala verdiyi m\u00fcsahib\u0259sind\u0259 deyib: \u201cXocal\u0131dan \u0259vv\u0259l az\u0259rbaycanl\u0131lar fikirl\u0259\u015firdi ki, biz onlarla zarafat edirik. Onlar z\u0259nn edirdi ki, erm\u0259nil\u0259r \u0259lini dinc \u0259haliy\u0259 qald\u0131ra bilm\u0259y\u0259n bir xalqd\u0131r. Biz bu stereotipin \u00f6hd\u0259sind\u0259n g\u0259l\u0259 bildik.\u201d<br \/>\nBeyrutdan olan \u2013 soyq\u0131r\u0131m\u0131n\u0131n i\u015ftirak\u00e7\u0131lar\u0131ndan biri, erm\u0259ni \u2013 David Xeyriyan sonradan \u00e7ap etdirdiyi \u201cXa\u00e7 namin\u0259\u201d kitab\u0131nda yaz\u0131rd\u0131: \u201cMart\u0131n 2-d\u0259 meyitl\u0259rin yand\u0131r\u0131lmas\u0131 i\u015fini h\u0259yata ke\u00e7ir\u0259n \u201cQaflan\u201d adl\u0131 erm\u0259ni qrupu y\u00fczd\u0259n \u00e7ox az\u0259rbaycanl\u0131 meyiti toplam\u0131\u015fd\u0131. H\u0259min meyitl\u0259ri Xocal\u0131dan t\u0259xmin\u0259n 1 kilometr aral\u0131da yand\u0131rd\u0131lar&#8230; Bir anl\u0131q yanan meyitl\u0259rin i\u00e7ind\u0259n birinin \u00e7\u0131\u011f\u0131rd\u0131\u011f\u0131n\u0131 e\u015fid\u0259r kimi oldum, sanki biri yard\u0131m v\u0259 m\u0259rh\u0259m\u0259t dil\u0259yirdi&#8230; M\u0259n bunlardan sonra daha ir\u0259li ged\u0259 bilm\u0259dim, geri d\u00f6nd\u00fcm. Dig\u0259rl\u0259ri is\u0259 xa\u00e7 namin\u0259 sava\u015flar\u0131na davam etdil\u0259r.\u201d<br \/>\nB\u0259li, bu \u015f\u0259h\u0259rd\u0259 qula\u011f\u0131ma igid o\u011fullar\u0131n q\u0259hr\u0259manl\u0131\u011f\u0131n\u0131, \u0259sir d\u00fc\u015f\u0259n q\u0131z-g\u0259linl\u0259rin, g\u00fcll\u0259l\u0259n\u0259n, diri-diri yand\u0131r\u0131lan, d\u0259risi soyulan, insanl\u0131\u011fa s\u0131\u011fmayan i\u015fg\u0259nc\u0259l\u0259r\u0259 m\u0259ruz qalan, milli m\u0259nsubiyy\u0259tin\u0259 g\u00f6r\u0259 \u00f6ld\u00fcr\u00fcl\u0259n insanlar\u0131n f\u0259ryad\u0131 g\u0259ldi.<br \/>\nHa\u015fiy\u0259: Orta m\u0259kt\u0259bd\u0259 oxuyanda m\u00fcharib\u0259nin n\u0259 oldu\u011funu B\u00f6y\u00fck V\u0259t\u0259n M\u00fcharib\u0259si i\u015ftirak\u00e7\u0131lar\u0131n\u0131n xatir\u0259l\u0259rind\u0259n, oxudu\u011fumuz kitablardan bilirdik. O zaman h\u0259l\u0259 m\u0259kt\u0259bd\u0259 oxuyurdum, \u201dAz\u0259rbaycan\u201d jurnal\u0131nda m\u00fcharib\u0259 il\u0259 ba\u011fl\u0131 bir yaz\u0131 d\u0259rc olunmu\u015fdu. Yaz\u0131da alman fa\u015fisti t\u0259r\u0259find\u0259n zorlanm\u0131\u015f bir qad\u0131n\u0131n b\u0259tnind\u0259 g\u0259zdirdiyi d\u00fc\u015fm\u0259nd\u0259n olan u\u015faqla ba\u011fl\u0131 hissl\u0259ri, anal\u0131q v\u0259 d\u00fc\u015fm\u0259n\u0259 nifr\u0259t hissl\u0259rinin m\u00fcbariz\u0259si verilmi\u015fdir. Onun d\u00fcnyaya g\u0259tir\u0259c\u0259yi ilk \u00f6vlad\u0131 d\u00fc\u015fm\u0259nd\u0259n olacaqd\u0131. Bu yaz\u0131 m\u0259ni \u00e7ox sars\u0131tm\u0131\u015fd\u0131.<br \/>\nN\u0259 bil\u0259rdim ki, ill\u0259r sonra bu faci\u0259 bizim az\u0259rbaycanl\u0131 q\u0131zlar\u0131n\u0131n ba\u015f\u0131na g\u0259l\u0259c\u0259k, onlar bu fac\u0259ni ya\u015famamaq \u00fc\u00e7\u00fcn \u00f6zl\u0259rini qayadan atacaq, sa\u00e7lar\u0131 il\u0259 \u00f6zl\u0259rini asacaq, olmaz\u0131n i\u015fg\u0259nc\u0259l\u0259rini g\u00f6r\u0259c\u0259kl\u0259r&#8230;<br \/>\nH\u0259l\u0259 torpaqlar\u0131m\u0131z i\u015f\u011faldan azad olunmadan xeyli \u00f6nc\u0259 bir m\u0259qal\u0259 yazm\u0131\u015fd\u0131m, orada bel\u0259 bir fikir i\u015fl\u0259tmi\u015fdim: \u201cXocal\u0131 faci\u0259si az\u0259rbaycanl\u0131 ki\u015fil\u0259rinin namusunda bir qara l\u0259k\u0259dir. Xocal\u0131lar\u0131n qisas\u0131 al\u0131nmay\u0131nca, torpaqlar azad olunmay\u0131nca bu qara l\u0259k\u0259 t\u0259mizl\u0259nm\u0259y\u0259c\u0259k.\u201d O vaxt bu fikir bir az a\u011f\u0131r s\u0259sl\u0259ndiyi \u00fc\u00e7\u00fcn redaktorumuz bu fikri bir az redakt\u0259 etmi\u015fdi.<br \/>\nBu g\u00fcn is\u0259 deyir\u0259m: \u00c7ox \u015f\u00fck\u00fcr ki, qisas qiyam\u0259t\u0259 qalmad\u0131. Ata v\u0259siyy\u0259tini yerin\u0259 yetir\u0259n Prezidentimizin komandanl\u0131\u011f\u0131 il\u0259 d\u00fc\u015fm\u0259n \u00fcz\u0259rind\u0259 q\u0259l\u0259b\u0259 qazand\u0131q. Bu g\u00fcn h\u0259r bir az\u0259rbaycanl\u0131 bu q\u0259l\u0259b\u0259 sevincini doya-doya ya\u015fay\u0131r.<br \/>\n<strong>\u00a0 \u00a0 \u00a0 \u00a0 \u00a0 \u00a0 \u00a0 \u00a0 \u00a0 \u00a0 \u00a0 \u00a0 \u00a0 \u00a0 \u00a0 \u00a0 \u00a0 \u00a0 \u00a0 \u00a0 \u00a0 \u00a0 \u00a0 \u00a0 \u00a0 \u00a0 \u00a0 \u00a0 \u00a0 \u00a0 \u00a0 \u00a0 \u00a0 \u00a0 \u00a0 \u00a0 \u00a0 \u00a0 \u00a0 \u00a0 \u00a0M\u0259d\u0259niyy\u0259t paytaxt\u0131m\u0131z\u2014\u015eu\u015fa<\/strong><br \/>\nM\u0259nim h\u0259r iki n\u0259n\u0259m \u015fu\u015fal\u0131d\u0131r. Amma n\u0259 yaz\u0131q ki, m\u0259n \u015eu\u015fan\u0131 g\u00f6rm\u0259mi\u015fdim. N\u0259n\u0259mgil 20 \u2013ci \u0259srin \u0259vv\u0259ll\u0259rind\u0259 erm\u0259ni-m\u00fcs\u0259lman davas\u0131nda Su\u015fadan g\u0259lib T\u0259rt\u0259rd\u0259 m\u0259skunla\u015f\u0131blar. N\u0259n\u0259min day\u0131lar\u0131 is\u0259 \u015eu\u015fan\u0131n adl\u0131-sanl\u0131 b\u0259yl\u0259rind\u0259n olub. Sar\u0131 b\u0259y, Qubad b\u0259y v\u0259 H\u00fcseyn b\u0259y. Onlar sovet h\u00f6kum\u0259ti qurulana q\u0259d\u0259r Qalada ya\u015fay\u0131blar, sonra is\u0259 qa\u00e7aq d\u00fc\u015f\u00fcbl\u0259r. N\u0259 is\u0259&#8230; Bu ba\u015fqa bir m\u00f6vzudur.<br \/>\nN\u0259n\u0259mgilin \u015eu\u015fada olan evi uzun m\u00fcdd\u0259t ba\u011fl\u0131 qald\u0131\u011f\u0131 \u00fc\u00e7\u00fcn o vaxt u\u015faq bag\u00e7as\u0131na veribl\u0259r. Bununla ba\u011fl\u0131 atam sonralar maraqlananda demi\u015fdil\u0259r. Bunlar\u0131 yazmaqda m\u0259qs\u0259dim odur ki, m\u0259n \u015eu\u015fan\u0131 g\u00f6rm\u0259s\u0259m d\u0259, orada ya\u015famasam da, bu \u015f\u0259h\u0259ri \u015fu\u015fa-l\u0131lar q\u0259d\u0259r sevir\u0259m v\u0259 m\u0259n\u0259 \u0259zizdir. N\u0259n\u0259m biz\u0259 \u0130sa bula\u011f\u0131, C\u0131d\u0131r d\u00fcz\u00fc, Molla P\u0259nah Vaqif, oran\u0131n xan\u0259nd\u0259-l\u0259ri, erm\u0259nil\u0259rin x\u0259yan\u0259ti haqq\u0131nda o q\u0259d\u0259r xatir\u0259l\u0259r dan\u0131\u015fard\u0131 ki&#8230;<br \/>\nBu da \u015eu\u015fa \u015f\u0259h\u0259ri, Q\u0259dim Qala&#8230; Ne\u00e7\u0259-ne\u00e7\u0259 korifey s\u0259n\u0259tkar\u0131n \u00e7\u0131xd\u0131\u011f\u0131 m\u0259kan, P\u0259nah\u0259li xan\u0131n V\u0259t\u0259ni, Az\u0259rbaycan\u0131m\u0131z\u0131n musiqi be\u015fiyi&#8230; Xar\u0131 b\u00fclb\u00fcl\u00fcn bitdiyi torpaq.<br \/>\n\u018fvv\u0259lc\u0259 G\u00f6vh\u0259ra\u011fa m\u0259scidini, Vaqifin m\u0259qb\u0259r\u0259sini ziyar\u0259t edirik, Xan q\u0131z\u0131 Nat\u0259van\u0131 yada sal\u0131r\u0131q, B\u00fclb\u00fcl\u00fcn ev muzeyind\u0259n, Xan \u015eu\u015finskid\u0259n, Se-yid \u015eu\u015finskid\u0259n dan\u0131\u015f\u0131r\u0131q.Tarixi abid\u0259l\u0259rin b\u0259rpas\u0131 istiqam\u0259tind\u0259 apar\u0131lan i\u015fl\u0259ri alq\u0131\u015flay\u0131r\u0131q.<br \/>\nSonra \u00fcz tuturuq C\u0131d\u0131r d\u00fcz\u00fcn\u0259. \u0130lahi, bu n\u0259 g\u00f6z\u0259llik, bu n\u0259 \u0259srar\u0259ngizlik. Bu yerl\u0259ri qayalara d\u0131rmana-raq, \u0259lb\u0259yaxa d\u00f6y\u00fc\u015fl\u0259r\u0259 \u00e7\u0131xaraq, qan t\u00f6k\u0259r\u0259k alan \u015eu\u015fa fatehl\u0259rin\u0259 e\u015fq olsun!<br \/>\nSonra \u0130sa bula\u011f\u0131na g\u0259lirik. Yen\u0259 n\u0259n\u0259m yad\u0131ma d\u00fc\u015f\u00fcr: X\u0259st\u0259l\u0259n\u0259nd\u0259 h\u0259mi\u015f\u0259 \u201cN\u0259n\u0259, \u00fcr\u0259yin n\u0259 ist\u0259yir ?\u201d \u2013 dey\u0259nd\u0259, \u201cbir st\u0259kan \u0130sa bula\u011f\u0131n\u0131n suyundan i\u00e7s\u0259m, tez sa\u011falaram,\u201d \u2013 dey\u0259rdi. \u0130ndi bu bulaqdan n\u0259n\u0259min m\u0259zar\u0131na t\u00f6km\u0259k \u00fc\u00e7\u00fcn su g\u00f6t\u00fcr\u00fcr\u0259m. Art\u0131q gec d\u0259 olsa, bu m\u0259nim \u00f6z\u00fcm\u0259 bir t\u0259skinlikdir.<br \/>\n<strong>\u00a0 \u00a0 \u00a0 \u00a0 \u00a0 \u00a0 \u00a0 \u00a0 \u00a0 \u00a0 \u00a0 \u00a0 \u00a0 \u00a0 \u00a0 \u00a0 \u00a0 \u00a0 \u00a0 \u00a0 \u00a0 \u00a0 \u00a0 \u00a0 \u00a0 \u00a0 \u00a0 \u00a0 \u00a0 \u00a0 \u00a0 \u00a0 \u00a0 \u00a0 \u00a0 \u00a0 \u00a0 \u00a0 \u00a0 \u00a0 \u00a0 \u00a0 \u00a0 \u00a0 \u00a0 \u00a0 \u00a0 \u00a0 \u00a0 \u00a0 \u00a0Xank\u0259ndi \u015f\u0259h\u0259ri<\/strong><\/p>\n<p>\u015e\u0259h\u0259rin ad\u0131 onun tarixind\u0259n x\u0259b\u0259r verir. Qonaq bilib yuxar\u0131 ba\u015fa ke\u00e7irdiyimiz \u00fczd\u0259niraq qon\u015fular\u0131m\u0131z\u0131 g\u00f6r\u00fcn harada ya\u015fatm\u0131\u015f\u0131q. Az\u0259rbaycan Xan\u0131n\u0131n sald\u0131\u011f\u0131 m\u0259kanda, layiq olmad\u0131qlar\u0131 yerl\u0259rd\u0259. Onlar da bu g\u00f6z\u0259l havan\u0131 udub, suyu i\u00e7ib, nem\u0259tl\u0259ri yeyib har\u0131nlay\u0131b, biz\u0259 yersiz torpaq iddialar\u0131 qald\u0131r\u0131blar, torpaqlar\u0131m\u0131z\u0131 i\u015f\u011fal edib, yersiz g\u0259ldi, yerli qa\u00e7, deyibl\u0259r. Gec d\u0259 olsa s\u0259hvimizi d\u00fcz\u0259ltdik, onlara da, onlar\u0131n himay\u0259darlar\u0131na, d\u00fc\u015fm\u0259n d\u0259yirman\u0131na su t\u00f6k\u0259nl\u0259r\u0259 d\u0259 yerl\u0259rini tan\u0131td\u0131q.<br \/>\nM\u0259rk\u0259zi park\u0131 g\u0259zdik. M\u0259n pianoda ifa ed\u0259 bilm\u0259s\u0259m d\u0259, \u0259n az\u0131ndan \u201cAz\u0259rbaycan\u201d mahn\u0131s\u0131n\u0131 \u00e7ala bildi-yim \u00fc\u00e7\u00fcn \u0259yl\u0259\u015fdim v\u0259 n\u0259d\u0259ns\u0259 bunu \u00f6z\u00fcm\u0259 borc bildim. Bu mahn\u0131n\u0131 m\u0259n\u0259 u\u015faq vaxt\u0131 \u00e7alma\u011f\u0131 \u00f6yr\u0259d\u0259n xalama r\u0259hm\u0259t oxudum.<br \/>\nSonra \u015f\u0259h\u0259rin g\u00f6rm\u0259li yerl\u0259ri il\u0259 tan\u0131\u015f olaraq, Qaraba\u011f Universitetin\u0259 d\u0259 ba\u015f \u00e7\u0259kdik. Burada t\u0259mir i\u015fl\u0259ri gedirdi.<br \/>\nXan\u0131n m\u0259kan\u0131 il\u0259 vidala\u015f\u0131b \u00fcz tutduq La\u00e7\u0131na.<br \/>\n<strong>\u00a0 \u00a0 \u00a0 \u00a0 \u00a0 \u00a0 \u00a0 \u00a0 \u00a0 \u00a0 \u00a0 \u00a0 \u00a0 \u00a0 \u00a0 \u00a0 \u00a0 \u00a0 \u00a0 \u00a0 \u00a0 \u00a0 \u00a0 \u00a0 \u00a0 \u00a0 \u00a0 \u00a0 \u00a0 \u00a0 \u00a0 \u00a0 \u00a0 \u00a0 \u00a0 \u00a0 \u00a0 \u00a0 \u00a0 \u00a0 \u00a0 \u00a0 \u00a0 \u00a0 \u00a0La\u00e7\u0131n\u0131m, La\u00e7\u0131n\u0131m, La\u00e7\u0131n\u0131m m\u0259nim<\/strong><br \/>\nRuhun \u015fad olsun, M\u0259h\u0259bb\u0259t Kaz\u0131mov. Ka\u015f bu yerl\u0259rin azad olunmas\u0131n\u0131 g\u00f6r\u0259ydin, o yan\u0131ql\u0131 s\u0259sinl\u0259 La\u00e7\u0131nda z\u0259ngul\u0259 vurayd\u0131n, Tur\u015f suyu dadayd\u0131n, H\u0259k\u0259ri \u00e7ay\u0131n\u0131n co\u015fub, axmas\u0131na baxayd\u0131n.<br \/>\nLa\u00e7\u0131n\u0131 da sevdim. Ulu \u00d6nd\u0259rin bir-bir rayonlar\u0131m\u0131z\u0131n, \u015f\u0259h\u0259rl\u0259rimizin ad\u0131n\u0131 \u00e7\u0259k\u0259r\u0259k i\u015f\u011fal alt\u0131nda olan \u0259razil\u0259rimiz\u0259 qay\u0131da\u00e7a\u011f\u0131m\u0131z\u0131 dem\u0259yini xat\u0131rlad\u0131m. M\u00f6ht\u0259r\u0259m c\u0259nab prezidentimiz haqq\u0131nda ;\u201d M\u0259n ona \u00f6z\u00fcm kimi inan\u0131ram\u201d, \u2013 dem\u0259si yad\u0131ma d\u00fc\u015fd\u00fc.<br \/>\nG\u00fcn bu g\u00fcnd\u00fcr. Biz d\u0259 Az\u0259rbay-can\u0131n milli-m\u0259n\u0259vi d\u0259y\u0259rl\u0259rin\u0259 ehtiramla yana\u015fan, ata v\u0259siyy\u0259tini yerin\u0259 yetir\u0259n Prezidentimiz\u0259 q\u0259lb\u0259n inan\u0131r\u0131q.<br \/>\nP.S. Geriy\u0259 d\u00f6n\u0259nd\u0259 yolboyu qula\u011f\u0131mda Akif \u0130slamzad\u0259nin ifa etdiyi \u201cBura V\u0259t\u0259ndir\u201d mahn\u0131s\u0131 s\u0259sl\u0259nirdi.<br \/>\nB\u0259li, bura V\u0259t\u0259ndir, s\u0259sim \u00e7atand\u0131r, \u00fcn\u00fcm yet\u0259ndir.<br \/>\nAllah b\u00fct\u00fcn \u015f\u0259hidl\u0259rimiz\u0259 r\u0259hm\u0259t el\u0259sin, qazil\u0259rimiz\u0259 cansa\u011fl\u0131\u011f\u0131 versin.<br \/>\nSiz\u0259 minn\u0259tdar\u0131q, Ali Ba\u015f Komandan, do\u011fma yerl\u0259r\u0259 qay\u0131d\u0131\u015f\u0131m\u0131z \u00fc\u00e7\u00fcn.<\/p>\n<p style=\"text-align: right;\"><em><strong>Svetlana \u018fzizova,<\/strong><\/em><br \/>\n<em><strong>T\u0259rt\u0259r-A\u011fdam-\u018fsg\u0259ran-Xocal\u0131-\u015eu\u015fa- La\u00e7\u0131n<\/strong><\/em><\/p>\n","protected":false},"excerpt":{"rendered":"<p>M\u0259kt\u0259b vaxt\u0131 in\u015fa yazard\u0131q: Haradan ba\u015flan\u0131r V\u0259t\u0259n? H\u0259r k\u0259s s\u0259rb\u0259st m\u00f6vzuda yazd\u0131\u011f\u0131 in\u015fas\u0131na bir c\u00fcr ba\u015flard\u0131: Kimi ana quca\u011f\u0131ndan dey\u0259rdi, kimi ata oca\u011f\u0131ndan, kimi do\u011fuldu\u011fu \u015f\u0259h\u0259rd\u0259n, k\u0259ndd\u0259n. Onda h\u0259l\u0259 torpaqlar\u0131m\u0131z i\u015f\u011fal olunmam\u0131\u015f, o\u011fullar\u0131m\u0131z Qaraba\u011f torpaqlar\u0131 u\u011frunda \u015f\u0259hid olmam\u0131\u015fd\u0131. \u0130ndi m\u0259kt\u0259bli olsam, V\u0259t\u0259n m\u0259nim\u00e7\u00fcn \u015f\u0259hid qan\u0131 il\u0259 suvar\u0131lm\u0131\u015f Qaraba\u011f torpaqlar\u0131ndan ba\u015flay\u0131r, dey\u0259r\u0259m. O torpaqlardan ki, 44 [&hellip;]<\/p>\n","protected":false},"author":2,"featured_media":0,"comment_status":"closed","ping_status":"closed","sticky":false,"template":"","format":"standard","meta":[],"categories":[10],"tags":[],"_links":{"self":[{"href":"https:\/\/yeniterter.az\/index.php?rest_route=\/wp\/v2\/posts\/28055"}],"collection":[{"href":"https:\/\/yeniterter.az\/index.php?rest_route=\/wp\/v2\/posts"}],"about":[{"href":"https:\/\/yeniterter.az\/index.php?rest_route=\/wp\/v2\/types\/post"}],"author":[{"embeddable":true,"href":"https:\/\/yeniterter.az\/index.php?rest_route=\/wp\/v2\/users\/2"}],"replies":[{"embeddable":true,"href":"https:\/\/yeniterter.az\/index.php?rest_route=%2Fwp%2Fv2%2Fcomments&post=28055"}],"version-history":[{"count":1,"href":"https:\/\/yeniterter.az\/index.php?rest_route=\/wp\/v2\/posts\/28055\/revisions"}],"predecessor-version":[{"id":28063,"href":"https:\/\/yeniterter.az\/index.php?rest_route=\/wp\/v2\/posts\/28055\/revisions\/28063"}],"wp:attachment":[{"href":"https:\/\/yeniterter.az\/index.php?rest_route=%2Fwp%2Fv2%2Fmedia&parent=28055"}],"wp:term":[{"taxonomy":"category","embeddable":true,"href":"https:\/\/yeniterter.az\/index.php?rest_route=%2Fwp%2Fv2%2Fcategories&post=28055"},{"taxonomy":"post_tag","embeddable":true,"href":"https:\/\/yeniterter.az\/index.php?rest_route=%2Fwp%2Fv2%2Ftags&post=28055"}],"curies":[{"name":"wp","href":"https:\/\/api.w.org\/{rel}","templated":true}]}}