{"id":27853,"date":"2024-07-23T15:40:29","date_gmt":"2024-07-23T12:40:29","guid":{"rendered":"https:\/\/yeniterter.az\/?p=27853"},"modified":"2024-07-23T15:40:29","modified_gmt":"2024-07-23T12:40:29","slug":"gucumuz-bir-olanda-d%c9%99mir-yumrugumuz-da-agir-olur","status":"publish","type":"post","link":"https:\/\/yeniterter.az\/?p=27853","title":{"rendered":"G\u00fcc\u00fcm\u00fcz bir olanda, d\u0259mir yumru\u011fumuz da a\u011f\u0131r olur"},"content":{"rendered":"<p><img decoding=\"async\" loading=\"lazy\" class=\" wp-image-27854 alignleft\" src=\"https:\/\/yeniterter.az\/wp-content\/uploads\/452634693_339583979206069_6644876524226281839_n-300x208.jpg\" alt=\"\" width=\"231\" height=\"160\" srcset=\"https:\/\/yeniterter.az\/wp-content\/uploads\/452634693_339583979206069_6644876524226281839_n-300x208.jpg 300w, https:\/\/yeniterter.az\/wp-content\/uploads\/452634693_339583979206069_6644876524226281839_n.jpg 596w\" sizes=\"(max-width: 231px) 100vw, 231px\" \/><img decoding=\"async\" loading=\"lazy\" class=\"wp-image-27855 alignright\" src=\"https:\/\/yeniterter.az\/wp-content\/uploads\/452170357_339583962539404_1359993367448527318_n-300x205.jpg\" alt=\"\" width=\"236\" height=\"161\" srcset=\"https:\/\/yeniterter.az\/wp-content\/uploads\/452170357_339583962539404_1359993367448527318_n-300x205.jpg 300w, https:\/\/yeniterter.az\/wp-content\/uploads\/452170357_339583962539404_1359993367448527318_n.jpg 590w\" sizes=\"(max-width: 236px) 100vw, 236px\" \/>Prezident \u0130lham \u018fliyev cari ilin 20 iyul tarixind\u0259 \u201cYalan m\u0259lumatlar\u0131n if\u015fas\u0131: Dezinformasiyaya qar\u015f\u0131 m\u00fcbariz\u0259\u201d m\u00f6vzusunda 2-ci \u015eu\u015fa Qlobal Media Forumunun a\u00e7\u0131l\u0131\u015f m\u0259rasimind\u0259 i\u015ftirak edib. D\u00f6vl\u0259t ba\u015f\u00e7\u0131s\u0131 m\u0259rasimd\u0259 \u00e7\u0131x\u0131\u015f edib. O bildirib ki, C\u0259nubi Qafqaz regionunda tarixi transformasiya prosesl\u0259ri ba\u015f verir. \u018fn\u0259n\u0259vi ittifaqlar bir q\u0259d\u0259r z\u0259ifl\u0259yib v\u0259 yeni \u0259m\u0259kda\u015fl\u0131q formatlar\u0131 meydana g\u0259lib.<\/p>\n<p>Regionun xalqlar\u0131 \u00f6zl\u0259rini t\u0259hl\u00fck\u0259siz hiss edir. M\u00fcnaqi\u015f\u0259l\u0259r v\u0259 qar\u015f\u0131durmalar ke\u00e7mi\u015fd\u0259 qal\u0131b.<\/p>\n<p>Prezident \u0130lham \u018fliyev deyib ki, Qaraba\u011f v\u0259 \u015e\u0259rqi Z\u0259ng\u0259zurda apar\u0131lan b\u0259rpa i\u015fl\u0259ri il\u0259 ba\u011fl\u0131 biz \u00e7ox nikbinik. Az\u0259rbaycan c\u0259miyy\u0259ti olduqca nikbindir v\u0259 bu i\u015fl\u0259r\u0259 \u00e7ox h\u0259v\u0259sl\u0259 yana\u015f\u0131r.<\/p>\n<p>B\u0259z\u0259n Az\u0259rbaycan haqq\u0131nda beyn\u0259lxalq mediada yay\u0131lan m\u0259lumatlar h\u0259qiq\u0259t\u0259 uy\u011fun olmur. Biz uzun ill\u0259r \u0259rzind\u0259 bunun qurban\u0131 olmu\u015fuq, onlardan biri Erm\u0259nistan v\u0259 Az\u0259rbaycan aras\u0131ndak\u0131 m\u00fcnaqi\u015f\u0259 idi v\u0259 b\u00fct\u00fcn erm\u0259ni diasporunun s\u0259f\u0259rb\u0259r olmas\u0131 idi. Erm\u0259nip\u0259r\u0259st siyas\u0259t\u00e7il\u0259r, media n\u00fcmay\u0259nd\u0259l\u0259ri Az\u0259rbaycana qar\u015f\u0131 h\u00fccum edirdil\u0259r, Az\u0259rbaycan haqq\u0131nda yanl\u0131\u015f narrativl\u0259r yay\u0131rd\u0131lar v\u0259 Az\u0259rbaycan\u0131 reall\u0131qdan \u00e7ox uzaq olan bir \u015f\u0259kild\u0259 t\u0259qdim edirdil\u0259r.<\/p>\n<p>Az\u0259rbaycan torpaqlar\u0131n\u0131n i\u015f\u011fal\u0131 30 il davam edib. Ancaq bizi d\u00fcnyada t\u0259cav\u00fczkar kimi t\u0259qdim edirdil\u0259r v\u0259 median\u0131n bu m\u0259s\u0259l\u0259ni i\u015f\u0131qland\u0131rmas\u0131, siyasi motivl\u0259r\u0259 s\u00f6yk\u0259n\u0259n mesajlar v\u0259 q\u0259rarlar n\u0259tic\u0259sind\u0259 biz beyn\u0259lxalq sanksiyalara m\u0259ruz qald\u0131q.<!--more--><\/p>\n<p>AB\u015e 1992-ci ild\u0259 Az\u0259rbaycana qar\u015f\u0131 sanksiyalar t\u0259tbiq edibdir. Konqresin erm\u0259nip\u0259r\u0259st n\u00fcmay\u0259nd\u0259l\u0259rinin s\u0259yl\u0259ri n\u0259tic\u0259sind\u0259 biz\u0259 qar\u015f\u0131 sanksiyalar t\u0259tbiq edildi. Absurd bir v\u0259ziyy\u0259tdir ki, humanitar b\u00f6hrana m\u0259ruz qalan, bir milyon qa\u00e7q\u0131n\u0131 olan, i\u015f\u011fal edilmi\u015f \u0259razil\u0259ri tamamil\u0259 da\u011f\u0131d\u0131lan bir \u00f6lk\u0259 sanksiyalara m\u0259ruz qalm\u0131\u015fd\u0131r.<\/p>\n<p>Prezident Tramp \u201cVa\u015finqton Post\u201du v\u0259 \u201cNyu-York Tayms\u201d\u0131 feyknyus, y\u0259ni yalan x\u0259b\u0259r m\u0259nb\u0259yi adland\u0131r\u0131b. Bu g\u00fcn AB\u015e Prezidenti m\u0259hz media t\u0259r\u0259find\u0259n h\u00fccumlar\u0131n qurban\u0131d\u0131r, ictimai r\u0259yin manipulyasiyas\u0131n\u0131n qurban\u0131d\u0131r.<\/p>\n<p>Bir \u00e7ox xalqlar\u0131n v\u0259 \u00f6lk\u0259l\u0259rin taleyi b\u00f6y\u00fck d\u0259r\u0259c\u0259d\u0259 Birl\u0259\u015fmi\u015f \u015etatlar\u0131n birinci \u015f\u0259xsinin ver\u0259c\u0259yi q\u0259rarlardan as\u0131l\u0131 olur. Prezident Tramp\u0131n h\u0259l\u0259 d\u0259 davam ed\u0259n kampaniya zaman\u0131 s\u0259sl\u0259ndirdiyi m\u00fch\u00fcm tezisl\u0259rd\u0259n biri d\u0259 odur ki, onun vaxt\u0131nda he\u00e7 bir m\u00fcharib\u0259 olmayacaq. Onun hakimiyy\u0259ti d\u00f6vr\u00fcnd\u0259 Amerika m\u00fcharib\u0259l\u0259r\u0259 ba\u015flamad\u0131, Vyetnam, Koreya, Yuqoslaviya, \u018ffqan\u0131stan, Liviya, \u0130raq, Suriya v\u0259 nec\u0259 dey\u0259rl\u0259r, onlar\u0131n davam\u0131 olmad\u0131.<\/p>\n<p>Diqq\u0259t\u0259 \u00e7atd\u0131r\u0131l\u0131b ki, son vaxtlar Zirv\u0259 g\u00f6r\u00fc\u015fl\u0259rinin intensivliyi art\u0131b v\u0259 buna b\u00f6y\u00fck ehtiyac var. Bu g\u00fcn Rusiya y\u00fckg\u00f6nd\u0259r\u0259nl\u0259ri \u00fc\u00e7\u00fcn h\u0259mi\u015f\u0259kind\u0259n daha vacib olan \u015eimal-C\u0259nub N\u0259qliyyat D\u0259hlizidir. Biz bu d\u0259hlizin burax\u0131l\u0131\u015f imkanlar\u0131n\u0131n geni\u015fl\u0259ndirilm\u0259si bar\u0259d\u0259 dan\u0131\u015f\u0131qlar apar\u0131r\u0131q.<\/p>\n<p>Biz ist\u0259rdik ki, Az\u0259rbaycanda v\u0259 regionda ba\u015f ver\u0259n hadis\u0259l\u0259r obyektiv \u015f\u0259kild\u0259 i\u015f\u0131qland\u0131r\u0131ls\u0131n. Vaxt ke\u00e7dikc\u0259 siyasi dair\u0259l\u0259rd\u0259 &#8211; Q\u0259rbd\u0259 reall\u0131q daha \u00e7ox \u00fcz\u0259 \u00e7\u0131x\u0131r v\u0259 Az\u0259rbaycana b\u0259rab\u0259r t\u0259r\u0259fda\u015f kimi yana\u015f\u0131l\u0131r.<\/p>\n<p>Sovet \u0130ttifaq\u0131n\u0131n s\u00fcqutundan sonra Q\u0259rbd\u0259 v\u0259 ke\u00e7mi\u015f sovet respublikalar\u0131n\u0131n \u00e7oxunda bel\u0259 bir fikir var idi ki, ir\u0259li getm\u0259yin v\u0259 m\u00f6vcudlu\u011funu t\u0259min etm\u0259yin yegan\u0259 yolu b\u00f6y\u00fck \u00f6lk\u0259l\u0259rin dikt\u0259si alt\u0131nda ya\u015famaqd\u0131r. Biz f\u0259rqli yol se\u00e7dik. Bu, asan deyildi. Bizim \u00f6lk\u0259d\u0259 sabitliyi pozmaq s\u0259yl\u0259ri oldu. 2000-ci ill\u0259rin \u0259vv\u0259ll\u0259rind\u0259 nar\u0131nc\u0131 inqilablar, r\u0259ngli inqilablar c\u0259hdl\u0259ri olurdu. Eyni zamanda, bizim se\u00e7imimiz Az\u0259rbaycan\u0131n satellit \u00f6lk\u0259y\u0259, \u201cproksi\u201d \u00f6lk\u0259y\u0259, vassal, qul \u00f6lk\u0259y\u0259 \u00e7evrilm\u0259sinin qar\u015f\u0131s\u0131n\u0131 ald\u0131 v\u0259 bu da \u0259lb\u0259tt\u0259 ki, bizim xalq\u0131m\u0131z\u0131n \u00e7ox d\u0259h\u015f\u0259tli d\u0259r\u0259c\u0259d\u0259 \u0259ziyy\u0259t \u00e7\u0259km\u0259sin\u0259 imkan verm\u0259di. Biz de-fakto v\u0259 de-yure m\u00fcst\u0259qilliyi se\u00e7dik. M\u00fcst\u0259qil xarici siyas\u0259t, \u00f6z\u00fcn\u00fc t\u0259min ed\u0259n iqtisadiyyat, t\u0259r\u0259fda\u015flar\u0131m\u0131zla, &#8211; o \u00f6lk\u0259l\u0259rl\u0259 ki, onlar biziml\u0259 \u0259m\u0259kda\u015fl\u0131\u011fa can at\u0131rd\u0131, &#8211; s\u0259m\u0259r\u0259li \u0259m\u0259kda\u015fl\u0131q.<\/p>\n<p>Prezident bildirib ki, s\u00f6zs\u00fcz ki, biz he\u00e7 bir zaman n\u0259 i\u015f\u011fal\u0131, n\u0259 f\u0259sadlar\u0131, n\u0259 verdiyimiz qurbanlar\u0131, n\u0259 b\u00f6y\u00fck Q\u0259l\u0259b\u0259mizi unutmayaca\u011f\u0131q. Biz v\u0259 bizim g\u0259l\u0259c\u0259k n\u0259sill\u0259rimiz bu Q\u0259l\u0259b\u0259 il\u0259 f\u0259xr ed\u0259c\u0259k. Lakin biz buna fokuslanmamal\u0131y\u0131q, biz bu m\u00f6vzunu daimi istismar etm\u0259m\u0259liyik v\u0259 onu daimi bir r\u0259mz\u0259 \u00e7evirm\u0259m\u0259liyik, biz ir\u0259li getm\u0259liyik.<\/p>\n<p>Yeni milli ideyan\u0131n, yaxud da ideyalar\u0131n nec\u0259 olmas\u0131ndan as\u0131l\u0131 olmayaraq, onlar geosiyasi konteksti n\u0259z\u0259r\u0259 almadan m\u00f6vcud ola bilm\u0259z. B\u00f6lg\u0259d\u0259 geosiyasi kontekst dramatik \u015f\u0259kild\u0259 d\u0259yi\u015fmi\u015fdir. H\u0259tta kimins\u0259 t\u0259s\u0259vv\u00fcr etdiyind\u0259n daha k\u0259skin d\u0259yi\u015fmi\u015fdir. Haz\u0131rda Az\u0259rbaycan\u0131n Qaraba\u011fda Q\u0259l\u0259b\u0259si yegan\u0259 geosiyasi d\u0259yi\u015fiklik deyil.<\/p>\n<p>C\u0259nubi Qafqaz \u00f6lk\u0259l\u0259ri &#8211; hans\u0131lar ki, m\u00fcharib\u0259 v\u0259ziyy\u0259tin\u0259 d\u00fc\u015fm\u00fc\u015fd\u00fc, Baltikyan\u0131 \u00f6lk\u0259l\u0259rin yolunu t\u0259krarlaya bilm\u0259yibl\u0259r. H\u0259min \u00f6lk\u0259l\u0259r a\u00e7\u0131q \u015f\u0259kild\u0259 m\u00fcnaqi\u015f\u0259l\u0259rd\u0259 olmay\u0131b. \u018fg\u0259r b\u00f6lg\u0259mizd\u0259 d\u0259 bel\u0259 olsayd\u0131, C\u0259nubi Qafqaz iqtisadi inki\u015faf v\u0259 siyasi \u0259m\u0259kda\u015fl\u0131q bax\u0131m\u0131ndan n\u00fcmun\u0259 ola bil\u0259rdi. \u00c7\u00fcnki \u0259srl\u0259r boyu bizim \u00f6lk\u0259l\u0259rd\u0259 xalqlar b\u0259rab\u0259r ya\u015fam\u0131\u015flar.<\/p>\n<p>Bu, bizim g\u00fcnah\u0131m\u0131z deyil ki, biz neft v\u0259 qazla z\u0259nginik. Bizim f\u0259aliyy\u0259timiz onun \u0259sas\u0131nda qiym\u0259tl\u0259ndirilm\u0259m\u0259lidir. Biz iqtisadiyyat\u0131m\u0131z\u0131 nec\u0259 \u015fax\u0259l\u0259ndirmi\u015fik, i\u015fsizliyin \u00f6hd\u0259sind\u0259n nec\u0259 g\u0259lmi\u015fik, yoxsullu\u011fu nec\u0259 azaltm\u0131\u015f\u0131q, m\u00f6vzular bunlar olmal\u0131d\u0131r. Bu g\u00fcn bu g\u00f6st\u0259ricil\u0259r inki\u015faf ed\u0259n \u00f6lk\u0259l\u0259rin s\u0259viyy\u0259sind\u0259dir, b\u0259z\u0259n ondan daha a\u015fa\u011f\u0131, daha azd\u0131r, yoxsulluq be\u015f faiz s\u0259viyy\u0259sind\u0259dir v\u0259 b\u0259zi \u00f6lk\u0259l\u0259r bunu he\u00e7 yuxusunda g\u00f6r\u0259 bilm\u0259z.<\/p>\n<p>Qaz\u0131nt\u0131 yanacaq n\u00f6vl\u0259rind\u0259n \u0259ld\u0259 etdiyimiz g\u0259lirl\u0259rin \u0259dal\u0259tli paylan\u0131lmas\u0131 \u00e7ox \u015f\u0259ffaf \u015f\u0259kild\u0259, m\u0259suliyy\u0259tli \u015f\u0259kild\u0259 h\u0259yata ke\u00e7irilir.<\/p>\n<p>Az\u0259rbaycan b\u0259lk\u0259 yegan\u0259 \u00f6lk\u0259dir ki, bizim regionumuzda v\u0259 postsovet m\u0259kan\u0131nda Avropa \u0130ttifaq\u0131 d\u00f6vl\u0259tl\u0259ri il\u0259, Avropa \u0130ttifaq\u0131n\u0131n 10 \u00fczv\u00fc il\u0259 strateji t\u0259r\u0259fda\u015fl\u0131q haqq\u0131nda b\u0259yannam\u0259l\u0259r q\u0259bul edib v\u0259 imzalay\u0131b. Avropa \u0130ttifaq\u0131n\u0131n 10 \u00fczv\u00fc Az\u0259rbaycan\u0131n strateji t\u0259r\u0259fda\u015f\u0131d\u0131r. Biz \u0130slam \u018fm\u0259kda\u015fl\u0131q T\u0259\u015fkilat\u0131n\u0131n \u00fczv\u00fcy\u00fck. Biz \u201cOPEC Plus\u201d format\u0131n\u0131n \u00fczv\u00fcy\u00fck. Biz neft hasil ed\u0259n \u00f6lk\u0259l\u0259rl\u0259 f\u0259al \u015f\u0259kild\u0259 i\u015fl\u0259yirik. Biz m\u00fc\u0259yy\u0259n t\u0259klifl\u0259r ir\u0259li s\u00fcrm\u00fc\u015f\u00fck ki, neftl\u0259 z\u0259ngin \u00f6lk\u0259l\u0259r maliyy\u0259 m\u0259nb\u0259l\u0259rinin toplan\u0131lmas\u0131nda, s\u0259f\u0259rb\u0259r edilm\u0259sind\u0259 nec\u0259 daha vacib rol oynaya bil\u0259r.<\/p>\n<p>\u0130nki\u015faf ed\u0259n v\u0259 inki\u015faf etmi\u015f \u00f6lk\u0259l\u0259r aras\u0131nda \u00e7ox b\u00f6y\u00fck qeyri-s\u0259mimiyy\u0259t, qar\u015f\u0131l\u0131ql\u0131 ittiham var. Hans\u0131 \u00f6lk\u0259 planetimiz\u0259 daha \u00e7ox ziyan vurubdur, m\u0259suliyy\u0259tli \u00f6lk\u0259 kimdir v\u0259 onlar\u0131 bir n\u00f6v m\u0259suliyy\u0259t\u0259 c\u0259lb etm\u0259k v\u0259 c\u0259zaland\u0131rmaq c\u0259hdl\u0259ri var. Biz bunu gerid\u0259 qoymal\u0131y\u0131q. Bu, biz\u0259 he\u00e7 bir n\u0259tic\u0259 verm\u0259y\u0259c\u0259kdir.<\/p>\n<p>Qeyd olunub ki, Qo\u015fulmama H\u0259r\u0259kat\u0131n\u0131n bir \u00e7ox \u00fczv\u00fc ke\u00e7mi\u015fd\u0259 kolonializmin qurban\u0131 olmu\u015fdur. Milyonlarla insan bunun qurban\u0131 olmu\u015fdur v\u0259 b\u0259zi \u00f6lk\u0259l\u0259r h\u0259l\u0259 d\u0259 bundan \u0259ziyy\u0259t \u00e7\u0259kir. M\u0259s\u0259l\u0259n, Q\u0259m\u0259r adalar\u0131, Mayot adas\u0131. H\u0259l\u0259 d\u0259 onlar kolonial idar\u0259\u00e7ilik alt\u0131ndad\u0131r. Biz bu \u00f6lk\u0259l\u0259r\u0259 k\u00f6m\u0259k etm\u0259k ist\u0259yirik ki, ke\u00e7mi\u015fin bu iyr\u0259nc qal\u0131\u011f\u0131ndan \u00f6zl\u0259rini azad ed\u0259 bilsinl\u0259r.<\/p>\n<p>T\u0259\u0259ss\u00fcfl\u0259r olsun ki, Fransa h\u00f6kum\u0259ti yen\u0259 d\u0259 mediadan istifad\u0259 ed\u0259r\u0259k bizi ittiham edir ki, guya biz onlar\u0131n daxili i\u015fl\u0259rin\u0259 qar\u0131\u015f\u0131r\u0131q. Ancaq bu, q\u0259tiyy\u0259n bel\u0259 deyil. Biz bunu Avropa \u0130ttifaq\u0131nda, BMT-d\u0259 anti-Az\u0259rbaycan m\u00f6vqeyi il\u0259 \u0259laq\u0259l\u0259ndiririk. Onlar Az\u0259rbaycana qar\u015f\u0131 soyuq m\u00fcharib\u0259y\u0259 ba\u015flay\u0131blar.<\/p>\n<p>Az\u0259rbaycan kolonializmd\u0259n \u0259ziyy\u0259t \u00e7\u0259k\u0259n b\u00fct\u00fcn xalqlar\u0131 d\u0259st\u0259kl\u0259m\u0259y\u0259 davam ed\u0259c\u0259k. Bak\u0131 T\u0259\u015f\u0259bb\u00fcs Qrupunun f\u0259aliyy\u0259ti bu m\u0259nada m\u00fcst\u0259sna \u0259h\u0259miyy\u0259t\u0259 malikdir. Kolonializmd\u0259n \u0259ziyy\u0259t \u00e7\u0259k\u0259n xalqlar\u0131n s\u0259sini he\u00e7 k\u0259s e\u015fitmir.<\/p>\n<p>Az\u0259rbaycanl\u0131lar h\u0259l\u0259 XX \u0259srin \u0259vv\u0259ll\u0259rind\u0259 &#8211; 1918-ci ild\u0259 v\u0259 m\u00fcharib\u0259d\u0259n d\u0259rhal sonra, Q\u0259rb \u00f6lk\u0259l\u0259rind\u0259 ya\u015fayan erm\u0259nil\u0259rin Erm\u0259nistana k\u00f6\u00e7\u00fcr\u00fclm\u0259si v\u0259 onlar\u0131n yerl\u0259\u015fdirilm\u0259si kimi tam d\u00fc\u015f\u00fcn\u00fclm\u00fc\u015f bir b\u0259han\u0259 il\u0259 indiki Erm\u0259nistan \u0259razisind\u0259n deportasiyaya m\u0259ruz qal\u0131blar. O vaxt, 1940-1950-ci ill\u0259rd\u0259 sovet h\u00f6kum\u0259ti t\u0259r\u0259find\u0259n bir ne\u00e7\u0259 q\u0259rar q\u0259bul edildi v\u0259 y\u00fcz minl\u0259rl\u0259 insan Q\u0259rbi Az\u0259rbaycanda ya\u015fad\u0131qlar\u0131, m\u0259skunla\u015fd\u0131qlar\u0131 \u0259razil\u0259rd\u0259n s\u00fcrg\u00fcn olundu. Ya\u015fay\u0131\u015f \u00fc\u00e7\u00fcn yarars\u0131z, Z\u0259ng\u0259zur, G\u00f6y\u00e7\u0259 v\u0259 dig\u0259r yerl\u0259rd\u0259ki t\u0259bii-iqlim \u015f\u0259raitind\u0259n tamamil\u0259 f\u0259rqli olan K\u00fcr-Araz oval\u0131\u011f\u0131na deportasiya edildi. Onlar\u0131n \u00e7oxu, sad\u0259c\u0259, d\u00f6z\u0259 bilm\u0259yib v\u0259 v\u0259fat edib.<\/p>\n<p>Prosesl\u0259r 1980-ci ill\u0259rin sonlar\u0131nda ba\u015f ver\u0259n etnik t\u0259mizl\u0259m\u0259d\u0259n ba\u015flad\u0131. H\u0259qiq\u0259tl\u0259r Q\u0259rbin, o c\u00fcml\u0259d\u0259n Rusiyan\u0131n, 1990-c\u0131 ill\u0259rin Rusiyas\u0131n\u0131n media m\u0259kan\u0131nda dan\u0131\u015f\u0131lmay\u0131b. Onlar bu bar\u0259d\u0259 susublar. Qafan b\u00f6lg\u0259sind\u0259 v\u0259 ba\u015fqa rayonlarda az\u0259rbaycanl\u0131lar\u0131n Erm\u0259nistan \u0259razisind\u0259n v\u0259h\u015fic\u0259sin\u0259 deportasiyas\u0131 haqq\u0131nda tamamil\u0259 susark\u0259n, Erm\u0259nistan\u0131n yalan hekay\u0259sin\u0259 dair y\u00fcz faizli birt\u0259r\u0259fli meyil var idi. H\u0259r \u015fey d\u0259 buradan ba\u015flad\u0131. Bu, sonradan b\u00f6y\u00fck yan\u011f\u0131na \u00e7evril\u0259n q\u0131\u011f\u0131lc\u0131m idi. Bel\u0259likl\u0259, xalq\u0131m\u0131z deportasiyan\u0131n b\u00fct\u00fcn \u0259zablar\u0131n\u0131 ya\u015fad\u0131.<\/p>\n<p>Erm\u0259nistan h\u00f6kum\u0259ti t\u0259r\u0259find\u0259n a\u00e7\u0131q-ayd\u0131n b\u0259yanat g\u00f6zl\u0259yirik ki, bug\u00fcnk\u00fc Erm\u0259nistan \u0259razisind\u0259n, Q\u0259rbi Az\u0259rbaycandan qovulmu\u015f az\u0259rbaycanl\u0131lar, yaxud oradan did\u0259rgin sal\u0131nanlar\u0131n \u00f6vladlar\u0131 v\u0259 n\u0259sill\u0259ri \u00f6z tarixi torpaqlar\u0131na nec\u0259 qay\u0131da v\u0259 h\u0259min yerl\u0259r\u0259 ged\u0259 bil\u0259rl\u0259r, yaxud h\u0259min torpaqlarda nec\u0259 ya\u015faya bil\u0259rl\u0259r. \u00dcst\u0259lik, bizd\u0259 olan kifay\u0259t q\u0259d\u0259r m\u00f6t\u0259b\u0259r m\u0259lumatlara g\u00f6r\u0259, az\u0259rbaycanl\u0131lar\u0131n ya\u015fad\u0131\u011f\u0131 k\u0259ndl\u0259rin 90 faizind\u0259 indi h\u0259yat yoxdur, y\u0259ni h\u0259min yerl\u0259r bo\u015fdur, oralar F\u00fczuli, A\u011fdam v\u0259 dig\u0259r yerl\u0259r, habel\u0259 b\u00fct\u00fcn dig\u0259r Az\u0259rbaycan k\u0259ndl\u0259ri 30 il \u0259rzind\u0259 da\u011f\u0131d\u0131ld\u0131\u011f\u0131 kimi yerl\u0259-yeksan edilib.<\/p>\n<p>Q\u0259rbi Az\u0259rbaycandan qovulmu\u015f az\u0259rbaycanl\u0131lar\u0131n v\u0259 onlar\u0131n n\u0259sill\u0259rinin say\u0131 bu g\u00fcn Az\u0259rbaycanda milyonlarlad\u0131r. \u018fg\u0259r buna Az\u0259rbaycan\u0131n region kontekstind\u0259n yana\u015fsaq, bu, \u0259halisinin say\u0131na g\u00f6r\u0259 \u00f6lk\u0259mizin \u0259n b\u00f6y\u00fck regionudur.<\/p>\n<p>D\u00f6vl\u0259t ba\u015f\u00e7\u0131s\u0131 deyib ki, m\u00fcnaqi\u015f\u0259y\u0259 v\u0259 i\u015f\u011fala Az\u0259rbaycan \u00f6z\u00fc son qoydu v\u0259 20 il \u0259rzind\u0259 raz\u0131la\u015fd\u0131r\u0131lm\u0131\u015f b\u00fct\u00fcn prinsipl\u0259r t\u0259r\u0259fimizd\u0259n t\u0259min edildi. Az\u0259rbaycan \u00f6z suverenliyini \u00f6t\u0259n ilin sentyabr\u0131nda b\u0259rpa etdikd\u0259n sonra biz daha \u00fc\u00e7 ay g\u00f6zl\u0259dik ki, Erm\u0259nistan n\u0259hay\u0259t, dan\u0131\u015f\u0131qlara yenid\u0259n ba\u015flas\u0131n. Y\u0259ni, praktiki bax\u0131mdan mahiyy\u0259t etibaril\u0259 real dan\u0131\u015f\u0131qlar alt\u0131 ayd\u0131r &#8211; dekabr ay\u0131ndan ba\u015flayaraq gedir v\u0259 o, xarici i\u015fl\u0259r nazirl\u0259ri s\u0259viyy\u0259sind\u0259 h\u0259yata ke\u00e7irilir. M\u00fcxt\u0259lif \u00f6lk\u0259l\u0259rd\u0259 bir ne\u00e7\u0259 g\u00f6r\u00fc\u015f ke\u00e7irilibdir.<\/p>\n<p>S\u00fclh sazi\u015finin m\u0259tnin 80-90 faizi raz\u0131la\u015fd\u0131r\u0131l\u0131b. Ancaq burada yen\u0259 d\u0259 haz\u0131rda iki m\u0259s\u0259l\u0259 var. Birincisi, Erm\u0259nistan bizim t\u0259klifl\u0259r\u0259 m\u00fcsb\u0259t cavab verm\u0259lidir ki, h\u0259m Erm\u0259nistan, h\u0259m Az\u0259rbaycan birg\u0259 AT\u018fT-\u0259 m\u00fcraci\u0259t etsin ki, Minsk qrupu l\u0259\u011fv edilsin. \u00c7\u00fcnki art\u0131q uzun m\u00fcdd\u0259tdir bu qrup f\u0259aliyy\u0259tsizdir, b\u0259lk\u0259 d\u0259 bir-iki ildir. Minsk qrupunun f\u0259aliyy\u0259td\u0259 olmas\u0131 \u00fc\u00e7\u00fcn he\u00e7 bir s\u0259b\u0259b yoxdur. \u00c7\u00fcnki h\u0259ms\u0259drl\u0259r de-fakto bir-biri il\u0259 m\u00fcharib\u0259d\u0259dir, y\u0259ni onlar\u0131n ikisi dig\u0259rin\u0259 qar\u015f\u0131 bir yerd\u0259dirl\u0259r. Fransa burada b\u00fct\u00fcn imkanlardan m\u0259hrum edilib. Onlar n\u0259inki vasit\u0259\u00e7i, he\u00e7 bu regionda ola bilm\u0259zl\u0259r. Onlar C\u0259nubi Qafqaz regionunda bizim raz\u0131l\u0131\u011f\u0131m\u0131z olmadan m\u00f6vcud ola bilm\u0259zl\u0259r. Bizsiz onu etm\u0259k ist\u0259yirl\u0259rs\u0259, onlar u\u011fursuzlu\u011fa d\u00fc\u00e7ar olacaqlar v\u0259 bu, bir daha onlar \u00fc\u00e7\u00fcn \u00e7ox ac\u0131nacaql\u0131 v\u0259 a\u011fr\u0131l\u0131 bir m\u0259s\u0259l\u0259 olacaq. N\u00f6vb\u0259ti \u015f\u0259rt odur ki, Erm\u0259nistan konstitusiyas\u0131nda d\u0259yi\u015fiklikl\u0259r edilm\u0259lidir. Bizim onlar\u0131n daxili i\u015fl\u0259rin\u0259 h\u0259r hans\u0131 bir m\u00fcdaxil\u0259 etm\u0259k niyy\u0259timiz yoxdur. Erm\u0259nistan konstitusiyas\u0131nda m\u00fcst\u0259qillik bar\u0259d\u0259 m\u00fcdd\u0259a var v\u0259 orada Az\u0259rbaycan\u0131n \u0259razi b\u00fct\u00f6vl\u00fcy\u00fcn\u0259 qar\u015f\u0131 t\u0259hl\u00fck\u0259 var, t\u0259hdid var. Orada Erm\u0259nistan\u0131n v\u0259 d\u0131rnaqaras\u0131 \u201cDa\u011fl\u0131q Qaraba\u011f\u201d\u0131n birl\u0259\u015fm\u0259sind\u0259n s\u00f6hb\u0259t gedir.<\/p>\n<p>Diqq\u0259t\u0259 \u00e7atd\u0131rl\u0131b ki, Az\u0259rbaycan b\u0259rpaolunan enerji sah\u0259sind\u0259 b\u00f6y\u00fck nailiyy\u0259tl\u0259r\u0259 imza at\u0131b. Biz \u0259n b\u00f6y\u00fck G\u00fcn\u0259\u015f Elektrik Stansiyas\u0131n\u0131 &#8211; 230 meqavat g\u00fcc\u00fcnd\u0259 stansiyan\u0131 istifad\u0259y\u0259 verdik. \u0130ndi is\u0259 240 meqavatl\u0131q k\u00fcl\u0259k elektrik enerjisi stansiyas\u0131 il\u0259 ba\u011fl\u0131 i\u015fl\u0259r yekunla\u015f\u0131r v\u0259 tezlikl\u0259 biz 240 meqavatl\u0131q G\u00fcn\u0259\u015f Elektrik Stansiyas\u0131n\u0131n a\u00e7\u0131l\u0131\u015f\u0131n\u0131 ed\u0259c\u0259yik. Birinci layih\u0259 \u201cMasdar\u201d \u015firk\u0259ti, ikinci layih\u0259 is\u0259 \u201cAcwa Power\u201d \u015firk\u0259ti t\u0259r\u0259find\u0259n h\u0259yata ke\u00e7irilir. \u00dc\u00e7\u00fcnc\u00fcs\u00fc is\u0259 BP t\u0259r\u0259find\u0259n in\u015fa edil\u0259c\u0259k. Y\u0259ni, bunlar d\u00fcnyan\u0131n apar\u0131c\u0131 enerji \u015firk\u0259tl\u0259ridir. Bununla yana\u015f\u0131, \u00f6t\u0259n ay Bak\u0131da biz \u00fc\u00e7 G\u00fcn\u0259\u015f v\u0259 k\u00fcl\u0259k elektrik stansiyas\u0131n\u0131n t\u0259m\u0259lini qoyduq, \u00fcmumi h\u0259cm bir qiqavatd\u0131r. Biz bu sah\u0259d\u0259 \u00e7ox b\u00f6y\u00fck i\u015fl\u0259r g\u00f6r\u00fcr\u00fck. B\u00f6y\u00fck potensial\u0131m\u0131z var, h\u0259m texniki, h\u0259m d\u0259 iqtisadi potensial\u0131m\u0131z. Texniki bax\u0131mdan d\u0259nizd\u0259 k\u00fcl\u0259k enerjisi potensial\u0131 157 qiqavatd\u0131r. Beyn\u0259lxalq Maliyy\u0259 Korporasiyas\u0131n\u0131n hesablamalar\u0131na g\u00f6r\u0259, iqtisadi bax\u0131mdan quruda G\u00fcn\u0259\u015f v\u0259 k\u00fcl\u0259k stansiyalar\u0131n\u0131n potensial\u0131, g\u00f6st\u0259rir ki, biz 27 qiqavat h\u0259cm istehsal ed\u0259 bil\u0259rik, y\u0259ni, h\u0259cm b\u00f6y\u00fckd\u00fcr.<\/p>\n<p>Prezident Tramp\u0131n prezidentliyi d\u00f6vr\u00fcnd\u0259 \u00e7ox s\u0259m\u0259r\u0259li \u0259m\u0259kda\u015fl\u0131q \u0259laq\u0259l\u0259ri olub. Bu \u0259m\u0259kda\u015fl\u0131q qar\u015f\u0131l\u0131ql\u0131 h\u00f6rm\u0259t \u00fcz\u0259rind\u0259 qurulmu\u015fdur v\u0259 qar\u015f\u0131l\u0131ql\u0131 d\u0259st\u0259yin y\u00fcks\u0259k qiym\u0259tl\u0259ndirilm\u0259sind\u0259n ibar\u0259t idi.<\/p>\n<p>AB\u015e-la m\u00fcnasib\u0259tl\u0259rin tarixind\u0259 m\u00fc\u0259yy\u0259n eni\u015fli-yoxu\u015flu d\u00f6vrl\u0259r olub. \u00c7\u00fcnki b\u0259z\u0259n Az\u0259rbaycanla ba\u011fl\u0131 m\u00fc\u0259yy\u0259n \u015fi\u015firdilmi\u015f g\u00f6zl\u0259ntil\u0259r olub. Dig\u0259r t\u0259r\u0259fd\u0259n, onlar bizim siyasi h\u0259yat\u0131m\u0131za m\u00fcdaxil\u0259 etm\u0259y\u0259 \u00e7al\u0131\u015f\u0131blar, siyasi m\u00fcxalif\u0259ti maliyy\u0259l\u0259\u015fdirm\u0259k c\u0259hdl\u0259ri edibl\u0259r. Bu c\u0259hdl\u0259r birba\u015fa v\u0259 ya m\u00fc\u0259yy\u0259n QHT-l\u0259r vasit\u0259sil\u0259 olub.<\/p>\n<p>Qafqazda ay\u0131r\u0131c\u0131 x\u0259tl\u0259rin \u00e7\u0259kilm\u0259si olduqca t\u0259\u0259cc\u00fcbl\u00fcd\u00fcr. Haz\u0131rk\u0131 AB\u015e Administrasiyas\u0131n\u0131n f\u0259aliyy\u0259tind\u0259n, h\u0259r\u0259k\u0259tl\u0259rind\u0259n d\u0259rind\u0259n m\u0259yus olmu\u015fuq.<\/p>\n<p>Az\u0259rbaycan uzun ill\u0259r \u0259rzind\u0259 siyasi v\u0259 iqtisadi bax\u0131mdan F\u0259l\u0259stin\u0259 d\u0259st\u0259k g\u00f6st\u0259rib. Biz onlar\u0131n m\u00fcst\u0259qil d\u00f6vl\u0259t qurmaq arzusunu h\u0259r zaman d\u0259st\u0259kl\u0259mi\u015fik. Yax\u0131n \u015e\u0259rqd\u0259 s\u00fclh\u00fcn t\u0259min edilm\u0259si bax\u0131m\u0131ndan iki d\u00f6vl\u0259tli h\u0259ll yolu yegan\u0259 \u00e7\u0131x\u0131\u015f yoludur: F\u0259l\u0259stin d\u00f6vl\u0259t qurmal\u0131d\u0131r v\u0259 \u015e\u0259rqi Q\u00fcds onun paytaxt\u0131 olmal\u0131d\u0131r.<\/p>\n<p>Az\u0259rbaycan bu g\u00fcn\u0259d\u0259k Ukrayna xalq\u0131na humanitar v\u0259 maliyy\u0259 d\u0259st\u0259yi g\u00f6st\u0259rib. Q\u0131rx milyon avroya yax\u0131n yard\u0131m edilibdir v\u0259 bu yard\u0131m davam edir, tamamil\u0259 \u015f\u0259ffaf yard\u0131md\u0131r. Ukraynal\u0131 u\u015faqlar Az\u0259rbaycana g\u0259lir, burada reabilitasiya ke\u00e7irl\u0259r. Biz k\u00f6m\u0259k \u00fc\u00e7\u00fcn \u0259limizd\u0259n g\u0259l\u0259ni ed\u0259c\u0259yik.<\/p>\n<p>Prezidenr bildirib ki, 2020-ci ild\u0259n bu yana 300-d\u0259n \u00e7ox insan ya h\u0259lak olub, ya da yaralan\u0131b. T\u0259\u0259ss\u00fcf ki, n\u0259hay\u0259t, Erm\u0259nistan\u0131n biz\u0259 verdiyi mina x\u0259rit\u0259l\u0259ri tamamil\u0259 yarars\u0131zd\u0131r, onlar d\u0259qiq deyil.<\/p>\n<p>2020-ci ilin 10 noyabr tarixli \u00fc\u00e7t\u0259r\u0259fli B\u0259yanat\u0131ndan sonra &#8211; bizim La\u00e7\u0131n d\u0259hlizi \u00fcz\u0259rind\u0259 n\u0259zar\u0259timiz olmad\u0131\u011f\u0131 d\u00f6vrd\u0259 Erm\u0259nistandan mina da\u015f\u0131n\u0131rd\u0131 v\u0259 onlar orada basd\u0131r\u0131l\u0131rd\u0131. \u0130kinci Qaraba\u011f m\u00fcharib\u0259si ba\u015fa \u00e7atd\u0131qdan sonra bel\u0259 onlar biz\u0259 qar\u015f\u0131 mina terroru h\u0259yata ke\u00e7irirdil\u0259r.<\/p>\n<p>Azad edilmi\u015f \u0259razil\u0259rd\u0259 art\u0131q 8 min\u0259 yax\u0131n \u0259hali ya\u015fay\u0131r. \u0130lin sonuna q\u0259d\u0259r bu r\u0259q\u0259m 20 min\u0259 \u00e7atacaq. Bir ne\u00e7\u0259 ay \u0259vv\u0259l biz 23 binadan ibar\u0259t ya\u015fay\u0131\u015f kompleksini istifad\u0259y\u0259 verdik, \u00fc\u00e7, d\u00f6rd, be\u015fm\u0259rt\u0259b\u0259li binalard\u0131r.<\/p>\n<p>Qaraba\u011f, \u015e\u0259rqi Z\u0259ng\u0259zur v\u0259 Nax\u00e7\u0131van co\u011frafi bax\u0131mdan eyni regiondur. Onlar ya\u015f\u0131l enerji zonalar\u0131 elan edilib. Burada \u00e7ox b\u00f6y\u00fck potensial var, h\u0259m d\u0259 G\u00fcn\u0259\u015f elektrik enerjisi bax\u0131m\u0131ndan.<\/p>\n<p>Tam inteqrasiya olunmu\u015f elektrik kabeli layih\u0259si h\u0259yata ke\u00e7irildikd\u0259n sonra Qaraba\u011fda istehsal edil\u0259n elektrik enerjisi Az\u0259rbaycan\u0131n dig\u0259r b\u00f6lg\u0259l\u0259rin\u0259 n\u0259ql olunacaqd\u0131r. Nax\u00e7\u0131vanda 500 meqavat g\u00fcc\u00fcnd\u0259 G\u00fcn\u0259\u015f Elektrik Stansiyas\u0131 il\u0259 ba\u011fl\u0131 b\u00f6y\u00fck plan\u0131m\u0131z var. \u0130kinci Qaraba\u011f m\u00fcharib\u0259si bitdikd\u0259n sonra biz hidroelektrik enerjisi sah\u0259sin\u0259 v\u0259sait yat\u0131rm\u0131\u015f\u0131q. Bu \u00fc\u00e7 il \u0259rzind\u0259 270 meqavat h\u0259cmind\u0259 su elektrik stansiyalar\u0131 art\u0131q f\u0259aliyy\u0259td\u0259dir.<\/p>\n<p>2022-ci ilin iyul ay\u0131nda Avropa Komissiyas\u0131n\u0131n Prezidenti il\u0259 enerji sah\u0259sind\u0259 strateji t\u0259r\u0259fda\u015fl\u0131q haqq\u0131nda sazi\u015f imzalayanda qar\u015f\u0131ya konkret h\u0259d\u0259f qoyduq. Az\u0259rbaycan qaz\u0131n\u0131n Avropaya n\u0259qlini iki d\u0259f\u0259 art\u0131rmaq \u00f6hd\u0259lik deyil, bu, bizim h\u0259d\u0259fimizdir. Biz bu h\u0259d\u0259f\u0259 do\u011fru ir\u0259lil\u0259yirik. 2021-ci ild\u0259 biz Avropaya 8 milyard kubmetr qaz n\u0259ql edirdik. Bu il t\u0259kc\u0259 Avropaya 13 milyard kubmetr\u0259 yax\u0131n h\u0259cmd\u0259 n\u0259ql edil\u0259c\u0259k. \u00dcmumi h\u0259cm is\u0259 25 milyard kubmetr olacaqd\u0131r. 2027-ci il haqq\u0131nda dan\u0131\u015f\u0131r\u0131qsa, biz Avropaya ixrac\u0131 16 milyard kubmetr\u0259 \u00e7atd\u0131rmal\u0131y\u0131q. Bu resurslar\u0131n Avropaya m\u00f6vcud \u015f\u0259b\u0259k\u0259 &#8211; C\u0259nub Qaz D\u0259hlizi, h\u0259m d\u0259 onun interkonnektorlar\u0131 vasit\u0259sil\u0259 \u00e7atd\u0131r\u0131lmas\u0131 planla\u015fd\u0131r\u0131l\u0131r.<\/p>\n<p>S\u00fcni intellekt m\u00f6vzusu haz\u0131rda tamamil\u0259 yeni m\u00fcst\u0259viy\u0259 \u00e7\u0131xmaqdad\u0131r. N\u00fcv\u0259 silah\u0131na malik \u00f6lk\u0259l\u0259r s\u00fcni intellekt t\u0259r\u0259find\u0259n manipulyasiyaya m\u0259ruz qala bil\u0259r. H\u0259tta m\u0259i\u015f\u0259t s\u0259viyy\u0259sind\u0259 bir \u00e7ox hadis\u0259l\u0259r var ki, bir \u00e7oxlar\u0131na &#8211; insanlar\u0131n m\u00fcnasib\u0259tl\u0259rin\u0259, l\u0259yaq\u0259tin\u0259, n\u00fcfuzuna b\u0259rpa olunmayan x\u0259l\u0259l yetiril\u0259 bil\u0259r.<\/p>\n<p>Bildirilib ki, 1994-c\u00fc ild\u0259 Ulu \u00d6nd\u0259r t\u0259r\u0259find\u0259n tarixi q\u0259rar q\u0259bul edildi. \u201c\u018fsrin m\u00fcqavil\u0259si\u201d imzalanandan iki h\u0259ft\u0259 ke\u00e7m\u0259mi\u015f d\u00f6vl\u0259t \u00e7evrili\u015fin\u0259 c\u0259hd edildi v\u0259 bunun s\u0259b\u0259bl\u0259rind\u0259n biri m\u0259hz bu m\u00fcqavil\u0259 idi. Ondan sonrak\u0131 geosiyasi gedi\u015fatlar\u0131n da t\u0259m\u0259lind\u0259 m\u0259hz bu dayan\u0131rd\u0131. Bu m\u00fcqavil\u0259 Az\u0259rbaycana \u0259sl m\u00fcst\u0259qillik g\u0259tir\u0259 bil\u0259c\u0259k bir m\u00fcqavil\u0259 idi v\u0259 onu o vaxt biz d\u0259 bilirdik, dostlar\u0131m\u0131z da bilirdi, bizi ist\u0259m\u0259y\u0259nl\u0259r d\u0259 bilirdi. Bu, bizim \u00fc\u00e7\u00fcn bir n\u0259f\u0259s borusu, bir oksigen borusu idi.<\/p>\n<p>1994-c\u00fc ilin sentyabr ay\u0131nda m\u00fcqavil\u0259 imzaland\u0131, 3-4 aydan sonra parlamentd\u0259 ratifikasiya edildi, qanun kimi q\u00fcvv\u0259y\u0259 mindi v\u0259 1997-ci ilin noyabr ay\u0131nda \u201c\u00c7\u0131raq-1\u201d platformas\u0131ndan ilk neft \u00e7\u0131xar\u0131ld\u0131. Ondan iki il sonra Bak\u0131-Supsa k\u0259m\u0259ri tikildi, daha sonra Ulu \u00d6nd\u0259r \u00f6z \u0259ll\u0259ri il\u0259 Bak\u0131-Tbilisi-Ceyhan\u0131n t\u0259m\u0259lini qoydu. Y\u0259ni, b\u00fct\u00fcn bunlar o vaxt da, bu g\u00fcn d\u0259 bizim g\u00f6rd\u00fcy\u00fcm\u00fcz i\u015fl\u0259rin n\u0259 q\u0259d\u0259r uzunm\u00fcdd\u0259tli oldu\u011funu bir daha g\u00f6st\u0259rir.<\/p>\n<p>Prezident deyib ki, inki\u015fafda olan 50-d\u0259n \u00e7ox ki\u00e7ik ada d\u00f6vl\u0259tl\u0259ri var. Onlar \u00fc\u00e7\u00fcn biz x\u00fcsusi fond t\u0259sis edirik v\u0259 o fonda \u0259h\u0259miyy\u0259tli d\u0259r\u0259c\u0259d\u0259 v\u0259sait d\u0259 qoyaca\u011f\u0131q. Onlara k\u00f6m\u0259k g\u00f6st\u0259r\u0259c\u0259yik. \u018flb\u0259tt\u0259, onlar bizim t\u0259bii m\u00fctt\u0259fiql\u0259rimiz\u0259 \u00e7evril\u0259c\u0259k.<\/p>\n<p>Afrika \u0130ttifaq\u0131n\u0131n bir \u00e7ox \u00fczvl\u0259ri il\u0259 bizim f\u0259al t\u0259maslar\u0131m\u0131z var. Afrika \u0130ttifaq\u0131n\u0131n \u00fczv \u00f6lk\u0259l\u0259ri il\u0259 \u0259m\u0259kda\u015fl\u0131\u011f\u0131 g\u00fccl\u0259ndirm\u0259y\u0259 \u00e7al\u0131\u015fm\u0131\u015f\u0131q v\u0259 Afrika \u0130ttifaq\u0131nda &#8211; Efiopiyada \u00f6z s\u0259firliyimizi t\u0259sis etmi\u015fik ki, orada \u0259m\u0259kda\u015fl\u0131q \u00fc\u00e7\u00fcn z\u0259min yarada bil\u0259k.<\/p>\n<p>\u00c7oxmill\u0259tli c\u0259miyy\u0259t Az\u0259rbaycan\u0131n f\u0259xr etdiyi amildir &#8211; d\u00fczg\u00fcn siyas\u0259t, t\u0259hsil, t\u0259rbiy\u0259, n\u00fcmun\u0259, davran\u0131\u015f n\u00fcmun\u0259si. V\u0259t\u0259n m\u00fcharib\u0259si zaman\u0131 dinind\u0259n, etnik m\u0259nsubiyy\u0259tind\u0259n as\u0131l\u0131 olmayaraq h\u0259r bir v\u0259t\u0259nda\u015f \u00f6z h\u0259yat\u0131n\u0131 qurban verib, sa\u011flaml\u0131\u011f\u0131ndan m\u0259hrum olub.<\/p>\n<p>\u201cTroyka\u201dn\u0131n t\u0259sis edilm\u0259sinin t\u0259\u015f\u0259bb\u00fcskar\u0131 Az\u0259rbaycand\u0131r. Bu, \u00f6t\u0259n, haz\u0131rk\u0131 v\u0259 g\u0259l\u0259c\u0259k s\u0259drl\u0259rin &#8211; Birl\u0259\u015fmi\u015f \u018fr\u0259b \u018fmirlikl\u0259rinin, Az\u0259rbaycan\u0131n v\u0259 Braziliyan\u0131n \u201cTroykas\u0131\u201dd\u0131r. Bu, bir mexanizmdir. Buna q\u0259d\u0259r bu, m\u00f6vcud deyildi. Bizim bu t\u0259klifimiz Birl\u0259\u015fmi\u015f \u018fr\u0259b \u018fmirlikl\u0259ri v\u0259 Braziliya t\u0259r\u0259find\u0259n d\u0259st\u0259kl\u0259ndi. COP, sad\u0259c\u0259, bir v\u0259 ya iki h\u0259ft\u0259 davam ed\u0259n t\u0259dbir deyil. Bu, davaml\u0131 bir prosesdir.<\/p>\n<p>Biz \u00e7ox g\u00f6z\u0259l bilirik ki, \u0259n b\u00f6y\u00fck karbon tullant\u0131lar\u0131n\u0131 istehsal ed\u0259n v\u0259 \u0259traf m\u00fchiti \u00e7irkl\u0259ndir\u0259n b\u00f6y\u00fck \u00f6lk\u0259l\u0259r hans\u0131lard\u0131r. Ancaq el\u0259 bir platforma yarad\u0131lmal\u0131d\u0131r ki, daha geni\u015f maliyy\u0259 imkanlar\u0131na malik olan \u00f6lk\u0259l\u0259r dig\u0259rl\u0259rin\u0259 k\u00f6m\u0259k etsin.<\/p>\n<p>\u201cOPEC+\u201d format\u0131n\u0131n \u00fczv\u00fc olaraq biz neft istehsal\u00e7\u0131s\u0131 olan \u00f6lk\u0259l\u0259rl\u0259 \u00f6z i\u015fimizi g\u00f6rd\u00fck. \u018flb\u0259tt\u0259, daha \u00e7ox g\u0259lir \u0259ld\u0259 ed\u0259n \u00f6lk\u0259l\u0259r daha \u00e7ox maliyy\u0259 t\u00f6hf\u0259si verm\u0259lidir. O \u00f6lk\u0259l\u0259r ki, atmosfer\u0259 daha \u00e7ox tullant\u0131 burax\u0131r v\u0259 pullar\u0131 var, onlar da maliyy\u0259 bax\u0131m\u0131ndan t\u00f6hf\u0259 verm\u0259lidir.<\/p>\n<p>\u015eimali Kipr T\u00fcrk C\u00fcmhuriyy\u0259ti T\u00fcrk D\u00f6vl\u0259tl\u0259ri T\u0259\u015fkilat\u0131nda art\u0131q m\u00fc\u015fahid\u0259\u00e7i \u00fczv statusuna malikdir v\u0259 Zirv\u0259 g\u00f6r\u00fc\u015fl\u0259rind\u0259 bu statusla i\u015ftirak edib. Ancaq ilk d\u0259f\u0259 olaraq bu t\u0259dbird\u0259 \u00f6z bayra\u011f\u0131 il\u0259 i\u015ftirak etmi\u015fdi. Burada biz qarda\u015fl\u0131q borcumuz n\u0259dirs\u0259, onu da etdik. Biz h\u0259r zaman kiprli qarda\u015flar\u0131m\u0131zla birlikd\u0259 olaca\u011f\u0131q.<\/p>\n<p>T\u00fcrk D\u00f6vl\u0259tl\u0259ri T\u0259\u015fkilat\u0131n\u0131n \u00e7ox b\u00f6y\u00fck g\u0259l\u0259c\u0259yi var. T\u0259\u015fkilat\u0131 daha y\u00fcks\u0259k pill\u0259y\u0259 qald\u0131rmaq \u00fc\u00e7\u00fcn ortaq s\u0259yl\u0259r laz\u0131md\u0131r. Co\u011frafiyam\u0131z \u00e7ox b\u00f6y\u00fckd\u00fcr, t\u0259bii s\u0259rv\u0259tl\u0259r, n\u0259qliyyat yollar\u0131, g\u0259nc v\u0259 artan \u0259hali &#8211; b\u00fct\u00fcn bunlar\u0131 m\u0259n \u00f6z \u00e7\u0131x\u0131\u015f\u0131mda s\u00f6yl\u0259dim. B\u00fct\u00fcn bu amill\u0259r t\u0259\u015fkilat\u0131m\u0131z\u0131n potensial\u0131n\u0131 \u0259yani \u015f\u0259kild\u0259 g\u00f6st\u0259rir. Biz birliyi daha da g\u00fccl\u0259ndirm\u0259kl\u0259 T\u00fcrk D\u00f6vl\u0259tl\u0259ri T\u0259\u015fkilat\u0131n\u0131 d\u00fcnya miqyas\u0131nda g\u00fcc m\u0259rk\u0259zin\u0259 \u00e7evirm\u0259liyik.<\/p>\n<p>G\u00fcc\u00fcm\u00fcz bir olanda d\u0259mir yumru\u011fumuz da a\u011f\u0131r olur, daha m\u00f6hk\u0259m olur. H\u0259r c\u00fcmhuriyy\u0259tin \u00f6z siyas\u0259ti, \u00f6z bax\u0131\u015flar\u0131 var v\u0259 biz t\u0259\u015fkilat olaraq h\u0259r bir \u00f6lk\u0259nin m\u00fcst\u0259qilliyini d\u0259st\u0259kl\u0259yirik, qoruyuruq v\u0259 h\u0259r \u015feyd\u0259n \u00fcst\u00fcn tuturuq.<\/p>\n<p>&nbsp;<\/p>\n","protected":false},"excerpt":{"rendered":"<p>Prezident \u0130lham \u018fliyev cari ilin 20 iyul tarixind\u0259 \u201cYalan m\u0259lumatlar\u0131n if\u015fas\u0131: Dezinformasiyaya qar\u015f\u0131 m\u00fcbariz\u0259\u201d m\u00f6vzusunda 2-ci \u015eu\u015fa Qlobal Media Forumunun a\u00e7\u0131l\u0131\u015f m\u0259rasimind\u0259 i\u015ftirak edib. D\u00f6vl\u0259t ba\u015f\u00e7\u0131s\u0131 m\u0259rasimd\u0259 \u00e7\u0131x\u0131\u015f edib. O bildirib ki, C\u0259nubi Qafqaz regionunda tarixi transformasiya prosesl\u0259ri ba\u015f verir. \u018fn\u0259n\u0259vi ittifaqlar bir q\u0259d\u0259r z\u0259ifl\u0259yib v\u0259 yeni \u0259m\u0259kda\u015fl\u0131q formatlar\u0131 meydana g\u0259lib. Regionun xalqlar\u0131 \u00f6zl\u0259rini t\u0259hl\u00fck\u0259siz [&hellip;]<\/p>\n","protected":false},"author":2,"featured_media":0,"comment_status":"closed","ping_status":"closed","sticky":false,"template":"","format":"standard","meta":[],"categories":[1],"tags":[],"_links":{"self":[{"href":"https:\/\/yeniterter.az\/index.php?rest_route=\/wp\/v2\/posts\/27853"}],"collection":[{"href":"https:\/\/yeniterter.az\/index.php?rest_route=\/wp\/v2\/posts"}],"about":[{"href":"https:\/\/yeniterter.az\/index.php?rest_route=\/wp\/v2\/types\/post"}],"author":[{"embeddable":true,"href":"https:\/\/yeniterter.az\/index.php?rest_route=\/wp\/v2\/users\/2"}],"replies":[{"embeddable":true,"href":"https:\/\/yeniterter.az\/index.php?rest_route=%2Fwp%2Fv2%2Fcomments&post=27853"}],"version-history":[{"count":1,"href":"https:\/\/yeniterter.az\/index.php?rest_route=\/wp\/v2\/posts\/27853\/revisions"}],"predecessor-version":[{"id":27856,"href":"https:\/\/yeniterter.az\/index.php?rest_route=\/wp\/v2\/posts\/27853\/revisions\/27856"}],"wp:attachment":[{"href":"https:\/\/yeniterter.az\/index.php?rest_route=%2Fwp%2Fv2%2Fmedia&parent=27853"}],"wp:term":[{"taxonomy":"category","embeddable":true,"href":"https:\/\/yeniterter.az\/index.php?rest_route=%2Fwp%2Fv2%2Fcategories&post=27853"},{"taxonomy":"post_tag","embeddable":true,"href":"https:\/\/yeniterter.az\/index.php?rest_route=%2Fwp%2Fv2%2Ftags&post=27853"}],"curies":[{"name":"wp","href":"https:\/\/api.w.org\/{rel}","templated":true}]}}