{"id":27847,"date":"2024-07-22T14:24:23","date_gmt":"2024-07-22T11:24:23","guid":{"rendered":"https:\/\/yeniterter.az\/?p=27847"},"modified":"2024-07-22T14:25:33","modified_gmt":"2024-07-22T11:25:33","slug":"icra-bascisi-22-iyul-milli-m%c9%99tbuat-gunu-munasib%c9%99ti-il%c9%99-yeni-t%c9%99rt%c9%99rin-kollektivi-il%c9%99-gorusub","status":"publish","type":"post","link":"https:\/\/yeniterter.az\/?p=27847","title":{"rendered":"\u0130cra ba\u015f\u00e7\u0131s\u0131 22 iyul-Milli m\u0259tbuat g\u00fcn\u00fc m\u00fcnasib\u0259ti il\u0259 \u201cYeni T\u0259rt\u0259r\u201din kollektivi il\u0259 g\u00f6r\u00fc\u015f\u00fcb"},"content":{"rendered":"<p><img decoding=\"async\" loading=\"lazy\" class=\" wp-image-27848 alignleft\" src=\"https:\/\/yeniterter.az\/wp-content\/uploads\/f1c4ea73f75111e9cb02c171d46f4154-300x200.jpg\" alt=\"\" width=\"212\" height=\"141\" srcset=\"https:\/\/yeniterter.az\/wp-content\/uploads\/f1c4ea73f75111e9cb02c171d46f4154-300x200.jpg 300w, https:\/\/yeniterter.az\/wp-content\/uploads\/f1c4ea73f75111e9cb02c171d46f4154.jpg 375w\" sizes=\"(max-width: 212px) 100vw, 212px\" \/><img decoding=\"async\" loading=\"lazy\" class=\" wp-image-27849 alignleft\" src=\"https:\/\/yeniterter.az\/wp-content\/uploads\/2a308362053c573e36419d1937208eea-300x200.jpg\" alt=\"\" width=\"215\" height=\"143\" srcset=\"https:\/\/yeniterter.az\/wp-content\/uploads\/2a308362053c573e36419d1937208eea-300x200.jpg 300w, https:\/\/yeniterter.az\/wp-content\/uploads\/2a308362053c573e36419d1937208eea.jpg 375w\" sizes=\"(max-width: 215px) 100vw, 215px\" \/><img decoding=\"async\" loading=\"lazy\" class=\"wp-image-27850 alignleft\" src=\"https:\/\/yeniterter.az\/wp-content\/uploads\/040dfb7eac9557b6d05bfd623c4bbb74-300x200.jpg\" alt=\"\" width=\"213\" height=\"142\" srcset=\"https:\/\/yeniterter.az\/wp-content\/uploads\/040dfb7eac9557b6d05bfd623c4bbb74-300x200.jpg 300w, https:\/\/yeniterter.az\/wp-content\/uploads\/040dfb7eac9557b6d05bfd623c4bbb74.jpg 375w\" sizes=\"(max-width: 213px) 100vw, 213px\" \/><\/p>\n<p>&nbsp;<\/p>\n<p>&nbsp;<\/p>\n<p>&nbsp;<\/p>\n<p>&nbsp;<\/p>\n<p>&nbsp;<\/p>\n<p>&nbsp;<\/p>\n<p>22 iyul-Milli m\u0259tbuat g\u00fcn\u00fc m\u00fcnasib\u0259ti il\u0259 T\u0259rt\u0259r rayon \u0130cra hakimiyy\u0259tinin ba\u015f\u00e7\u0131s\u0131 M\u00fcst\u0259qim M\u0259mm\u0259dov \u201cYeni T\u0259rt\u0259r\u201d rayon q\u0259zetinin redaksiyas\u0131nda q\u0259zetin kollektivi il\u0259 g\u00f6r\u00fc\u015f\u00fcb, onlar\u0131 pe\u015f\u0259 bayramlar\u0131 m\u00fcnasib\u0259ti il\u0259 t\u0259brik ed\u0259r\u0259k, i\u015f \u015f\u0259raitl\u0259ri il\u0259 tan\u0131\u015f olub.<\/p>\n<p>\u00c7ay s\u00fcfr\u0259si arxas\u0131nda ke\u00e7\u0259n s\u0259mimi g\u00f6r\u00fc\u015fd\u0259\u00a0 rayon r\u0259hb\u0259ri\u00a0 Milli m\u0259tbuat haqq\u0131nda yerli median\u0131n n\u00fcmay\u0259nd\u0259l\u0259ri il\u0259 fikir m\u00fcbadil\u0259si edib.<\/p>\n<p>Qeyd olunub ki, Az\u0259rbaycan \u00f6z m\u00fcst\u0259qilliyini b\u0259rpa etdikd\u0259n sonra bir \u00e7ox milli m\u0259n\u0259vi d\u0259y\u0259rl\u0259r\u0259 qay\u0131d\u0131\u015f m\u0259tbuat sah\u0259sind\u0259 \u00f6z\u00fcn\u00fc g\u00f6st\u0259rib.<\/p>\n<p>Az\u0259rbaycanda s\u00f6z, fikir, m\u0259tbuat azadl\u0131\u011f\u0131n\u0131n formala\u015fmas\u0131 ulu \u00f6nd\u0259r Heyd\u0259r \u018fliyevin ad\u0131 il\u0259 ba\u011fl\u0131d\u0131r. \u00dcmummilli lider K\u0130V-nin c\u0259miyy\u0259td\u0259 rolunu y\u00fcks\u0259k qiym\u0259tl\u0259ndirmi\u015f, bu m\u0259s\u0259l\u0259y\u0259 b\u00f6y\u00fck \u00f6n\u0259m vermi\u015fdir. M\u0259hz buna g\u00f6r\u0259 d\u0259\u00a0 \u201cJurnalistl\u0259rin dostu\u201d olmu\u015fdur. Bu g\u00fcn is\u0259 m\u00f6ht\u0259r\u0259m Prezidentimiz c\u0259nab \u0130lham \u018fliyev d\u00f6vl\u0259t-m\u0259tbuat m\u00fcnasib\u0259tl\u0259rind\u0259 Heyd\u0259r \u018fliyev siyas\u0259tini u\u011furla davam etdirir. Az\u0259rbaycan Respublikas\u0131n\u0131n Prezidenti\u00a0 C\u0259nab \u0130lham \u018fliyevin diqq\u0259t\u00a0 v\u0259 qay\u011f\u0131s\u0131\u00a0 n\u0259tic\u0259sind\u0259 m\u0259tbuat orqanlar\u0131n\u0131n maddi-texniki bazas\u0131 m\u00f6hk\u0259ml\u0259ndirilir, jurnalistl\u0259rin sosial- iqtisadi, m\u0259nzil-m\u0259i\u015f\u0259t \u015f\u0259raitl\u0259ri yax\u015f\u0131la\u015fd\u0131r\u0131l\u0131r.<!--more--><\/p>\n<p>Rayon r\u0259hb\u0259ri Respublika Prezidenti c\u0259nab \u0130lham \u018fliyevin Az\u0259rbaycan m\u0259tbuat\u0131 haqq\u0131nda\u00a0 bir fikrini vur\u011fulay\u0131b: \u201cB\u00fcn\u00f6vr\u0259si \u201c\u018fkin\u00e7i\u201d il\u0259 qoyulmu\u015f Milli M\u0259tbuat\u0131m\u0131z bu g\u00fcn\u00a0 Az\u0259rbaycan\u0131n d\u00fcnyada e\u015fidil\u0259n s\u0259sidir\u201d.<\/p>\n<p>Media i\u015f\u00e7il\u0259ri ist\u0259r torpaqlar\u0131m\u0131z i\u015f\u011fal alt\u0131nda olanda, ist\u0259rs\u0259 d\u0259 V\u0259t\u0259n m\u00fcharib\u0259si zaman\u0131 Az\u0259rbaycan\u0131n haqq s\u0259sini b\u00fct\u00fcn d\u00fcnyaya \u00e7atd\u0131r\u0131b. Ali Ba\u015f Komandan\u0131m\u0131z\u0131n dediyi kimi jurnalistl\u0259r v\u0259t\u0259np\u0259rv\u0259rlik, y\u00fcks\u0259k milli \u015f\u00fcur, ali m\u0259qs\u0259dl\u0259r u\u011frunda c\u0259miyy\u0259timizin s\u0259f\u0259rb\u0259r olunmas\u0131na layiqli t\u00f6vh\u0259l\u0259r veribl\u0259r.<\/p>\n<p>Sonra \u201cYeni T\u0259rt\u0259r\u201d q\u0259zetinin redaktoru Svetlana Ba\u011f\u0131rova \u00e7\u0131x\u0131\u015f ed\u0259r\u0259k, m\u0259tbuata d\u00f6vl\u0259t d\u0259st\u0259yind\u0259n, m\u00fcasir m\u0259tbuat\u0131n v\u0259zif\u0259l\u0259rind\u0259n, m\u0259tbuat\u0131n c\u0259miyy\u0259tin t\u0259r\u0259qqisind\u0259ki rolundan dan\u0131\u015f\u0131blar. Media i\u015f\u00e7il\u0259rin\u0259 g\u00f6st\u0259ril\u0259n diqq\u0259t v\u0259 qay\u011f\u0131ya g\u00f6r\u0259 respublika Prezidenti c\u0259nab \u0130lham \u018fliyev\u0259 \u00f6z minn\u0259tdarl\u0131qlar\u0131n\u0131 bildiribl\u0259r.<\/p>\n<p>M\u0259tbuat g\u00fcn\u00fc m\u00fcnasib\u0259ti il\u0259 \u00e7ay s\u00fcfr\u0259sind\u0259n sonra xatir\u0259 \u015f\u0259kill\u0259ri \u00e7\u0259kilib.<\/p>\n<p>&nbsp;<\/p>\n","protected":false},"excerpt":{"rendered":"<p>&nbsp; &nbsp; &nbsp; &nbsp; &nbsp; &nbsp; 22 iyul-Milli m\u0259tbuat g\u00fcn\u00fc m\u00fcnasib\u0259ti il\u0259 T\u0259rt\u0259r rayon \u0130cra hakimiyy\u0259tinin ba\u015f\u00e7\u0131s\u0131 M\u00fcst\u0259qim M\u0259mm\u0259dov \u201cYeni T\u0259rt\u0259r\u201d rayon q\u0259zetinin redaksiyas\u0131nda q\u0259zetin kollektivi il\u0259 g\u00f6r\u00fc\u015f\u00fcb, onlar\u0131 pe\u015f\u0259 bayramlar\u0131 m\u00fcnasib\u0259ti il\u0259 t\u0259brik ed\u0259r\u0259k, i\u015f \u015f\u0259raitl\u0259ri il\u0259 tan\u0131\u015f olub. \u00c7ay s\u00fcfr\u0259si arxas\u0131nda ke\u00e7\u0259n s\u0259mimi g\u00f6r\u00fc\u015fd\u0259\u00a0 rayon r\u0259hb\u0259ri\u00a0 Milli m\u0259tbuat haqq\u0131nda yerli median\u0131n n\u00fcmay\u0259nd\u0259l\u0259ri il\u0259 [&hellip;]<\/p>\n","protected":false},"author":2,"featured_media":0,"comment_status":"closed","ping_status":"closed","sticky":false,"template":"","format":"standard","meta":[],"categories":[10],"tags":[],"_links":{"self":[{"href":"https:\/\/yeniterter.az\/index.php?rest_route=\/wp\/v2\/posts\/27847"}],"collection":[{"href":"https:\/\/yeniterter.az\/index.php?rest_route=\/wp\/v2\/posts"}],"about":[{"href":"https:\/\/yeniterter.az\/index.php?rest_route=\/wp\/v2\/types\/post"}],"author":[{"embeddable":true,"href":"https:\/\/yeniterter.az\/index.php?rest_route=\/wp\/v2\/users\/2"}],"replies":[{"embeddable":true,"href":"https:\/\/yeniterter.az\/index.php?rest_route=%2Fwp%2Fv2%2Fcomments&post=27847"}],"version-history":[{"count":2,"href":"https:\/\/yeniterter.az\/index.php?rest_route=\/wp\/v2\/posts\/27847\/revisions"}],"predecessor-version":[{"id":27852,"href":"https:\/\/yeniterter.az\/index.php?rest_route=\/wp\/v2\/posts\/27847\/revisions\/27852"}],"wp:attachment":[{"href":"https:\/\/yeniterter.az\/index.php?rest_route=%2Fwp%2Fv2%2Fmedia&parent=27847"}],"wp:term":[{"taxonomy":"category","embeddable":true,"href":"https:\/\/yeniterter.az\/index.php?rest_route=%2Fwp%2Fv2%2Fcategories&post=27847"},{"taxonomy":"post_tag","embeddable":true,"href":"https:\/\/yeniterter.az\/index.php?rest_route=%2Fwp%2Fv2%2Ftags&post=27847"}],"curies":[{"name":"wp","href":"https:\/\/api.w.org\/{rel}","templated":true}]}}