{"id":27843,"date":"2024-07-22T10:59:41","date_gmt":"2024-07-22T07:59:41","guid":{"rendered":"https:\/\/yeniterter.az\/?p=27843"},"modified":"2024-07-22T10:59:41","modified_gmt":"2024-07-22T07:59:41","slug":"davamli-v%c9%99-sabit-%c9%99m%c9%99kdasliq-ucun-butun-lazimi-amill%c9%99r-movcuddur","status":"publish","type":"post","link":"https:\/\/yeniterter.az\/?p=27843","title":{"rendered":"Davaml\u0131 v\u0259 sabit \u0259m\u0259kda\u015fl\u0131q \u00fc\u00e7\u00fcn b\u00fct\u00fcn laz\u0131mi amill\u0259r m\u00f6vcuddur"},"content":{"rendered":"<p><img decoding=\"async\" loading=\"lazy\" class=\" wp-image-27844 alignleft\" src=\"https:\/\/yeniterter.az\/wp-content\/uploads\/452593050_338834129281054_5555923446947558223_n-300x152.jpg\" alt=\"\" width=\"215\" height=\"109\" srcset=\"https:\/\/yeniterter.az\/wp-content\/uploads\/452593050_338834129281054_5555923446947558223_n-300x152.jpg 300w, https:\/\/yeniterter.az\/wp-content\/uploads\/452593050_338834129281054_5555923446947558223_n.jpg 584w\" sizes=\"(max-width: 215px) 100vw, 215px\" \/><img decoding=\"async\" loading=\"lazy\" class=\"wp-image-27845 alignright\" src=\"https:\/\/yeniterter.az\/wp-content\/uploads\/452480878_338834109281056_69317987150884362_n-300x191.jpg\" alt=\"\" width=\"177\" height=\"112\" srcset=\"https:\/\/yeniterter.az\/wp-content\/uploads\/452480878_338834109281056_69317987150884362_n-300x191.jpg 300w, https:\/\/yeniterter.az\/wp-content\/uploads\/452480878_338834109281056_69317987150884362_n.jpg 600w\" sizes=\"(max-width: 177px) 100vw, 177px\" \/>Prezident \u0130lham \u018fliyev cari ilin 18 iyul tarixind\u0259 Oksfordda \u201cAvropa Siyasi Birliyi\u201dnin 4-c\u00fc Zirv\u0259 toplant\u0131s\u0131 \u00e7\u0259r\u00e7iv\u0259sind\u0259 \u201cEnerji v\u0259 ba\u011flant\u0131\u201d m\u00f6vzusunda d\u0259yirmi masada i\u015ftirak edib. Burada \u00e7\u0131x\u0131\u015f ed\u0259n d\u00f6vl\u0259t r\u0259hb\u0259ri bildirib ki, enerji sah\u0259sind\u0259 Bak\u0131da m\u00fc\u0259yy\u0259nl\u0259\u015fdirilmi\u015f strateji t\u0259r\u0259fda\u015fl\u0131q bizim Avropaya qaz t\u0259chizat\u0131m\u0131z\u0131n 2027-ci ilin sonuna q\u0259d\u0259r ikiqat art\u0131r\u0131lmas\u0131n\u0131 n\u0259z\u0259rd\u0259 tutur.<\/p>\n<p>2021-ci ild\u0259 Avropa qit\u0259sin\u0259 bizim qaz t\u0259chizat\u0131m\u0131z ild\u0259 8 milyard kubmetr t\u0259\u015fkil edirdis\u0259, bu il bu g\u00f6st\u0259rici 13 milyard kubmetr\u0259 yax\u0131n olacaq.<\/p>\n<p>\u0130xrac\u0131n yar\u0131dan \u00e7oxu Avropaya gedir. 2021-ci ild\u0259 \u00fcmumi ixrac 18 milyard kubmetr t\u0259\u015fkil edirdis\u0259, bu il bu g\u00f6st\u0259rici 25 milyard kubmetr olacaq.<\/p>\n<p>Az\u0259rbaycan\u0131n t\u0259bii qaz\u0131n\u0131 s\u0259kkiz \u00f6lk\u0259 al\u0131r, onlardan be\u015fi &#8211; Bolqar\u0131stan, Yunan\u0131stan, \u0130taliya, Macar\u0131stan v\u0259 Rum\u0131niya Avropa \u0130ttifaq\u0131n\u0131n \u00fczv\u00fcd\u00fcr. \u0130kisi \u0130ttifaqa daxil olmaq \u00fc\u00e7\u00fcn namiz\u0259d \u00f6lk\u0259dir &#8211; G\u00fcrc\u00fcstan v\u0259 Serbiya, el\u0259c\u0259 d\u0259 T\u00fcrkiy\u0259.<\/p>\n<p>Sloveniya-Az\u0259rbaycan qaz \u0259m\u0259kda\u015fl\u0131\u011f\u0131 istiqam\u0259tind\u0259 m\u00fch\u00fcm hadis\u0259 ba\u015f verdi. Az\u0259rbaycan bir ne\u00e7\u0259 aya Sloveniya bazar\u0131na daxil ola bil\u0259c\u0259k.<\/p>\n<p>Prezident \u0130lham \u018fliyev deyib ki, indi Avropada interkonnektor layih\u0259l\u0259ri icra olunduqca Az\u0259rbaycan qaz\u0131n\u0131n daha \u00e7ox Avropa \u00f6lk\u0259sin\u0259 ixrac edilm\u0259si \u00fc\u00e7\u00fcn \u0259lav\u0259 imkanlar olacaq.<!--more--><\/p>\n<p>Avropa Komissiyas\u0131 Az\u0259rbaycan\u0131 enerji \u00fczr\u0259 etibarl\u0131 t\u0259r\u0259fda\u015f v\u0259 \u00fcmum-Avropa qaz t\u0259chizat\u00e7\u0131s\u0131 adland\u0131rm\u0131\u015fd\u0131r.<\/p>\n<p>Az\u0259rbaycan yaln\u0131z Avropaya 2027-ci il\u0259 q\u0259d\u0259r ild\u0259 20 milyard kubmetr qazla t\u0259chiz etm\u0259k \u00fczr\u0259 \u00f6z \u00f6hd\u0259liyini yerin\u0259 yetirm\u0259k \u00fc\u00e7\u00fcn \u0259lind\u0259n g\u0259l\u0259ni etm\u0259y\u0259 \u00e7al\u0131\u015f\u0131r.<\/p>\n<p>Qeyd olunub ki, yeni t\u0259r\u0259fda\u015flarla, \u0259sas\u0259n Sloveniya v\u0259 Slovakiya il\u0259 dan\u0131\u015f\u0131qlar prosesini s\u00fcr\u0259tl\u0259ndirm\u0259liyik, h\u0259m\u00e7inin m\u00f6vcud bazarlara qaz t\u0259chizat\u0131m\u0131z\u0131n art\u0131r\u0131lmas\u0131 \u00fcz\u0259rind\u0259 \u00e7al\u0131\u015fmal\u0131y\u0131q. \u00c7\u00fcnki bizim \u0130taliyaya t\u0259chizat\u0131m\u0131z 9 milyard kubmetrdirs\u0259, \u0130taliyaya bizd\u0259n 20 milyard kubmetr qaz laz\u0131md\u0131r. Bu, sad\u0259c\u0259, qaz\u0131m\u0131za olan t\u0259l\u0259bat\u0131n bir n\u00fcmun\u0259sidir.<\/p>\n<p>Davaml\u0131 v\u0259 sabit \u0259m\u0259kda\u015fl\u0131q \u00fc\u00e7\u00fcn b\u00fct\u00fcn laz\u0131mi amill\u0259r m\u00f6vcuddur. Az\u0259rbaycan\u0131n laz\u0131mi resurslar\u0131 v\u0259 infrastrukturu var, habel\u0259 daha da inki\u015faf etdirilir.<\/p>\n<p>20 il \u0259rzind\u0259 Az\u0259rbaycan tarixd\u0259 ilk d\u0259f\u0259 olaraq X\u0259z\u0259r d\u0259nizini Aral\u0131q d\u0259nizi il\u0259 birl\u0259\u015fdir\u0259n k\u0259m\u0259r t\u0259\u015f\u0259bb\u00fcs\u00fc il\u0259 \u00e7\u0131x\u0131\u015f etdi v\u0259 qon\u015fular\u0131 il\u0259 birlikd\u0259 onu istismara verdi.<\/p>\n<p>\u0130ndi Az\u0259rbaycan neftini Aral\u0131q d\u0259nizind\u0259 T\u00fcrkiy\u0259nin Ceyhan liman\u0131ndan m\u00fcxt\u0259lif t\u0259yinat n\u00f6qt\u0259l\u0259rin\u0259, o c\u00fcml\u0259d\u0259n Az\u0259rbaycan\u0131n xam neftind\u0259n \u0259h\u0259miyy\u0259tli d\u0259r\u0259c\u0259d\u0259 as\u0131l\u0131 olan \u00e7ox h\u0259ssas n\u00f6qt\u0259l\u0259r\u0259 n\u0259ql edir.<\/p>\n<p>B\u0259zi \u00f6lk\u0259l\u0259rd\u0259 Az\u0259rbaycan xam neftinin istehlak\u0131 onlar\u0131n t\u0259l\u0259bat\u0131n\u0131n 50 v\u0259 ya daha \u00e7ox faizini t\u0259\u015fkil edir.<\/p>\n<p>\u00dc\u00e7 ild\u0259n art\u0131qd\u0131r ki, Az\u0259rbaycan m\u00fch\u00fcm qaz t\u0259chizat\u00e7\u0131s\u0131na \u00e7evrilib. Bizim qaz k\u0259m\u0259rimiz &#8211; C\u0259nub Qaz D\u0259hlizi 2020-ci il dekabr\u0131n 31-d\u0259 istismara verilib.<\/p>\n<p>Qism\u0259n Adriatik d\u0259nizinin dibi il\u0259 uzanan 3500 kilometrlik inteqrasiya edilmi\u015f boru k\u0259m\u0259ri sistemi &#8211; C\u0259nub Qaz D\u0259hlizi istismara verildikd\u0259n sonra Az\u0259rbaycan d\u0259rhal Avropaya t\u0259chizata ba\u015flad\u0131.<\/p>\n<p>\u0130qtisadi sah\u0259d\u0259 \u0259ld\u0259 olunan u\u011furlar Az\u0259rbaycan\u0131n sitasi m\u00fcst\u0259vid\u0259 \u0259ld\u0259 etdiyi u\u011furlar\u0131n say\u0131n\u0131 art\u0131r\u0131r.<\/p>\n<p>&nbsp;<\/p>\n","protected":false},"excerpt":{"rendered":"<p>Prezident \u0130lham \u018fliyev cari ilin 18 iyul tarixind\u0259 Oksfordda \u201cAvropa Siyasi Birliyi\u201dnin 4-c\u00fc Zirv\u0259 toplant\u0131s\u0131 \u00e7\u0259r\u00e7iv\u0259sind\u0259 \u201cEnerji v\u0259 ba\u011flant\u0131\u201d m\u00f6vzusunda d\u0259yirmi masada i\u015ftirak edib. Burada \u00e7\u0131x\u0131\u015f ed\u0259n d\u00f6vl\u0259t r\u0259hb\u0259ri bildirib ki, enerji sah\u0259sind\u0259 Bak\u0131da m\u00fc\u0259yy\u0259nl\u0259\u015fdirilmi\u015f strateji t\u0259r\u0259fda\u015fl\u0131q bizim Avropaya qaz t\u0259chizat\u0131m\u0131z\u0131n 2027-ci ilin sonuna q\u0259d\u0259r ikiqat art\u0131r\u0131lmas\u0131n\u0131 n\u0259z\u0259rd\u0259 tutur. 2021-ci ild\u0259 Avropa qit\u0259sin\u0259 bizim qaz [&hellip;]<\/p>\n","protected":false},"author":2,"featured_media":0,"comment_status":"closed","ping_status":"closed","sticky":false,"template":"","format":"standard","meta":[],"categories":[10],"tags":[],"_links":{"self":[{"href":"https:\/\/yeniterter.az\/index.php?rest_route=\/wp\/v2\/posts\/27843"}],"collection":[{"href":"https:\/\/yeniterter.az\/index.php?rest_route=\/wp\/v2\/posts"}],"about":[{"href":"https:\/\/yeniterter.az\/index.php?rest_route=\/wp\/v2\/types\/post"}],"author":[{"embeddable":true,"href":"https:\/\/yeniterter.az\/index.php?rest_route=\/wp\/v2\/users\/2"}],"replies":[{"embeddable":true,"href":"https:\/\/yeniterter.az\/index.php?rest_route=%2Fwp%2Fv2%2Fcomments&post=27843"}],"version-history":[{"count":1,"href":"https:\/\/yeniterter.az\/index.php?rest_route=\/wp\/v2\/posts\/27843\/revisions"}],"predecessor-version":[{"id":27846,"href":"https:\/\/yeniterter.az\/index.php?rest_route=\/wp\/v2\/posts\/27843\/revisions\/27846"}],"wp:attachment":[{"href":"https:\/\/yeniterter.az\/index.php?rest_route=%2Fwp%2Fv2%2Fmedia&parent=27843"}],"wp:term":[{"taxonomy":"category","embeddable":true,"href":"https:\/\/yeniterter.az\/index.php?rest_route=%2Fwp%2Fv2%2Fcategories&post=27843"},{"taxonomy":"post_tag","embeddable":true,"href":"https:\/\/yeniterter.az\/index.php?rest_route=%2Fwp%2Fv2%2Ftags&post=27843"}],"curies":[{"name":"wp","href":"https:\/\/api.w.org\/{rel}","templated":true}]}}