{"id":27825,"date":"2024-07-19T10:41:26","date_gmt":"2024-07-19T07:41:26","guid":{"rendered":"https:\/\/yeniterter.az\/?p=27825"},"modified":"2024-07-19T10:41:26","modified_gmt":"2024-07-19T07:41:26","slug":"m%c9%99nim-yeni-t%c9%99rt%c9%99rim","status":"publish","type":"post","link":"https:\/\/yeniterter.az\/?p=27825","title":{"rendered":"M\u0259nim \u201cYeni T\u0259rt\u0259r\u201dim"},"content":{"rendered":"<p><img decoding=\"async\" loading=\"lazy\" class=\" wp-image-27826 alignleft\" src=\"https:\/\/yeniterter.az\/wp-content\/uploads\/07-5-300x195.jpg\" alt=\"\" width=\"213\" height=\"138\" srcset=\"https:\/\/yeniterter.az\/wp-content\/uploads\/07-5-300x195.jpg 300w, https:\/\/yeniterter.az\/wp-content\/uploads\/07-5-1024x667.jpg 1024w, https:\/\/yeniterter.az\/wp-content\/uploads\/07-5-768x500.jpg 768w, https:\/\/yeniterter.az\/wp-content\/uploads\/07-5.jpg 1177w\" sizes=\"(max-width: 213px) 100vw, 213px\" \/>M\u0259nim ilk i\u015f yerim \u201cYeni T\u0259rt\u0259r\u201d q\u0259zeti olub. Redaksiyada dizayner v\u0259zif\u0259sind\u0259 \u00e7al\u0131\u015fm\u0131\u015fam. Bu v\u0259zif\u0259y\u0259 2016-c\u0131 ilin yanvar ay\u0131nda q\u0259bul edilmi\u015f\u0259m.<br \/>\n\u018fvv\u0259lc\u0259 qeyd edim ki, \u201cYeni T\u0259rt\u0259r\u201d T\u0259rt\u0259r rayonunun ke\u00e7mi\u015fini v\u0259 bug\u00fcn\u00fcn\u00fc \u00f6z\u00fcnd\u0259 ya\u015fadan m\u0259tbu orqan olaraq 1934-c\u00fc ild\u0259n n\u0259\u015fr olunma\u011fa ba\u015flay\u0131b. Kolxoz quruculu\u011fu ill\u0259rind\u0259 i\u015f\u0131q \u00fcz\u00fc g\u00f6r\u0259n q\u0259zetin \u00e7\u0131xar\u0131lmas\u0131 m\u0259hz o d\u00f6vr\u00fcn t\u0259l\u0259bl\u0259rind\u0259n ir\u0259li g\u0259lirdi. M\u0259qs\u0259d is\u0259 insanlar\u0131 maarifl\u0259ndirm\u0259k, h\u00f6kum\u0259tin q\u0259rar v\u0259 g\u00f6st\u0259ri\u015fl\u0259rini onlara \u00e7atd\u0131rmaq v\u0259 eyni zamanda, rayonun h\u0259yat\u0131ndak\u0131 neqativ hallar\u0131n aradan qald\u0131r\u0131lmas\u0131na k\u00f6m\u0259k etm\u0259k idi. M\u00fcxt\u0259lif ill\u0259rd\u0259 q\u0259zet m\u00fcxt\u0259lif adlarla \u00e7\u0131x\u0131b \u2013 \u201cKolxoz\u00e7ular\u0131n varlanmas\u0131 yolunda\u201d, \u201cQ\u0131z\u0131l Bayraq\u201d, \u201c T\u0259rt\u0259r\u201d v\u0259 n\u0259haty\u0259t, 2005-ci ild\u0259n indiy\u0259d\u0259k \u201cYeni T\u0259rt\u0259r\u201d ad\u0131 il\u0259. H\u0259r d\u00f6vr n\u0259\u015frin simas\u0131na \u00f6z m\u00f6h\u00fcr\u00fcn\u00fc vursa da, q\u0259zetin \u00fcmumi m\u0259qs\u0259di v\u0259 m\u0259ram\u0131 he\u00e7 zaman d\u0259yi\u015fm\u0259yib \u2013 o, h\u0259r zaman rayonun, onun q\u0259hr\u0259man, v\u0259t\u0259np\u0259rv\u0259r, z\u0259hm\u0259tke\u015f sakinl\u0259rinin h\u0259yat\u0131ndan yaz\u0131b, onlar\u0131n yan\u0131nda olub, maarifl\u0259ndirib, g\u0259ncl\u0259ri yeni-yeni u\u011furlara s\u0259sl\u0259yib.<!--more--><br \/>\nM\u0259n bunu \u00f6z g\u00f6zl\u0259riml\u0259 2016-c\u0131 ilin Aprel hadis\u0259l\u0259rind\u0259 g\u00f6rd\u00fcm. Tarix\u0259 q\u0131z\u0131l h\u0259rfl\u0259rl\u0259 yaz\u0131lan, B\u00f6y\u00fck Z\u0259f\u0259rimizin ba\u015flan\u011f\u0131c\u0131 olan h\u0259min g\u00fcnl\u0259rd\u0259 T\u0259rt\u0259r d\u00fc\u015fm\u0259n t\u0259r\u0259find\u0259n g\u00fccl\u00fc artilleriya at\u0259\u015fin\u0259 tutulurdu. Evl\u0259r da\u011f\u0131l\u0131r, insanlar\u0131m\u0131z \u015f\u0259hid olurdu. Bar\u0131t qoxulu, vahim\u0259li h\u0259min g\u00fcnl\u0259rd\u0259 redaksiyam\u0131z\u0131n kollektivi bir n\u0259f\u0259r kimi i\u015fl\u0259yirdi, q\u0259zetimiz \u00e7\u0131x\u0131rd\u0131 v\u0259 b\u00f6y\u00fck q\u00fcrur hissi il\u0259 bildirir\u0259m ki, L\u0259l\u0259 T\u0259p\u0259 y\u00fcks\u0259kliyinin al\u0131nmas\u0131, torpaqlar\u0131m\u0131z\u0131n geri qaytar\u0131lmas\u0131 haqq\u0131nda x\u0259b\u0259rl\u0259ri q\u0259zetimizin s\u0259hif\u0259l\u0259rin\u0259 yerl\u0259\u015fdir\u0259nd\u0259 \u00f6z\u00fcm\u00fc d\u00fcnyan\u0131n \u0259n xo\u015fb\u0259xt g\u0259nci hesab etmi\u015f\u0259m.<br \/>\nM\u0259nim b\u00f6y\u00fcd\u00fcy\u00fcm, boya-ba\u015fa \u00e7atd\u0131\u011f\u0131m T\u0259rt\u0259r rayonu 30 ild\u0259n art\u0131q bir m\u00fcdd\u0259td\u0259 d\u00fc\u015fm\u0259nl\u0259 \u00fczb\u0259\u00fcz m\u0259\u011frurcas\u0131na dayan\u0131b, t\u0259kc\u0259 dayanmay\u0131b, m\u00fcbariz\u0259 apar\u0131b, d\u00fc\u015fm\u0259n\u0259 da\u011f \u00e7\u0259kib.<br \/>\nBu m\u00fcbariz\u0259, \u015f\u0259hidl\u0259rimizin, igid o\u011fullar\u0131m\u0131z\u0131n q\u0259hr\u0259manl\u0131\u011f\u0131 rayon q\u0259zetinin s\u0259hif\u0259l\u0259rind\u0259 y\u00fczl\u0259rl\u0259 m\u0259qal\u0259d\u0259 \u00f6z \u0259ksini tap\u0131b.<br \/>\nT\u0259rt\u0259r Rayon \u0130cra Hakimiyy\u0259tinin ba\u015f\u00e7\u0131s\u0131 M\u00fcst\u0259qim M\u0259mm\u0259dovun redaktorlu\u011fu v\u0259 maliyy\u0259 d\u0259st\u0259yi il\u0259 q\u0259zetin ba\u015f redaktoru Svetlana Ba\u011f\u0131rovan\u0131n yazd\u0131\u011f\u0131 \u201cT\u0259rt\u0259rin tarix yazan o\u011fullar\u0131\u201d kitab\u0131 h\u0259r bir \u015f\u0259hid ail\u0259sind\u0259 m\u0259h\u0259bb\u0259tl\u0259 qorunub saxlan\u0131l\u0131r. M\u00f6ht\u0259r\u0259m Prezidentimiz \u0130lham \u018fliyevin S\u0259r\u0259ncam\u0131 il\u0259 Svetlana Ba\u011f\u0131rovan\u0131n \u201cHeyd\u0259r \u018fliyevin 100 illiyi (1923-2023) yubiley medal\u0131\u201d il\u0259 t\u0259ltif olunmas\u0131 d\u00f6vl\u0259t ba\u015f\u00e7\u0131s\u0131n\u0131n jurnalistl\u0259rin \u0259m\u0259yin\u0259 verdiyi b\u00f6y\u00fck qiym\u0259tin bariz n\u00fcmun\u0259sidir.<br \/>\nBu g\u00fcn m\u0259nim T\u0259rt\u0259rim ba\u015fqa bir ovqatdad\u0131r. Vaxt\u0131 il\u0259 qucaq a\u00e7d\u0131\u011f\u0131 ke\u00e7mi\u015f m\u0259cburi k\u00f6\u00e7k\u00fcnl\u0259r \u00f6z do\u011fma yurd-yuvalar\u0131na qay\u0131d\u0131rlar. B\u00f6y\u00fck Qay\u0131d\u0131\u015f ba\u015flay\u0131b. Bu misilsiz hadis\u0259l\u0259ri i\u015f\u0131qland\u0131ranlar aras\u0131nda m\u0259nim do\u011fma q\u0259zetim d\u0259 var. Ya\u015fa, m\u0259nim \u201cYeni T\u0259rt\u0259rim\u201d<br \/>\nQ\u0259zetin kollektivini 22 iyul\u2013 Milli M\u0259tbuat G\u00fcn\u00fc m\u00fcnasib\u0259til\u0259 \u00fcr\u0259kd\u0259n t\u0259brik edir, yeni yarad\u0131c\u0131l\u0131q u\u011furlar\u0131 arzulay\u0131ram.<\/p>\n<p style=\"text-align: right;\"><em><strong>T\u00fcrkan H\u00dcSEYNOVA,<\/strong><\/em><br \/>\n<em><strong>Bak\u0131 \u015f\u0259h\u0259ri Suraxan\u0131 <\/strong><\/em><br \/>\n<em><strong>rayonu Heyd\u0259r \u018fliyev M\u0259rk\u0259zinin \u0259m\u0259kda\u015f\u0131<\/strong><\/em><\/p>\n","protected":false},"excerpt":{"rendered":"<p>M\u0259nim ilk i\u015f yerim \u201cYeni T\u0259rt\u0259r\u201d q\u0259zeti olub. Redaksiyada dizayner v\u0259zif\u0259sind\u0259 \u00e7al\u0131\u015fm\u0131\u015fam. Bu v\u0259zif\u0259y\u0259 2016-c\u0131 ilin yanvar ay\u0131nda q\u0259bul edilmi\u015f\u0259m. \u018fvv\u0259lc\u0259 qeyd edim ki, \u201cYeni T\u0259rt\u0259r\u201d T\u0259rt\u0259r rayonunun ke\u00e7mi\u015fini v\u0259 bug\u00fcn\u00fcn\u00fc \u00f6z\u00fcnd\u0259 ya\u015fadan m\u0259tbu orqan olaraq 1934-c\u00fc ild\u0259n n\u0259\u015fr olunma\u011fa ba\u015flay\u0131b. Kolxoz quruculu\u011fu ill\u0259rind\u0259 i\u015f\u0131q \u00fcz\u00fc g\u00f6r\u0259n q\u0259zetin \u00e7\u0131xar\u0131lmas\u0131 m\u0259hz o d\u00f6vr\u00fcn t\u0259l\u0259bl\u0259rind\u0259n ir\u0259li g\u0259lirdi. [&hellip;]<\/p>\n","protected":false},"author":2,"featured_media":0,"comment_status":"closed","ping_status":"closed","sticky":false,"template":"","format":"standard","meta":[],"categories":[10],"tags":[],"_links":{"self":[{"href":"https:\/\/yeniterter.az\/index.php?rest_route=\/wp\/v2\/posts\/27825"}],"collection":[{"href":"https:\/\/yeniterter.az\/index.php?rest_route=\/wp\/v2\/posts"}],"about":[{"href":"https:\/\/yeniterter.az\/index.php?rest_route=\/wp\/v2\/types\/post"}],"author":[{"embeddable":true,"href":"https:\/\/yeniterter.az\/index.php?rest_route=\/wp\/v2\/users\/2"}],"replies":[{"embeddable":true,"href":"https:\/\/yeniterter.az\/index.php?rest_route=%2Fwp%2Fv2%2Fcomments&post=27825"}],"version-history":[{"count":1,"href":"https:\/\/yeniterter.az\/index.php?rest_route=\/wp\/v2\/posts\/27825\/revisions"}],"predecessor-version":[{"id":27827,"href":"https:\/\/yeniterter.az\/index.php?rest_route=\/wp\/v2\/posts\/27825\/revisions\/27827"}],"wp:attachment":[{"href":"https:\/\/yeniterter.az\/index.php?rest_route=%2Fwp%2Fv2%2Fmedia&parent=27825"}],"wp:term":[{"taxonomy":"category","embeddable":true,"href":"https:\/\/yeniterter.az\/index.php?rest_route=%2Fwp%2Fv2%2Fcategories&post=27825"},{"taxonomy":"post_tag","embeddable":true,"href":"https:\/\/yeniterter.az\/index.php?rest_route=%2Fwp%2Fv2%2Ftags&post=27825"}],"curies":[{"name":"wp","href":"https:\/\/api.w.org\/{rel}","templated":true}]}}