{"id":27788,"date":"2024-07-17T08:57:28","date_gmt":"2024-07-17T05:57:28","guid":{"rendered":"https:\/\/yeniterter.az\/?p=27788"},"modified":"2024-07-17T08:57:28","modified_gmt":"2024-07-17T05:57:28","slug":"milli-m%c9%99tbuatimizin-ugurlari-gunb%c9%99gun-artir","status":"publish","type":"post","link":"https:\/\/yeniterter.az\/?p=27788","title":{"rendered":"Milli m\u0259tbuat\u0131m\u0131z\u0131n u\u011furlar\u0131 g\u00fcnb\u0259g\u00fcn art\u0131r"},"content":{"rendered":"<p><img decoding=\"async\" loading=\"lazy\" class=\" wp-image-27789 alignleft\" src=\"https:\/\/yeniterter.az\/wp-content\/uploads\/463a276b-f732-44bc-8b71-44474705a577-300x300.jpg\" alt=\"\" width=\"120\" height=\"120\" srcset=\"https:\/\/yeniterter.az\/wp-content\/uploads\/463a276b-f732-44bc-8b71-44474705a577-300x300.jpg 300w, https:\/\/yeniterter.az\/wp-content\/uploads\/463a276b-f732-44bc-8b71-44474705a577-150x150.jpg 150w, https:\/\/yeniterter.az\/wp-content\/uploads\/463a276b-f732-44bc-8b71-44474705a577.jpg 526w\" sizes=\"(max-width: 120px) 100vw, 120px\" \/>Az\u0259rbaycanda milli m\u0259tbuat\u0131n, ana dilind\u0259 ilk q\u0259zetin n\u0259\u015fr\u0259 ba\u015flamas\u0131n\u0131n 149 ili tamam olur. 1875-ci ilin 22 iyulunda g\u00f6rk\u0259mli maarif\u00e7i, t\u0259bi\u0259t\u015f\u00fcnas alim, publisist, m\u00fct\u0259f\u0259kkir H\u0259s\u0259n b\u0259y Z\u0259rdabinin \u0259sas\u0131n\u0131 qoydu\u011fu \u201c\u018fkin\u00e7i\u201d q\u0259zeti il\u0259 xalq\u0131m\u0131z\u0131n milli oyan\u0131\u015f\u0131nda yeni s\u0259hif\u0259 a\u00e7\u0131l\u0131b. 1877-ci ilin 29 sentyabr tarixin\u0259 q\u0259d\u0259r \u00e7ap\u0131n\u0131 davam etdir\u0259n \u201c\u018fkin\u00e7i\u201d ayda iki d\u0259f\u0259 300-400 tirajla n\u0259\u015fr edilib. Bu m\u00fcdd\u0259t \u0259rzind\u0259 q\u0259zetin 56 n\u00f6mr\u0259si i\u015f\u0131q \u00fcz\u00fc g\u00f6r\u00fcb. Bu q\u0259zetin Az\u0259rbaycan milli m\u0259tbuat\u0131n\u0131n t\u0259\u015f\u0259kk\u00fcl tapmas\u0131nda, inki\u015faf\u0131nda \u0259v\u0259zsiz rolu olub. \u018fsas\u0259n maarif\u00e7ilik missiyas\u0131n\u0131 \u00fcz\u0259rin\u0259 g\u00f6t\u00fcrm\u00fc\u015f \u201c\u018fkin\u00e7i\u201d q\u0131sa m\u00fcdd\u0259td\u0259 h\u0259m ziyal\u0131 t\u0259b\u0259q\u0259, h\u0259m d\u0259 sad\u0259 insanlar aras\u0131nda \u00e7ox m\u0259\u015fhurla\u015f\u0131b.<\/p>\n<p>Az\u0259rbaycan milli m\u0259tbuat\u0131n\u0131n t\u0259m\u0259lini qoyan bu q\u0259zet, ikiillik \u00f6m\u00fcr ya\u015fasa da, o d\u00f6vr\u00fcn g\u00f6rk\u0259mli maarif\u00e7il\u0259ri &#8220;\u018fkin\u00e7i&#8221; q\u0259zetinin s\u0259hif\u0259l\u0259rind\u0259 \u00f6z maarif\u00e7i v\u0259 demokratik ideyalar\u0131n\u0131 t\u0259bli\u011f ed\u0259r\u0259k ictimai, siyasi v\u0259 b\u0259dii fikrin inki\u015faf\u0131na b\u00f6y\u00fck t\u0259sir g\u00f6st\u0259rmi\u015fl\u0259r<\/p>\n<p>Milli m\u0259tbuat\u0131m\u0131z\u0131n inki\u015faf\u0131 ulu \u00f6nd\u0259r Heyd\u0259r \u018fliyevin ad\u0131 il\u0259 ba\u011fl\u0131d\u0131r. Ulu \u00d6nd\u0259rin 1993-c\u00fc ild\u0259 xalq\u0131n t\u0259kidli t\u0259l\u0259bi il\u0259 hakimiyy\u0259t\u0259 qay\u0131d\u0131\u015f\u0131 m\u0259tbuat\u0131m\u0131z\u0131n inki\u015faf tarixind\u0259 d\u0259 yeni m\u0259rh\u0259l\u0259 a\u00e7d\u0131.<\/p>\n<p>\u00dcmummilli lider Heyd\u0259r \u018fliyev t\u0259r\u0259find\u0259n\u00a0 1998 \u2013ci ild\u0259 Az\u0259rbaycan m\u0259tbuat\u0131n\u0131n \u00fcz\u0259rind\u0259n d\u00f6vl\u0259t senzuras\u0131n\u0131n l\u0259\u011fv edilm\u0259si il\u0259 \u00f6lk\u0259mizd\u0259 s\u00f6z v\u0259 m\u0259tbuat azadl\u0131\u011f\u0131n\u0131n \u0259sas\u0131 qoyuldu v\u0259 bu, m\u0259tbuat\u0131n inki\u015faf\u0131na ciddi t\u0259kan verdi.<!--more--><\/p>\n<p>Ulu \u00d6nd\u0259rin m\u0259tbuata v\u0259 m\u0259tbuat n\u00fcmay\u0259nd\u0259l\u0259rin\u0259 g\u00f6st\u0259rdiyi diqq\u0259t v\u0259 qay\u011f\u0131 \u00dcmummilli Liderin layiqli varisi \u00f6lk\u0259 Prezidenti \u0130lham \u018fliyev c\u0259nablar\u0131 t\u0259r\u0259find\u0259n u\u011furla\u00a0 davam etdirilir. \u00d6lk\u0259mizd\u0259 s\u00f6z v\u0259 m\u0259tbuat azadl\u0131\u011f\u0131 tam t\u0259min olunub. T\u0259sad\u00fcfi deyil ki, haz\u0131rda respublikada \u00e7oxlu sayda m\u00fcxt\u0259lif q\u0259zet v\u0259 jurnallar n\u0259\u015fr olunur. M\u00fcasir d\u00f6vrd\u0259 informasiya texnologiyalar\u0131n\u0131n inki\u015faf\u0131 Az\u0259rbaycan\u0131n\u00a0 informasiya \u015f\u0259b\u0259k\u0259sinin bir hiss\u0259sin\u0259 \u00e7evirib. Bu g\u00fcn m\u00fcst\u0259qillik yolu il\u0259 inamla ir\u0259lil\u0259y\u0259n v\u0259 h\u0259rt\u0259r\u0259fli inki\u015faf ed\u0259n Az\u0259rbaycanda s\u00f6z v\u0259 m\u0259tbuat azadl\u0131\u011f\u0131n\u0131n t\u0259min olunmas\u0131 istiqam\u0259tind\u0259 ciddi add\u0131mlar at\u0131l\u0131r.<\/p>\n<p>Qeyd olunmal\u0131d\u0131r ki, Az\u0259rbaycan medias\u0131 h\u0259m Birinci, h\u0259m d\u0259 \u0130kinci Qaraba\u011f m\u00fcharib\u0259l\u0259rind\u0259 \u00fcz\u0259rin\u0259 d\u00fc\u015f\u0259n v\u0259zif\u0259ni layiqinc\u0259 yerin\u0259 yetirib. H\u0259r zaman Az\u0259rbaycan h\u0259qiq\u0259tl\u0259rinin t\u0259bli\u011fi\u00a0 missiyas\u0131n\u0131 u\u011furla h\u0259yata ke\u00e7ir\u0259n m\u0259tbuat\u0131m\u0131z\u0131n 44 g\u00fcnl\u00fck V\u0259t\u0259n m\u00fcharib\u0259sinin gedi\u015find\u0259 \u00f6lk\u0259mizin d\u00fc\u015fm\u0259n t\u0259bli\u011fat\u0131na qar\u015f\u0131 informasiya m\u00fcbariz\u0259sin\u0259 t\u00f6hf\u0259l\u0259rini verdiyi kimi, postm\u00fcharib\u0259 d\u00f6vr\u00fcnd\u0259 d\u0259 bu i\u015fi davam etdirm\u0259kd\u0259dir.<\/p>\n<p>Milli M\u0259tbuat G\u00fcn\u00fc m\u00fcnasib\u0259til\u0259 m\u0259tbuat\u0131m\u0131z\u0131n inki\u015faf\u0131nda \u0259m\u0259yi olan h\u0259r k\u0259si t\u0259brik edir, \u015f\u0259r\u0259fli v\u0259 m\u0259suliyy\u0259tli f\u0259aliyy\u0259tl\u0259rind\u0259 yeni u\u011furlar arzulay\u0131r\u0131q.<\/p>\n<p style=\"text-align: right;\"><strong><em>Eldar \u018fs\u0259dov, <\/em><\/strong><\/p>\n<p style=\"text-align: right;\"><strong><em>YAP T\u0259rt\u0259r rayon t\u0259\u015fkilat\u0131n\u0131n s\u0259dri<\/em><\/strong><\/p>\n<p><strong><em>\u00a0<\/em><\/strong><\/p>\n","protected":false},"excerpt":{"rendered":"<p>Az\u0259rbaycanda milli m\u0259tbuat\u0131n, ana dilind\u0259 ilk q\u0259zetin n\u0259\u015fr\u0259 ba\u015flamas\u0131n\u0131n 149 ili tamam olur. 1875-ci ilin 22 iyulunda g\u00f6rk\u0259mli maarif\u00e7i, t\u0259bi\u0259t\u015f\u00fcnas alim, publisist, m\u00fct\u0259f\u0259kkir H\u0259s\u0259n b\u0259y Z\u0259rdabinin \u0259sas\u0131n\u0131 qoydu\u011fu \u201c\u018fkin\u00e7i\u201d q\u0259zeti il\u0259 xalq\u0131m\u0131z\u0131n milli oyan\u0131\u015f\u0131nda yeni s\u0259hif\u0259 a\u00e7\u0131l\u0131b. 1877-ci ilin 29 sentyabr tarixin\u0259 q\u0259d\u0259r \u00e7ap\u0131n\u0131 davam etdir\u0259n \u201c\u018fkin\u00e7i\u201d ayda iki d\u0259f\u0259 300-400 tirajla n\u0259\u015fr edilib. Bu [&hellip;]<\/p>\n","protected":false},"author":2,"featured_media":0,"comment_status":"closed","ping_status":"closed","sticky":false,"template":"","format":"standard","meta":[],"categories":[10],"tags":[],"_links":{"self":[{"href":"https:\/\/yeniterter.az\/index.php?rest_route=\/wp\/v2\/posts\/27788"}],"collection":[{"href":"https:\/\/yeniterter.az\/index.php?rest_route=\/wp\/v2\/posts"}],"about":[{"href":"https:\/\/yeniterter.az\/index.php?rest_route=\/wp\/v2\/types\/post"}],"author":[{"embeddable":true,"href":"https:\/\/yeniterter.az\/index.php?rest_route=\/wp\/v2\/users\/2"}],"replies":[{"embeddable":true,"href":"https:\/\/yeniterter.az\/index.php?rest_route=%2Fwp%2Fv2%2Fcomments&post=27788"}],"version-history":[{"count":1,"href":"https:\/\/yeniterter.az\/index.php?rest_route=\/wp\/v2\/posts\/27788\/revisions"}],"predecessor-version":[{"id":27790,"href":"https:\/\/yeniterter.az\/index.php?rest_route=\/wp\/v2\/posts\/27788\/revisions\/27790"}],"wp:attachment":[{"href":"https:\/\/yeniterter.az\/index.php?rest_route=%2Fwp%2Fv2%2Fmedia&parent=27788"}],"wp:term":[{"taxonomy":"category","embeddable":true,"href":"https:\/\/yeniterter.az\/index.php?rest_route=%2Fwp%2Fv2%2Fcategories&post=27788"},{"taxonomy":"post_tag","embeddable":true,"href":"https:\/\/yeniterter.az\/index.php?rest_route=%2Fwp%2Fv2%2Ftags&post=27788"}],"curies":[{"name":"wp","href":"https:\/\/api.w.org\/{rel}","templated":true}]}}