{"id":27783,"date":"2024-07-15T13:48:50","date_gmt":"2024-07-15T10:48:50","guid":{"rendered":"https:\/\/yeniterter.az\/?p=27783"},"modified":"2024-07-15T13:48:50","modified_gmt":"2024-07-15T10:48:50","slug":"pakistan-il%c9%99-az%c9%99rbaycan-h%c9%99r-isd%c9%99-ist%c9%99nil%c9%99n-beyn%c9%99lxalq-t%c9%99sisat-daxilind%c9%99-h%c9%99r-beyn%c9%99lxalq-m%c9%99s%c9%99l%c9%99d%c9%99-bir-birini-d%c9%99st%c9%99k","status":"publish","type":"post","link":"https:\/\/yeniterter.az\/?p=27783","title":{"rendered":"Pakistan il\u0259 Az\u0259rbaycan h\u0259r i\u015fd\u0259, ist\u0259nil\u0259n beyn\u0259lxalq t\u0259sisat daxilind\u0259, h\u0259r beyn\u0259lxalq m\u0259s\u0259l\u0259d\u0259 bir-birini d\u0259st\u0259kl\u0259yir"},"content":{"rendered":"<p><img decoding=\"async\" loading=\"lazy\" class=\" wp-image-27784 alignleft\" src=\"https:\/\/yeniterter.az\/wp-content\/uploads\/451234848_334626779701789_5455069850703324566_n-300x233.jpg\" alt=\"\" width=\"195\" height=\"151\" srcset=\"https:\/\/yeniterter.az\/wp-content\/uploads\/451234848_334626779701789_5455069850703324566_n-300x233.jpg 300w, https:\/\/yeniterter.az\/wp-content\/uploads\/451234848_334626779701789_5455069850703324566_n.jpg 600w\" sizes=\"(max-width: 195px) 100vw, 195px\" \/><img decoding=\"async\" loading=\"lazy\" class=\"size-medium wp-image-27785 alignleft\" src=\"https:\/\/yeniterter.az\/wp-content\/uploads\/451441956_334626806368453_4785907336827264684_n-300x152.jpg\" alt=\"\" width=\"300\" height=\"152\" srcset=\"https:\/\/yeniterter.az\/wp-content\/uploads\/451441956_334626806368453_4785907336827264684_n-300x152.jpg 300w, https:\/\/yeniterter.az\/wp-content\/uploads\/451441956_334626806368453_4785907336827264684_n.jpg 584w\" sizes=\"(max-width: 300px) 100vw, 300px\" \/>Az\u0259rbaycan Respublikas\u0131n\u0131n Prezidenti c\u0259nab \u0130lham \u018fliyev cari ilin 11 iyul tarixind\u0259 \u0130slamabadda d\u00f6vl\u0259t s\u0259f\u0259ri zaman\u0131 m\u0259tbuata b\u0259yanat verib.<\/p>\n<p>C\u0259nab prezident b\u0259yanat\u0131nda bildirib ki, bizim qarda\u015fl\u0131\u011f\u0131m\u0131z xalqlar\u0131m\u0131z\u0131n \u0259srl\u0259rl\u0259 bundan \u0259vv\u0259l\u0259 t\u0259sad\u00fcf ed\u0259n, bir-birin\u0259 olan d\u0259rin hissl\u0259rin\u0259 \u0259saslan\u0131r. Az\u0259rbaycana g\u0259l\u0259n pakistanl\u0131lar\u0131n say\u0131 son ill\u0259r \u0259rzind\u0259 daha da art\u0131b v\u0259 Bak\u0131-\u0130slamabad, Bak\u0131-K\u0259ra\u00e7i, Bak\u0131-Lahor aras\u0131nda birba\u015fa u\u00e7u\u015flar\u0131 art\u0131q m\u00fczakir\u0259 olunub. Pakistan il\u0259 Az\u0259rbaycan h\u0259r i\u015fd\u0259, ist\u0259nil\u0259n beyn\u0259lxalq t\u0259sisat daxilind\u0259, h\u0259r beyn\u0259lxalq m\u0259s\u0259l\u0259d\u0259 bir-birini d\u0259st\u0259kl\u0259yir. C\u0259mmu v\u0259 K\u0259\u015fmir m\u0259s\u0259l\u0259sind\u0259 bizim birm\u0259nal\u0131 d\u0259st\u0259yimiz qarda\u015fl\u0131\u011f\u0131m\u0131za, el\u0259c\u0259 d\u0259 beyn\u0259lxalq h\u00fcquqa olan sadiqliyimizdir. K\u0259\u015fmirlil\u0259rin h\u00fcquqlar\u0131 onillikl\u0259r boyu diqq\u0259td\u0259n k\u0259narda qalm\u0131\u015f, pozulmu\u015fdur. BMT T\u0259hl\u00fck\u0259sizlik \u015euras\u0131n\u0131n q\u0259tnam\u0259l\u0259ri m\u0259s\u0259l\u0259nin nec\u0259 h\u0259ll olunmas\u0131n\u0131 ayd\u0131n \u015f\u0259kild\u0259 t\u0259svir edir. Lakin, \u0259fsuslar olsun ki, BMT T\u0259hl\u00fck\u0259sizlik \u015euras\u0131n\u0131n q\u0259tnam\u0259l\u0259rinin icra mexanizml\u0259ri yoxdur. B\u00fct\u00fcn Az\u0259rbaycan xalq\u0131 yax\u015f\u0131 bilir ki, i\u015f\u011fal d\u00f6vr\u00fcnd\u0259 Pakistan h\u0259r zaman yan\u0131m\u0131zda olan bir s\u0131ra \u00f6lk\u0259l\u0259rd\u0259n biri olmu\u015fdur. \u0130kinci Qaraba\u011f m\u00fcharib\u0259si \u2013 V\u0259t\u0259n m\u00fcharib\u0259si zaman\u0131 siyasi d\u0259st\u0259k v\u0259 Az\u0259rbaycan\u0131n haql\u0131 m\u00f6vqeyini d\u0259st\u0259kl\u0259y\u0259n Pakistan\u0131n y\u00fcks\u0259k r\u00fctb\u0259li r\u0259smil\u0259rinin birm\u0259nal\u0131 b\u0259yanatlar\u0131 biz\u0259 \u0259lav\u0259 g\u00fcc-q\u00fcvv\u0259t verdi. Pakistan m\u0259hz i\u015f\u011fala g\u00f6r\u0259 Erm\u0259nistanla diplomatik m\u00fcnasib\u0259tl\u0259ri qurmayan \u00f6lk\u0259dir. 2020-ci ilin noyabr\u0131nda Q\u0259l\u0259b\u0259mizi qeyd etdiyimiz zaman xalq\u0131m\u0131z\u0131n \u0259ll\u0259rind\u0259 Az\u0259rbaycan, Pakistan v\u0259 T\u00fcrkiy\u0259nin bayraqlar\u0131 var idi. Bu, bizim m\u00fcnasib\u0259tl\u0259rimizi unikal edir.<!--more--><\/p>\n<p>Energetika, infrastruktur, da\u015f\u0131malar, m\u00fcdafi\u0259 s\u0259nayesi v\u0259 bir s\u0131ra dig\u0259r istiqam\u0259tl\u0259r \u00fczr\u0259 olan layih\u0259l\u0259r art\u0131q m\u00fczakir\u0259 olunub. G\u00fccl\u00fc t\u0259r\u0259fda\u015fl\u0131q \u0259laq\u0259l\u0259ri siyas\u0259t m\u00fcst\u0259visind\u0259, habel\u0259 iqtisadiyyat, ticar\u0259t v\u0259 s\u0259rmay\u0259l\u0259r sah\u0259l\u0259rind\u0259 d\u0259 qurulacaq. \u0130lkin m\u0259rh\u0259l\u0259d\u0259 g\u00fcz\u0259\u015ftli ticar\u0259t format\u0131na aid 9 madd\u0259 m\u00fc\u0259yy\u0259n olunub. Lakin bu, yaln\u0131z ba\u015flan\u011f\u0131cd\u0131r. Biz h\u0259r zaman \u0259m\u0259kda\u015fl\u0131q etmi\u015fik. Lakin haz\u0131rda biz ticar\u0259t, s\u0259rmay\u0259l\u0259r, s\u0259naye, energetika, da\u015f\u0131malar, n\u0259qliyyat d\u0259hlizl\u0259ri kimi sah\u0259l\u0259rin praktiki elementl\u0259rin\u0259 q\u0259d\u0259m qoyuruq. B\u00fct\u00fcn bunlar bizim planlar\u0131m\u0131zd\u0131r v\u0259 b\u00fct\u00fcn planlar\u0131m\u0131z icra olunacaq.<\/p>\n<p>\u00d6lk\u0259mizin s\u0131x dostluq v\u0259 qarda\u015fl\u0131q \u0259laq\u0259l\u0259ri qurdu\u011fu, qar\u015f\u0131l\u0131ql\u0131 m\u00fcnasib\u0259tl\u0259ri strateji t\u0259r\u0259fda\u015fl\u0131q s\u0259viyy\u0259sin\u0259 y\u00fcks\u0259lmi\u015f \u00f6lk\u0259l\u0259rd\u0259n biri d\u0259 qarda\u015f Pakistand\u0131r. \u0130ki \u00f6lk\u0259 aras\u0131nda m\u00f6hk\u0259m dostluq v\u0259 qarda\u015fl\u0131q t\u0259m\u0259ll\u0259ri \u00fczr\u0259 qurulmu\u015f strateji t\u0259r\u0259fda\u015fl\u0131q m\u00fcnasib\u0259tl\u0259ri m\u00f6vcuddur. H\u0259r iki \u00f6lk\u0259 h\u0259m ikit\u0259r\u0259fli, h\u0259m d\u0259 \u00e7oxt\u0259r\u0259fli platformalarda bir-birin\u0259 daim d\u0259st\u0259k g\u00f6st\u0259rir v\u0259 \u0259laq\u0259l\u0259rimiz b\u00fct\u00fcn sah\u0259l\u0259rd\u0259 s\u00fcr\u0259tl\u0259 inki\u015faf edir. Pakistan Az\u0259rbaycan Respublikas\u0131n\u0131n m\u00fcst\u0259qilliyini ilk tan\u0131yan (1991-ci il dekabr\u0131n 12-si) d\u00f6vl\u0259tl\u0259rd\u0259n biri olub. \u0130ki \u00f6lk\u0259 aras\u0131nda diplomatik \u0259laq\u0259l\u0259r 1992-ci il iyunun 9-da qurulub. H\u0259min d\u00f6vrd\u0259n sonra iki \u00f6lk\u0259 aras\u0131nda \u0259laq\u0259l\u0259r daim inki\u015faf etdirilib v\u0259 bug\u00fcnk\u00fc strateji m\u00fctt\u0259fiqlik s\u0259viyy\u0259sin\u0259 y\u00fcks\u0259lib. 1993-c\u00fc ilin mart\u0131nda Pakistan\u0131n Bak\u0131da, 1997-ci ilin avqustunda is\u0259 Az\u0259rbaycan\u0131n \u0130slamabadda s\u0259firlikl\u0259ri t\u0259sis edilib. Pakistan beyn\u0259lxalq miqyasda \u00f6lk\u0259mizin \u0259razi b\u00fct\u00f6vl\u00fcy\u00fcn\u00fc ard\u0131c\u0131l \u015f\u0259kild\u0259 d\u0259st\u0259kl\u0259yib, Erm\u0259nistan\u0131n Az\u0259rbaycan torpaqlar\u0131na h\u0259rbi t\u0259cav\u00fcz\u00fcn\u0259 g\u00f6r\u0259 onunla diplomatik m\u00fcnasib\u0259tl\u0259r qurmay\u0131b. 1993-c\u00fc il aprelin 30-da BMT T\u0259hl\u00fck\u0259sizlik \u015euras\u0131n\u0131n Az\u0259rbaycana dair 822 n\u00f6mr\u0259li q\u0259tnam\u0259sinin q\u0259bul olundu\u011fu iclasa Pakistan s\u0259drlik edib. \u0130ki \u00f6lk\u0259 aras\u0131nda t\u0259maslar v\u0259 qar\u015f\u0131l\u0131ql\u0131 s\u0259f\u0259rl\u0259r Az\u0259rbaycan xalq\u0131n\u0131n \u00dcmummilli Lideri Heyd\u0259r \u018fliyevin 1994-c\u00fc ilin dekabr\u0131nda Kasablankada Pakistan\u0131n ovaxtk\u0131 Ba\u015f naziri Benazir Bhutto il\u0259 g\u00f6r\u00fc\u015f\u00fcnd\u0259n sonra ba\u015flay\u0131b. Bu g\u00f6r\u00fc\u015fl\u0259 ikit\u0259r\u0259fli m\u00fcnasib\u0259tl\u0259r yeni inki\u015faf m\u0259rh\u0259l\u0259sin\u0259 q\u0259d\u0259m qoyub. \u00d6lk\u0259 Prezidenti c\u0259nab \u0130lham \u018fliyev Pakistanla \u0259laq\u0259l\u0259rin inki\u015faf\u0131na x\u00fcsusi \u00f6n\u0259m verir v\u0259 \u00f6lk\u0259nin ali siyasi r\u0259hb\u0259rliyi il\u0259 qar\u015f\u0131l\u0131ql\u0131 inam v\u0259 etimada \u0259saslanan y\u00fcks\u0259k s\u0259viyy\u0259li m\u00fcnasib\u0259tl\u0259r saxlay\u0131r.<\/p>\n<p>&nbsp;<\/p>\n","protected":false},"excerpt":{"rendered":"<p>Az\u0259rbaycan Respublikas\u0131n\u0131n Prezidenti c\u0259nab \u0130lham \u018fliyev cari ilin 11 iyul tarixind\u0259 \u0130slamabadda d\u00f6vl\u0259t s\u0259f\u0259ri zaman\u0131 m\u0259tbuata b\u0259yanat verib. C\u0259nab prezident b\u0259yanat\u0131nda bildirib ki, bizim qarda\u015fl\u0131\u011f\u0131m\u0131z xalqlar\u0131m\u0131z\u0131n \u0259srl\u0259rl\u0259 bundan \u0259vv\u0259l\u0259 t\u0259sad\u00fcf ed\u0259n, bir-birin\u0259 olan d\u0259rin hissl\u0259rin\u0259 \u0259saslan\u0131r. Az\u0259rbaycana g\u0259l\u0259n pakistanl\u0131lar\u0131n say\u0131 son ill\u0259r \u0259rzind\u0259 daha da art\u0131b v\u0259 Bak\u0131-\u0130slamabad, Bak\u0131-K\u0259ra\u00e7i, Bak\u0131-Lahor aras\u0131nda birba\u015fa u\u00e7u\u015flar\u0131 art\u0131q m\u00fczakir\u0259 [&hellip;]<\/p>\n","protected":false},"author":2,"featured_media":0,"comment_status":"closed","ping_status":"closed","sticky":false,"template":"","format":"standard","meta":[],"categories":[10],"tags":[],"_links":{"self":[{"href":"https:\/\/yeniterter.az\/index.php?rest_route=\/wp\/v2\/posts\/27783"}],"collection":[{"href":"https:\/\/yeniterter.az\/index.php?rest_route=\/wp\/v2\/posts"}],"about":[{"href":"https:\/\/yeniterter.az\/index.php?rest_route=\/wp\/v2\/types\/post"}],"author":[{"embeddable":true,"href":"https:\/\/yeniterter.az\/index.php?rest_route=\/wp\/v2\/users\/2"}],"replies":[{"embeddable":true,"href":"https:\/\/yeniterter.az\/index.php?rest_route=%2Fwp%2Fv2%2Fcomments&post=27783"}],"version-history":[{"count":1,"href":"https:\/\/yeniterter.az\/index.php?rest_route=\/wp\/v2\/posts\/27783\/revisions"}],"predecessor-version":[{"id":27786,"href":"https:\/\/yeniterter.az\/index.php?rest_route=\/wp\/v2\/posts\/27783\/revisions\/27786"}],"wp:attachment":[{"href":"https:\/\/yeniterter.az\/index.php?rest_route=%2Fwp%2Fv2%2Fmedia&parent=27783"}],"wp:term":[{"taxonomy":"category","embeddable":true,"href":"https:\/\/yeniterter.az\/index.php?rest_route=%2Fwp%2Fv2%2Fcategories&post=27783"},{"taxonomy":"post_tag","embeddable":true,"href":"https:\/\/yeniterter.az\/index.php?rest_route=%2Fwp%2Fv2%2Ftags&post=27783"}],"curies":[{"name":"wp","href":"https:\/\/api.w.org\/{rel}","templated":true}]}}