{"id":27760,"date":"2024-07-10T14:13:54","date_gmt":"2024-07-10T11:13:54","guid":{"rendered":"https:\/\/yeniterter.az\/?p=27760"},"modified":"2024-07-10T14:13:54","modified_gmt":"2024-07-10T11:13:54","slug":"can-f%c9%99da-etdil%c9%99r-ki-v%c9%99t%c9%99n-yasasin-bayraga-burunub-g%c9%99l%c9%99n-s%c9%99hidl%c9%99r","status":"publish","type":"post","link":"https:\/\/yeniterter.az\/?p=27760","title":{"rendered":"CAN F\u018fDA ETD\u0130L\u018fR K\u0130, V\u018fT\u018fN YA\u015eASIN, BAYRA\u011eA B\u00dcR\u00dcN\u00dcB G\u018fL\u018fN \u015e\u018fH\u0130DL\u018fR!"},"content":{"rendered":"<p style=\"text-align: center;\"><span style=\"font-size: 14pt;\"><strong>Q\u0259hr\u0259manl\u0131q el\u0259 zirv\u0259dir ki, ill\u0259r \u00f6td\u00fckc\u0259 daha ayd\u0131n g\u00f6r\u00fcn\u00fcr<\/strong><\/span><\/p>\n<p><em><strong>Birinci Qaraba\u011f m\u00fcharib\u0259si \u015f\u0259hidl\u0259ri olan Poladl\u0131 k\u0259ndinin sakini Nizami Salahovun v\u0259 Mam\u0131rl\u0131 k\u0259ndinin sakini M\u00fc\u015fviq \u0130smay\u0131lovun \u015f\u0259hidliy\u0259 qovu\u015fduqlar\u0131 vaxtdan 30 il \u00f6t\u00fcr.<\/strong><\/em><\/p>\n<p><img decoding=\"async\" loading=\"lazy\" class=\" wp-image-27761 alignleft\" src=\"https:\/\/yeniterter.az\/wp-content\/uploads\/3dc47c7a1a7d82dcd943094c23a79d40-300x200.jpg\" alt=\"\" width=\"191\" height=\"127\" srcset=\"https:\/\/yeniterter.az\/wp-content\/uploads\/3dc47c7a1a7d82dcd943094c23a79d40-300x200.jpg 300w, https:\/\/yeniterter.az\/wp-content\/uploads\/3dc47c7a1a7d82dcd943094c23a79d40-1024x683.jpg 1024w, https:\/\/yeniterter.az\/wp-content\/uploads\/3dc47c7a1a7d82dcd943094c23a79d40-768x512.jpg 768w, https:\/\/yeniterter.az\/wp-content\/uploads\/3dc47c7a1a7d82dcd943094c23a79d40.jpg 1152w\" sizes=\"(max-width: 191px) 100vw, 191px\" \/><img decoding=\"async\" loading=\"lazy\" class=\"wp-image-27762 alignright\" src=\"https:\/\/yeniterter.az\/wp-content\/uploads\/9e2a30c883b8a8a50a289f183b356262-300x200.jpg\" alt=\"\" width=\"191\" height=\"127\" srcset=\"https:\/\/yeniterter.az\/wp-content\/uploads\/9e2a30c883b8a8a50a289f183b356262-300x200.jpg 300w, https:\/\/yeniterter.az\/wp-content\/uploads\/9e2a30c883b8a8a50a289f183b356262-1024x683.jpg 1024w, https:\/\/yeniterter.az\/wp-content\/uploads\/9e2a30c883b8a8a50a289f183b356262-768x512.jpg 768w, https:\/\/yeniterter.az\/wp-content\/uploads\/9e2a30c883b8a8a50a289f183b356262.jpg 1152w\" sizes=\"(max-width: 191px) 100vw, 191px\" \/>\u015e\u0259hid Nizami Salahov 1964-c\u00fc il noyabr ay\u0131n\u0131n 13-d\u0259 T\u0259rt\u0259r rayonunun Poladl\u0131 k\u0259ndind\u0259 anadan olmu\u015fdur. Orta t\u0259hsilini Mam\u0131rl\u0131 k\u0259nd tam orta m\u0259kt\u0259bind\u0259 ald\u0131qdan sonra ke\u00e7mi\u015f Sovet Ordusu s\u0131ralar\u0131nda xidm\u0259t etmi\u015fdir. Qaraba\u011f u\u011frunda m\u00fcharib\u0259 ba\u015flayan vaxt T\u0259rt\u0259r rayonunun Mam\u0131rl\u0131 k\u0259ndind\u0259 kolxoz\u00e7u i\u015fl\u0259mi\u015fdir. 1993-c\u00fc ilin noyabr ay\u0131nda T\u0259rt\u0259r rayon h\u0259rbi komissarl\u0131\u011f\u0131 t\u0259r\u0259find\u0259n Milli Ordu s\u0131ralar\u0131na h\u0259rbi xidm\u0259t\u0259 \u00e7a\u011f\u0131r\u0131lm\u0131\u015fd\u0131r. H\u0259rbi xidm\u0259tini 703 sayl\u0131 h\u0259rbi hiss\u0259d\u0259 ke\u00e7irmi\u015f v\u0259 A\u011fd\u0259r\u0259 istiqam\u0259tind\u0259 ge-d\u0259n d\u00f6y\u00fc\u015fl\u0259rd\u0259 i\u015ftirak etmi\u015fdir.<br \/>\n27 aprel 1994-c\u00fc il tarixd\u0259 A\u011fd\u0259r\u0259 rayonunun Seysulan k\u0259ndi u\u011frunda ged\u0259n d\u00f6y\u00fc\u015fl\u0259rd\u0259 \u015f\u0259hid olmu\u015fdur.<br \/>\nEvli idi. Ayg\u00fcn, Lal\u0259z\u0259r adl\u0131 iki q\u0131z\u0131 v\u0259 Nur\u0259ddin adl\u0131 bir o\u011flu var. Poladl\u0131 k\u0259nd \u00ad\u00ad\u00ad\u00ad\u00ad\u00ad\u00ad\u00ad\u00adq\u0259biristanl\u0131\u011f\u0131nda d\u0259fn edilib.<!--more--><br \/>\n* * *<br \/>\n\u015e\u0259hid M\u00fc\u015fviq \u0130smay\u0131lov 1971-ci il dekabr ay\u0131n\u0131n 31-d\u0259 T\u0259rt\u0259r rayonunun Mam\u0131rl\u0131 k\u0259ndind\u0259 anadan olmu\u015fdur. H\u0259min k\u0259nd orta m\u0259kt\u0259bini bitirib v\u0259 ke\u00e7mi\u015f Sovet Ordusu s\u0131ralar\u0131nda h\u0259qiqi h\u0259rbi xidm\u0259td\u0259 olmu\u015fdur. H\u0259rbi xidm\u0259td\u0259n qay\u0131td\u0131qdan sonra ya\u015fad\u0131\u011f\u0131 do\u011fma k\u0259ndd\u0259 kolxoz\u00e7u i\u015fl\u0259yib. 1993-c\u00fc ilin noyabr ay\u0131nda rayon h\u0259rbi komissarl\u0131\u011f\u0131 t\u0259r\u0259find\u0259n Milli Ordu s\u0131ralar\u0131na s\u0259f\u0259rb\u0259r edilib. Xidm\u0259t etdiyi Milli Ordunun 703 sayl\u0131 h\u0259rbi hiss\u0259sinin t\u0259rkibind\u0259 erm\u0259ni fa\u015fistl\u0259rin\u0259 qar\u015f\u0131 A\u011fd\u0259r\u0259 b\u00f6lg\u0259sind\u0259 ged\u0259n d\u00f6y\u00fc\u015fl\u0259rd\u0259 i\u015ftirak edib. 5 may 1994-c\u00fc ild\u0259 A\u011fd\u0259r\u0259 rayonunun H\u0259s\u0259nqaya k\u0259ndi u\u011frunda d\u00f6y\u00fc\u015fd\u0259 \u015f\u0259hid olub.<br \/>\nSubay idi. Mam\u0131rl\u0131 k\u0259nd q\u0259biristanl\u0131\u011f\u0131nda d\u0259fn olunub.<br \/>\n* * *<br \/>\nBu g\u00fcnl\u0259rd\u0259 T\u0259rt\u0259r Rayon \u0130cra Hakimiyy\u0259tinin ba\u015f\u00e7\u0131s\u0131 M\u00fcst\u0259qim M\u0259mm\u0259dov YAP rayon t\u0259\u015fkilat\u0131n\u0131n s\u0259dri Eldar \u018fs\u0259dovla birlikd\u0259 h\u0259r iki k\u0259ndd\u0259 \u015f\u0259hidl\u0259rin ail\u0259l\u0259rini ziyar\u0259t edibl\u0259r. G\u00f6r\u00fc\u015fd\u0259 V\u0259t\u0259n M\u00fcharib\u0259sinin m\u00fclki \u015f\u0259hidl\u0259ri Abbasov Xaliq v\u0259 El\u015f\u0259nin atas\u0131 Asif Abbasov, Az\u0259rbaycan Bayra\u011f\u0131 ordenli, V\u0259t\u0259n m\u00fcharib\u0259si qazisi Elnur Salahov da i\u015ftirak edibl\u0259r.<br \/>\n\u015e\u0259hidl\u0259rin do\u011fmalar\u0131 qeyd edibl\u0259r ki, onlar \u00fc\u00e7\u00fcn \u0259n b\u00f6y\u00fck t\u0259s\u0259lli \u015f\u0259hidl\u0259rimizin u\u011frunda can verdikl\u0259ri torpaqlar\u0131n i\u015f\u011faldan azad edilm\u0259sidir.<\/p>\n<p style=\"text-align: right;\"><em><strong>\u201cYeni T\u0259rt\u0259r\u201d<\/strong><\/em><\/p>\n","protected":false},"excerpt":{"rendered":"<p>Q\u0259hr\u0259manl\u0131q el\u0259 zirv\u0259dir ki, ill\u0259r \u00f6td\u00fckc\u0259 daha ayd\u0131n g\u00f6r\u00fcn\u00fcr Birinci Qaraba\u011f m\u00fcharib\u0259si \u015f\u0259hidl\u0259ri olan Poladl\u0131 k\u0259ndinin sakini Nizami Salahovun v\u0259 Mam\u0131rl\u0131 k\u0259ndinin sakini M\u00fc\u015fviq \u0130smay\u0131lovun \u015f\u0259hidliy\u0259 qovu\u015fduqlar\u0131 vaxtdan 30 il \u00f6t\u00fcr. \u015e\u0259hid Nizami Salahov 1964-c\u00fc il noyabr ay\u0131n\u0131n 13-d\u0259 T\u0259rt\u0259r rayonunun Poladl\u0131 k\u0259ndind\u0259 anadan olmu\u015fdur. Orta t\u0259hsilini Mam\u0131rl\u0131 k\u0259nd tam orta m\u0259kt\u0259bind\u0259 ald\u0131qdan sonra ke\u00e7mi\u015f [&hellip;]<\/p>\n","protected":false},"author":2,"featured_media":0,"comment_status":"closed","ping_status":"closed","sticky":false,"template":"","format":"standard","meta":[],"categories":[39],"tags":[],"_links":{"self":[{"href":"https:\/\/yeniterter.az\/index.php?rest_route=\/wp\/v2\/posts\/27760"}],"collection":[{"href":"https:\/\/yeniterter.az\/index.php?rest_route=\/wp\/v2\/posts"}],"about":[{"href":"https:\/\/yeniterter.az\/index.php?rest_route=\/wp\/v2\/types\/post"}],"author":[{"embeddable":true,"href":"https:\/\/yeniterter.az\/index.php?rest_route=\/wp\/v2\/users\/2"}],"replies":[{"embeddable":true,"href":"https:\/\/yeniterter.az\/index.php?rest_route=%2Fwp%2Fv2%2Fcomments&post=27760"}],"version-history":[{"count":1,"href":"https:\/\/yeniterter.az\/index.php?rest_route=\/wp\/v2\/posts\/27760\/revisions"}],"predecessor-version":[{"id":27763,"href":"https:\/\/yeniterter.az\/index.php?rest_route=\/wp\/v2\/posts\/27760\/revisions\/27763"}],"wp:attachment":[{"href":"https:\/\/yeniterter.az\/index.php?rest_route=%2Fwp%2Fv2%2Fmedia&parent=27760"}],"wp:term":[{"taxonomy":"category","embeddable":true,"href":"https:\/\/yeniterter.az\/index.php?rest_route=%2Fwp%2Fv2%2Fcategories&post=27760"},{"taxonomy":"post_tag","embeddable":true,"href":"https:\/\/yeniterter.az\/index.php?rest_route=%2Fwp%2Fv2%2Ftags&post=27760"}],"curies":[{"name":"wp","href":"https:\/\/api.w.org\/{rel}","templated":true}]}}