{"id":27757,"date":"2024-07-10T14:08:54","date_gmt":"2024-07-10T11:08:54","guid":{"rendered":"https:\/\/yeniterter.az\/?p=27757"},"modified":"2024-07-10T14:08:54","modified_gmt":"2024-07-10T11:08:54","slug":"zeynalli-arzuman-asif-oglu","status":"publish","type":"post","link":"https:\/\/yeniterter.az\/?p=27757","title":{"rendered":"Zeynall\u0131 Arzuman Asif o\u011flu"},"content":{"rendered":"<p><img decoding=\"async\" loading=\"lazy\" class=\" wp-image-27758 alignright\" src=\"https:\/\/yeniterter.az\/wp-content\/uploads\/01-74-210x300.jpg\" alt=\"\" width=\"73\" height=\"104\" srcset=\"https:\/\/yeniterter.az\/wp-content\/uploads\/01-74-210x300.jpg 210w, https:\/\/yeniterter.az\/wp-content\/uploads\/01-74.jpg 500w\" sizes=\"(max-width: 73px) 100vw, 73px\" \/>1991-ci il oktyabr\u0131n 2-d\u0259 T\u0259rt\u0259r rayonunun K\u00f6\u00e7\u0259rli k\u0259ndind\u0259 do\u011fulub. 1998-ci ild\u0259 K\u00f6\u00e7\u0259rli k\u0259nd tam orta m\u0259kt\u0259binin birinci sinfin\u0259 daxil olub. 2008-ci ild\u0259 onuncu sinfi bitirib. 2009-ci ilin oktyabr\u0131n 2-d\u0259 h\u0259qiqi h\u0259rbi xidm\u0259t\u0259 \u00e7a\u011f\u0131r\u0131l\u0131b. H\u0259rbi xidm\u0259ti Nax\u00e7\u0131van\u0131n \u015eahbuz rayonunda ke\u00e7ib. C\u0259mi 10 ay \u0259sg\u0259rlik \u00e7\u0259kib. 2010-cu il iyulun 17-d\u0259 ild\u0131r\u0131m vurmas\u0131 n\u0259tic\u0259sind\u0259 kardiogen \u015fok ke\u00e7ir\u0259r\u0259k \u015f\u0259hid olub. Subay idi. Ail\u0259nin 2 \u00f6vlad\u0131ndan biri idi. K\u00f6\u00e7\u0259rli k\u0259ndind\u0259 d\u0259fn olunub. Ail\u0259si K\u00f6\u00e7\u0259rli k\u0259ndind\u0259 ya\u015fay\u0131r. Atas\u0131 Asif 2021-ci il aprelin 16-da \u00fcr\u0259k \u00e7at\u0131\u015fmazl\u0131\u011f\u0131ndan d\u00fcnyas\u0131n\u0131 d\u0259yi\u015fib. Bac\u0131s\u0131 ail\u0259li olub, 2 \u00f6vlad\u0131 var. Haz\u0131rda anas\u0131 Etibar H\u00fcseynova il\u0259 birg\u0259 ya\u015fay\u0131r.<\/p>\n","protected":false},"excerpt":{"rendered":"<p>1991-ci il oktyabr\u0131n 2-d\u0259 T\u0259rt\u0259r rayonunun K\u00f6\u00e7\u0259rli k\u0259ndind\u0259 do\u011fulub. 1998-ci ild\u0259 K\u00f6\u00e7\u0259rli k\u0259nd tam orta m\u0259kt\u0259binin birinci sinfin\u0259 daxil olub. 2008-ci ild\u0259 onuncu sinfi bitirib. 2009-ci ilin oktyabr\u0131n 2-d\u0259 h\u0259qiqi h\u0259rbi xidm\u0259t\u0259 \u00e7a\u011f\u0131r\u0131l\u0131b. H\u0259rbi xidm\u0259ti Nax\u00e7\u0131van\u0131n \u015eahbuz rayonunda ke\u00e7ib. C\u0259mi 10 ay \u0259sg\u0259rlik \u00e7\u0259kib. 2010-cu il iyulun 17-d\u0259 ild\u0131r\u0131m vurmas\u0131 n\u0259tic\u0259sind\u0259 kardiogen \u015fok ke\u00e7ir\u0259r\u0259k \u015f\u0259hid [&hellip;]<\/p>\n","protected":false},"author":2,"featured_media":0,"comment_status":"closed","ping_status":"closed","sticky":false,"template":"","format":"standard","meta":[],"categories":[39],"tags":[],"_links":{"self":[{"href":"https:\/\/yeniterter.az\/index.php?rest_route=\/wp\/v2\/posts\/27757"}],"collection":[{"href":"https:\/\/yeniterter.az\/index.php?rest_route=\/wp\/v2\/posts"}],"about":[{"href":"https:\/\/yeniterter.az\/index.php?rest_route=\/wp\/v2\/types\/post"}],"author":[{"embeddable":true,"href":"https:\/\/yeniterter.az\/index.php?rest_route=\/wp\/v2\/users\/2"}],"replies":[{"embeddable":true,"href":"https:\/\/yeniterter.az\/index.php?rest_route=%2Fwp%2Fv2%2Fcomments&post=27757"}],"version-history":[{"count":1,"href":"https:\/\/yeniterter.az\/index.php?rest_route=\/wp\/v2\/posts\/27757\/revisions"}],"predecessor-version":[{"id":27759,"href":"https:\/\/yeniterter.az\/index.php?rest_route=\/wp\/v2\/posts\/27757\/revisions\/27759"}],"wp:attachment":[{"href":"https:\/\/yeniterter.az\/index.php?rest_route=%2Fwp%2Fv2%2Fmedia&parent=27757"}],"wp:term":[{"taxonomy":"category","embeddable":true,"href":"https:\/\/yeniterter.az\/index.php?rest_route=%2Fwp%2Fv2%2Fcategories&post=27757"},{"taxonomy":"post_tag","embeddable":true,"href":"https:\/\/yeniterter.az\/index.php?rest_route=%2Fwp%2Fv2%2Ftags&post=27757"}],"curies":[{"name":"wp","href":"https:\/\/api.w.org\/{rel}","templated":true}]}}