{"id":27748,"date":"2024-07-10T13:52:39","date_gmt":"2024-07-10T10:52:39","guid":{"rendered":"https:\/\/yeniterter.az\/?p=27748"},"modified":"2024-07-10T13:53:12","modified_gmt":"2024-07-10T10:53:12","slug":"tankarov-m%c9%99h%c9%99mm%c9%99d-%c9%99li-oglu","status":"publish","type":"post","link":"https:\/\/yeniterter.az\/?p=27748","title":{"rendered":"Tankarov M\u0259h\u0259mm\u0259d \u018fli o\u011flu"},"content":{"rendered":"<p><img decoding=\"async\" loading=\"lazy\" class=\"wp-image-27749 alignleft\" src=\"https:\/\/yeniterter.az\/wp-content\/uploads\/04-20-241x300.jpg\" alt=\"\" width=\"96\" height=\"120\" srcset=\"https:\/\/yeniterter.az\/wp-content\/uploads\/04-20-241x300.jpg 241w, https:\/\/yeniterter.az\/wp-content\/uploads\/04-20.jpg 500w\" sizes=\"(max-width: 96px) 100vw, 96px\" \/>1956-c\u0131 ild\u0259 Azadqaraqoyunlu k\u0259ndind\u0259 do\u011fulub. Do\u011fma k\u0259ndind\u0259 ya\u015fay\u0131b, tikinti i\u015fl\u0259rinin ustas\u0131 kimi f\u0259aliyy\u0259t g\u00f6st\u0259rib. 1992-ci il aprelin 12-d\u0259 k\u00f6n\u00fcll\u00fc olaraq polis dostu il\u0259 birg\u0259 d\u00f6y\u00fc\u015fd\u0259 olan d\u00f6y\u00fc\u015f\u00e7\u00fcl\u0259rimiz\u0259 sila-sursat aparark\u0259n m\u00fchasir\u0259y\u0259 d\u00fc\u015f\u00fcb, \u015f\u0259hid olub. 5 g\u00fcnd\u0259n sonra, 17 aprel tarixd\u0259 n\u0259\u015fi g\u00f6t\u00fcr\u00fcl\u0259r\u0259k Evo\u011flu k\u0259nd q\u0259biristanl\u0131\u011f\u0131nda d\u0259fn olunub.<br \/>\n2015-ci ild\u0259 m\u0259hk\u0259m\u0259 q\u0259rar\u0131 il\u0259 \u015f\u0259hidlik statusu verilib. Ail\u0259li olub. 2 q\u0131z\u0131, 1 o\u011flu var. H\u0259yat yolda\u015f\u0131 Tankarova C\u0259mil\u0259 Musa q\u0131z\u0131, o\u011flu Tanr\u0131verdiyev Natiq, q\u0131zlar\u0131 Xatir\u0259 v\u0259 G\u00fclb\u0259niz Bak\u0131 v\u0259 G\u0259nc\u0259 \u015f\u0259h\u0259rl\u0259rind\u0259 ya\u015fay\u0131rlar.<\/p>\n","protected":false},"excerpt":{"rendered":"<p>1956-c\u0131 ild\u0259 Azadqaraqoyunlu k\u0259ndind\u0259 do\u011fulub. Do\u011fma k\u0259ndind\u0259 ya\u015fay\u0131b, tikinti i\u015fl\u0259rinin ustas\u0131 kimi f\u0259aliyy\u0259t g\u00f6st\u0259rib. 1992-ci il aprelin 12-d\u0259 k\u00f6n\u00fcll\u00fc olaraq polis dostu il\u0259 birg\u0259 d\u00f6y\u00fc\u015fd\u0259 olan d\u00f6y\u00fc\u015f\u00e7\u00fcl\u0259rimiz\u0259 sila-sursat aparark\u0259n m\u00fchasir\u0259y\u0259 d\u00fc\u015f\u00fcb, \u015f\u0259hid olub. 5 g\u00fcnd\u0259n sonra, 17 aprel tarixd\u0259 n\u0259\u015fi g\u00f6t\u00fcr\u00fcl\u0259r\u0259k Evo\u011flu k\u0259nd q\u0259biristanl\u0131\u011f\u0131nda d\u0259fn olunub. 2015-ci ild\u0259 m\u0259hk\u0259m\u0259 q\u0259rar\u0131 il\u0259 \u015f\u0259hidlik statusu verilib. Ail\u0259li [&hellip;]<\/p>\n","protected":false},"author":2,"featured_media":0,"comment_status":"closed","ping_status":"closed","sticky":false,"template":"","format":"standard","meta":[],"categories":[39],"tags":[],"_links":{"self":[{"href":"https:\/\/yeniterter.az\/index.php?rest_route=\/wp\/v2\/posts\/27748"}],"collection":[{"href":"https:\/\/yeniterter.az\/index.php?rest_route=\/wp\/v2\/posts"}],"about":[{"href":"https:\/\/yeniterter.az\/index.php?rest_route=\/wp\/v2\/types\/post"}],"author":[{"embeddable":true,"href":"https:\/\/yeniterter.az\/index.php?rest_route=\/wp\/v2\/users\/2"}],"replies":[{"embeddable":true,"href":"https:\/\/yeniterter.az\/index.php?rest_route=%2Fwp%2Fv2%2Fcomments&post=27748"}],"version-history":[{"count":1,"href":"https:\/\/yeniterter.az\/index.php?rest_route=\/wp\/v2\/posts\/27748\/revisions"}],"predecessor-version":[{"id":27750,"href":"https:\/\/yeniterter.az\/index.php?rest_route=\/wp\/v2\/posts\/27748\/revisions\/27750"}],"wp:attachment":[{"href":"https:\/\/yeniterter.az\/index.php?rest_route=%2Fwp%2Fv2%2Fmedia&parent=27748"}],"wp:term":[{"taxonomy":"category","embeddable":true,"href":"https:\/\/yeniterter.az\/index.php?rest_route=%2Fwp%2Fv2%2Fcategories&post=27748"},{"taxonomy":"post_tag","embeddable":true,"href":"https:\/\/yeniterter.az\/index.php?rest_route=%2Fwp%2Fv2%2Ftags&post=27748"}],"curies":[{"name":"wp","href":"https:\/\/api.w.org\/{rel}","templated":true}]}}