{"id":27745,"date":"2024-07-10T13:47:01","date_gmt":"2024-07-10T10:47:01","guid":{"rendered":"https:\/\/yeniterter.az\/?p=27745"},"modified":"2024-07-10T13:47:01","modified_gmt":"2024-07-10T10:47:01","slug":"tanriverdiyev-surxay-imamverdi-oglu","status":"publish","type":"post","link":"https:\/\/yeniterter.az\/?p=27745","title":{"rendered":"Tanr\u0131verdiyev Surxay \u0130mamverdi o\u011flu"},"content":{"rendered":"<p><img decoding=\"async\" loading=\"lazy\" class=\" wp-image-27746 alignright\" src=\"https:\/\/yeniterter.az\/wp-content\/uploads\/5-13-208x300.jpg\" alt=\"\" width=\"79\" height=\"114\" srcset=\"https:\/\/yeniterter.az\/wp-content\/uploads\/5-13-208x300.jpg 208w, https:\/\/yeniterter.az\/wp-content\/uploads\/5-13.jpg 500w\" sizes=\"(max-width: 79px) 100vw, 79px\" \/>1929-cu ild\u0259 T\u0259rt\u0259r rayonunun Qapanl\u0131 k\u0259ndind\u0259 anadan olub. H\u0259min k\u0259ndd\u0259 ya\u015fay\u0131b, \u00e7al\u0131\u015f\u0131b. 2004-c\u00fc il fevral ay\u0131n\u0131n 16-da Qapanl\u0131 k\u0259ndinin otlaq sah\u0259sind\u0259 \u00f6z\u00fcn\u0259 m\u0259xsus qoyunlar\u0131 otarark\u0259n qon\u015fu Seysulan k\u0259ndi istiqam\u0259tind\u0259n snayperl\u0259 ba\u015f\u0131ndan vurularaq \u015f\u0259hid olub. Qapanl\u0131 k\u0259nd q\u0259biristanl\u0131\u011f\u0131nda d\u0259fn olunub.<br \/>\nAil\u0259li olub. Akim, Qanboy, Elxan, B\u0259hlul adl\u0131 4 o\u011flu, Xalid\u0259, F\u0259rid\u0259, Valid\u0259 adl\u0131 3 q\u0131z\u0131 qal\u0131b. \u00d6vladlar\u0131 ail\u0259lidirl\u0259r. N\u0259v\u0259l\u0259ri var. Ail\u0259si \u00fc\u00e7\u00fcn T\u0259rt\u0259r rayonunun Qapanl\u0131 k\u0259ndind\u0259 3 otaql\u0131 f\u0259rdi ev tikilib. H\u0259yat yolda\u015f\u0131 r\u0259hm\u0259t\u0259 gedib. O\u011flu v\u0259 n\u0259v\u0259l\u0259ri k\u0259ndd\u0259 ya\u015fay\u0131rlar.<\/p>\n","protected":false},"excerpt":{"rendered":"<p>1929-cu ild\u0259 T\u0259rt\u0259r rayonunun Qapanl\u0131 k\u0259ndind\u0259 anadan olub. H\u0259min k\u0259ndd\u0259 ya\u015fay\u0131b, \u00e7al\u0131\u015f\u0131b. 2004-c\u00fc il fevral ay\u0131n\u0131n 16-da Qapanl\u0131 k\u0259ndinin otlaq sah\u0259sind\u0259 \u00f6z\u00fcn\u0259 m\u0259xsus qoyunlar\u0131 otarark\u0259n qon\u015fu Seysulan k\u0259ndi istiqam\u0259tind\u0259n snayperl\u0259 ba\u015f\u0131ndan vurularaq \u015f\u0259hid olub. Qapanl\u0131 k\u0259nd q\u0259biristanl\u0131\u011f\u0131nda d\u0259fn olunub. Ail\u0259li olub. Akim, Qanboy, Elxan, B\u0259hlul adl\u0131 4 o\u011flu, Xalid\u0259, F\u0259rid\u0259, Valid\u0259 adl\u0131 3 q\u0131z\u0131 qal\u0131b. [&hellip;]<\/p>\n","protected":false},"author":2,"featured_media":0,"comment_status":"closed","ping_status":"closed","sticky":false,"template":"","format":"standard","meta":[],"categories":[39],"tags":[],"_links":{"self":[{"href":"https:\/\/yeniterter.az\/index.php?rest_route=\/wp\/v2\/posts\/27745"}],"collection":[{"href":"https:\/\/yeniterter.az\/index.php?rest_route=\/wp\/v2\/posts"}],"about":[{"href":"https:\/\/yeniterter.az\/index.php?rest_route=\/wp\/v2\/types\/post"}],"author":[{"embeddable":true,"href":"https:\/\/yeniterter.az\/index.php?rest_route=\/wp\/v2\/users\/2"}],"replies":[{"embeddable":true,"href":"https:\/\/yeniterter.az\/index.php?rest_route=%2Fwp%2Fv2%2Fcomments&post=27745"}],"version-history":[{"count":1,"href":"https:\/\/yeniterter.az\/index.php?rest_route=\/wp\/v2\/posts\/27745\/revisions"}],"predecessor-version":[{"id":27747,"href":"https:\/\/yeniterter.az\/index.php?rest_route=\/wp\/v2\/posts\/27745\/revisions\/27747"}],"wp:attachment":[{"href":"https:\/\/yeniterter.az\/index.php?rest_route=%2Fwp%2Fv2%2Fmedia&parent=27745"}],"wp:term":[{"taxonomy":"category","embeddable":true,"href":"https:\/\/yeniterter.az\/index.php?rest_route=%2Fwp%2Fv2%2Fcategories&post=27745"},{"taxonomy":"post_tag","embeddable":true,"href":"https:\/\/yeniterter.az\/index.php?rest_route=%2Fwp%2Fv2%2Ftags&post=27745"}],"curies":[{"name":"wp","href":"https:\/\/api.w.org\/{rel}","templated":true}]}}