{"id":27711,"date":"2024-06-29T10:13:42","date_gmt":"2024-06-29T07:13:42","guid":{"rendered":"https:\/\/yeniterter.az\/?p=27711"},"modified":"2024-06-29T10:13:42","modified_gmt":"2024-06-29T07:13:42","slug":"birinci-qarabag-muharib%c9%99sinin-s%c9%99hidi-f%c9%99qan-yaqubov-t%c9%99rt%c9%99rd%c9%99-d%c9%99fn-olunub","status":"publish","type":"post","link":"https:\/\/yeniterter.az\/?p=27711","title":{"rendered":"Birinci Qaraba\u011f m\u00fcharib\u0259sinin \u015f\u0259hidi F\u0259qan Yaqubov T\u0259rt\u0259rd\u0259 d\u0259fn olunub"},"content":{"rendered":"<p><img decoding=\"async\" loading=\"lazy\" class=\" wp-image-27712 alignleft\" src=\"https:\/\/yeniterter.az\/wp-content\/uploads\/08c791dfb85abb13e403461c5f04d253-1-300x200.jpg\" alt=\"\" width=\"167\" height=\"111\" srcset=\"https:\/\/yeniterter.az\/wp-content\/uploads\/08c791dfb85abb13e403461c5f04d253-1-300x200.jpg 300w, https:\/\/yeniterter.az\/wp-content\/uploads\/08c791dfb85abb13e403461c5f04d253-1.jpg 375w\" sizes=\"(max-width: 167px) 100vw, 167px\" \/><img decoding=\"async\" loading=\"lazy\" class=\" wp-image-27710 alignleft\" src=\"https:\/\/yeniterter.az\/wp-content\/uploads\/4413b8417619825ca610bb256fffd502-300x200.jpg\" alt=\"\" width=\"165\" height=\"110\" srcset=\"https:\/\/yeniterter.az\/wp-content\/uploads\/4413b8417619825ca610bb256fffd502-300x200.jpg 300w, https:\/\/yeniterter.az\/wp-content\/uploads\/4413b8417619825ca610bb256fffd502-1024x683.jpg 1024w, https:\/\/yeniterter.az\/wp-content\/uploads\/4413b8417619825ca610bb256fffd502-768x512.jpg 768w, https:\/\/yeniterter.az\/wp-content\/uploads\/4413b8417619825ca610bb256fffd502.jpg 1152w\" sizes=\"(max-width: 165px) 100vw, 165px\" \/><img decoding=\"async\" loading=\"lazy\" class=\" wp-image-27713 alignleft\" src=\"https:\/\/yeniterter.az\/wp-content\/uploads\/c565e230b94e01403635ad816f32ca7e-300x200.jpg\" alt=\"\" width=\"168\" height=\"112\" srcset=\"https:\/\/yeniterter.az\/wp-content\/uploads\/c565e230b94e01403635ad816f32ca7e-300x200.jpg 300w, https:\/\/yeniterter.az\/wp-content\/uploads\/c565e230b94e01403635ad816f32ca7e.jpg 375w\" sizes=\"(max-width: 168px) 100vw, 168px\" \/><img decoding=\"async\" loading=\"lazy\" class=\"wp-image-27715 alignleft\" src=\"https:\/\/yeniterter.az\/wp-content\/uploads\/ff9b4492893b81641215b934358662f0-300x200.jpg\" alt=\"\" width=\"168\" height=\"112\" srcset=\"https:\/\/yeniterter.az\/wp-content\/uploads\/ff9b4492893b81641215b934358662f0-300x200.jpg 300w, https:\/\/yeniterter.az\/wp-content\/uploads\/ff9b4492893b81641215b934358662f0.jpg 375w\" sizes=\"(max-width: 168px) 100vw, 168px\" \/><\/p>\n<p>&nbsp;<\/p>\n<p>&nbsp;<\/p>\n<p>&nbsp;<\/p>\n<p>&nbsp;<\/p>\n<p>&nbsp;<\/p>\n<p>Birinci Qaraba\u011f m\u00fcharib\u0259sind\u0259 itkin d\u00fc\u015fm\u00fc\u015f v\u0259 \u015f\u0259xsiyy\u0259ti m\u00fc\u0259yy\u0259nl\u0259\u015fdiril\u0259n \u015f\u0259hidl\u0259rd\u0259n olan Yaqubov F\u0259qan Misir o\u011flu T\u0259rt\u0259r rayonunda d\u0259fn edilib. F\u0259qan nam\u0259lum \u015f\u0259hid kimi Bak\u0131 \u015f\u0259h\u0259rind\u0259ki \u015e\u0259hidl\u0259r xiyaban\u0131nda d\u0259fn olunmu\u015fdu.<\/p>\n<p>\u015e\u0259hidl\u0259 vida m\u0259rasimi ail\u0259sinin ya\u015fad\u0131\u011f\u0131 T\u0259rt\u0259r rayonunun Sar\u0131cal\u0131 k\u0259ndind\u0259 ke\u00e7irilib.\u00a0M\u0259rasimd\u0259 T\u0259rt\u0259r Rayon \u0130cra hakimiyy\u0259tinin ba\u015f\u00e7\u0131s\u0131 M\u00fcst\u0259qim M\u0259mm\u0259dov, h\u00fcquq-m\u00fchafiz\u0259 orqanlar\u0131n\u0131n r\u0259hb\u0259rl\u0259ri, YAP rayon t\u0259\u015fkilat\u0131n\u0131n s\u0259dri, \u015f\u0259hidl\u0259rin ail\u0259 \u00fczvl\u0259ri, qazil\u0259r, veteranlar, idar\u0259, m\u00fc\u0259ssis\u0259, t\u0259\u015fkilat kollektivl\u0259ri, t\u0259hsil, s\u0259hiyy\u0259, m\u0259d\u0259niyy\u0259t i\u015f\u00e7il\u0259ri v\u0259 ictimaiyy\u0259t n\u00fcmay\u0259nd\u0259l\u0259ri i\u015ftirak edib.<\/p>\n<p>Vida m\u0259rasimind\u0259 T\u0259rt\u0259r Rayon \u0130cra Hakimiyy\u0259tinin ba\u015f\u00e7\u0131s\u0131 M\u00fcst\u0259qim M\u0259mm\u0259dov \u00e7\u0131x\u0131\u015f ed\u0259r\u0259k \u015f\u0259hidl\u0259rimiz\u0259 Allahdan r\u0259hm\u0259t, yax\u0131nlar\u0131na s\u0259br dil\u0259yib. M\u00fcz\u0259ff\u0259r Ali Ba\u015f Komandan c\u0259nab \u0130lham \u018fliyevin r\u0259hb\u0259rliyi il\u0259 44 g\u00fcnl\u00fck V\u0259t\u0259n m\u00fcharib\u0259sind\u0259 h\u0259rb\u00e7il\u0259rimizin g\u00f6st\u0259rdiyi r\u0259\u015fad\u0259td\u0259n dan\u0131\u015faraq qazan\u0131lan tarixi q\u0259l\u0259b\u0259 il\u0259 \u015f\u0259hidl\u0259rimizin qan\u0131n\u0131n yerd\u0259 qalmad\u0131\u011f\u0131n\u0131 vur\u011fulay\u0131b.<\/p>\n<p>C\u0259naz\u0259 namaz\u0131 q\u0131l\u0131nd\u0131qdan sonra \u015f\u0259hidin n\u0259\u015fi k\u0259nd q\u0259biristanl\u0131\u011f\u0131nda torpa\u011fa tap\u015f\u0131r\u0131l\u0131b, dualar oxunub. D\u0259fn zaman\u0131 yayl\u0131m at\u0259\u015fi a\u00e7\u0131l\u0131b.<!--more--><!--more--><\/p>\n<p>Qeyd ed\u0259k ki, \u015f\u0259hid Yaqubov F\u0259qan Misir o\u011flu 1973-c\u00fc il iyun ayinin 7-d\u0259 T\u0259rt\u0259r rayonunun Sarcal\u0131 k\u0259ndind\u0259 anadan olub. Orta t\u0259hsilini h\u0259min k\u0259nd orta m\u0259kt\u0259bind\u0259 ald\u0131qdan sonra B\u0259rd\u0259 rayonunda 105 sayl\u0131 Texniki Pe\u015f\u0259 M\u0259kt\u0259bind\u0259 s\u00fcr\u00fcc\u00fcl\u00fck ixtisas\u0131n\u0131 \u00f6yr\u0259nib. 1991-ci ilin iyun ay\u0131nda ke\u00e7mi\u015f Sovet Ordusu s\u0131ralar\u0131na h\u0259qiqi h\u0259rbi xidm\u0259t\u0259 \u00e7a\u011fr\u0131l\u0131b. SSR\u0130 da\u011f\u0131ld\u0131qdan sonra dogma v\u0259t\u0259n\u0259 qay\u0131d\u0131b v\u0259 1992-ci ilin \u0259vv\u0259ll\u0259rind\u0259n h\u0259rbi xidm\u0259tini davam etdirm\u0259k \u00fc\u00e7\u00fcn k\u00f6n\u00fcll\u00fc sur\u0259td\u0259 \u201cT\u0259rt\u0259r \u00f6z\u00fcn\u00fcm\u00fcdafi\u0259 batalyonu\u201dna daxil olub.<\/p>\n<p>Bu batalyonun t\u0259rkibind\u0259 torpaqlar\u0131m\u0131z\u0131n m\u00fcdafi\u0259si u\u011frunda A\u011fd\u0259r\u0259 b\u00f6lg\u0259sind\u0259 erm\u0259ni i\u015f\u011fal\u00e7\u0131lar\u0131na qar\u015f\u0131 d\u00f6y\u00fc\u015fl\u0259rd\u0259 i\u015ftirak edib. 1992-ci il avqust ay\u0131n\u0131n 7-d\u0259 A\u011fd\u0259r\u0259 rayonunun \u00c7\u0131ld\u0131ran k\u0259ndi u\u011frunda ged\u0259n d\u00f6y\u00fc\u015fl\u0259rd\u0259 itkin d\u00fc\u015f\u00fcb. Subay idi.<\/p>\n<p>&nbsp;<\/p>\n","protected":false},"excerpt":{"rendered":"<p>&nbsp; &nbsp; &nbsp; &nbsp; &nbsp; Birinci Qaraba\u011f m\u00fcharib\u0259sind\u0259 itkin d\u00fc\u015fm\u00fc\u015f v\u0259 \u015f\u0259xsiyy\u0259ti m\u00fc\u0259yy\u0259nl\u0259\u015fdiril\u0259n \u015f\u0259hidl\u0259rd\u0259n olan Yaqubov F\u0259qan Misir o\u011flu T\u0259rt\u0259r rayonunda d\u0259fn edilib. F\u0259qan nam\u0259lum \u015f\u0259hid kimi Bak\u0131 \u015f\u0259h\u0259rind\u0259ki \u015e\u0259hidl\u0259r xiyaban\u0131nda d\u0259fn olunmu\u015fdu. \u015e\u0259hidl\u0259 vida m\u0259rasimi ail\u0259sinin ya\u015fad\u0131\u011f\u0131 T\u0259rt\u0259r rayonunun Sar\u0131cal\u0131 k\u0259ndind\u0259 ke\u00e7irilib.\u00a0M\u0259rasimd\u0259 T\u0259rt\u0259r Rayon \u0130cra hakimiyy\u0259tinin ba\u015f\u00e7\u0131s\u0131 M\u00fcst\u0259qim M\u0259mm\u0259dov, h\u00fcquq-m\u00fchafiz\u0259 orqanlar\u0131n\u0131n r\u0259hb\u0259rl\u0259ri, YAP rayon [&hellip;]<\/p>\n","protected":false},"author":2,"featured_media":0,"comment_status":"closed","ping_status":"closed","sticky":false,"template":"","format":"standard","meta":[],"categories":[39],"tags":[],"_links":{"self":[{"href":"https:\/\/yeniterter.az\/index.php?rest_route=\/wp\/v2\/posts\/27711"}],"collection":[{"href":"https:\/\/yeniterter.az\/index.php?rest_route=\/wp\/v2\/posts"}],"about":[{"href":"https:\/\/yeniterter.az\/index.php?rest_route=\/wp\/v2\/types\/post"}],"author":[{"embeddable":true,"href":"https:\/\/yeniterter.az\/index.php?rest_route=\/wp\/v2\/users\/2"}],"replies":[{"embeddable":true,"href":"https:\/\/yeniterter.az\/index.php?rest_route=%2Fwp%2Fv2%2Fcomments&post=27711"}],"version-history":[{"count":1,"href":"https:\/\/yeniterter.az\/index.php?rest_route=\/wp\/v2\/posts\/27711\/revisions"}],"predecessor-version":[{"id":27716,"href":"https:\/\/yeniterter.az\/index.php?rest_route=\/wp\/v2\/posts\/27711\/revisions\/27716"}],"wp:attachment":[{"href":"https:\/\/yeniterter.az\/index.php?rest_route=%2Fwp%2Fv2%2Fmedia&parent=27711"}],"wp:term":[{"taxonomy":"category","embeddable":true,"href":"https:\/\/yeniterter.az\/index.php?rest_route=%2Fwp%2Fv2%2Fcategories&post=27711"},{"taxonomy":"post_tag","embeddable":true,"href":"https:\/\/yeniterter.az\/index.php?rest_route=%2Fwp%2Fv2%2Ftags&post=27711"}],"curies":[{"name":"wp","href":"https:\/\/api.w.org\/{rel}","templated":true}]}}