{"id":27689,"date":"2024-06-28T10:51:06","date_gmt":"2024-06-28T07:51:06","guid":{"rendered":"https:\/\/yeniterter.az\/?p=27689"},"modified":"2024-06-28T10:52:32","modified_gmt":"2024-06-28T07:52:32","slug":"hec-kim-unudulmur-hec-n%c9%99-yaddan-cixmir-3","status":"publish","type":"post","link":"https:\/\/yeniterter.az\/?p=27689","title":{"rendered":"He\u00e7 kim unudulmur, he\u00e7 n\u0259 yaddan \u00e7\u0131xm\u0131r"},"content":{"rendered":"<p style=\"text-align: center;\"><strong>T\u0259rt\u0259rli o\u011fullar\u0131n \u015f\u00fcca\u0259ti<\/strong><\/p>\n<p><img decoding=\"async\" loading=\"lazy\" class=\"wp-image-27690 alignright\" src=\"https:\/\/yeniterter.az\/wp-content\/uploads\/c797687ec057ca7214f64094628623ad-300x200.jpg\" alt=\"\" width=\"179\" height=\"119\" srcset=\"https:\/\/yeniterter.az\/wp-content\/uploads\/c797687ec057ca7214f64094628623ad-300x200.jpg 300w, https:\/\/yeniterter.az\/wp-content\/uploads\/c797687ec057ca7214f64094628623ad-1024x683.jpg 1024w, https:\/\/yeniterter.az\/wp-content\/uploads\/c797687ec057ca7214f64094628623ad-768x512.jpg 768w, https:\/\/yeniterter.az\/wp-content\/uploads\/c797687ec057ca7214f64094628623ad.jpg 1152w\" sizes=\"(max-width: 179px) 100vw, 179px\" \/>Birinci Qaraba\u011f m\u00fcharib\u0259si \u015f\u0259hidi C\u0259f\u0259rov V\u00fcqar Asdan o\u011flu 1968-ci il yanvar ay\u0131n\u0131n 17-d\u0259 T\u0259rt\u0259r rayonunun \u018fskipara k\u0259ndind\u0259 anadan olmu\u015fdur. H\u0259min k\u0259nd orta m\u0259kt\u0259bind\u0259 orta t\u0259hsil alm\u0131\u015fd\u0131r. 1986- 1988-ci ill\u0259rd\u0259 ke\u00e7mi\u015f Sovet Ordusu s\u0131ralar\u0131nda xidm\u0259t etmi\u015fdir. H\u0259rbi xidm\u0259td\u0259n qay\u0131td\u0131qdan sonra 18 \u2116-li Yol \u0130stismar\u0131 \u0130dar\u0259sind\u0259 qaynaq\u00e7\u0131 i\u015fl\u0259yirdi. Qaraba\u011f u\u011frunda m\u00fcharib\u0259 \u015fidd\u0259tl\u0259n\u0259n vaxt T\u0259rt\u0259r b\u00f6lg\u0259sind\u0259 \u00f6z\u00fcn\u00fcm\u00fc-dafi\u0259 batalyonu yarad\u0131lark\u0259n, erm\u0259ni i\u015f\u011fal\u00e7\u0131lar\u0131n\u0131n torpaqlar\u0131m\u0131zda t\u00f6r\u0259tdikl\u0259ri v\u0259h\u015fililkl\u0259r\u0259 qar\u015f\u0131 \u0259ld\u0259 silah m\u00fcbariz\u0259 aparmaq m\u0259qs\u0259dil\u0259 bu batalyonun t\u0259rkibin\u0259 yaz\u0131lm\u0131\u015fd\u0131r. 1992-ci il iyun ay\u0131n\u0131n 3-d\u0259 ke\u00e7mi\u015f A\u011fd\u0259r\u0259 rayonunun Q\u0131rm\u0131z\u0131k\u0259nd k\u0259ndi yax\u0131nl\u0131\u011f\u0131nda T\u0259rt\u0259r Batalyonu d\u00f6y\u00fc\u015f\u0259 haz\u0131rla\u015fark\u0259n ke\u00e7id yollar\u0131na d\u00fcz\u00fclm\u00fc\u015f mina partlay\u0131\u015f\u0131 n\u0259tic\u0259sind\u0259 \u015f\u0259hid olmu\u015fdur.<br \/>\nAil\u0259li idi. \u0130lqar ad\u0131nda bir o\u011flu var. \u018fskipara k\u0259nd q\u0259biristanl\u0131\u011f\u0131nda d\u0259fn edilib.<br \/>\nBu g\u00fcnl\u0259rd\u0259 T\u0259rt\u0259r Rayon \u0130cra Hakimiyy\u0259tinin ba\u015f\u00e7\u0131s\u0131 M\u00fcst\u0259qim M\u0259mm\u0259dov YAP rayon t\u0259\u015fkilat\u0131n\u0131n s\u0259dri Eldar \u018fs\u0259dov v\u0259 rayon A\u011fsaqqallar \u015furas\u0131n\u0131n s\u0259dri Faiq M\u0259mm\u0259dovla birlikd\u0259 rayonun \u018fskipara k\u0259ndind\u0259 V\u00fcqar C\u0259f\u0259rovun ail\u0259sini ziyar\u0259t edib, onlar\u0131n probleml\u0259ri v\u0259 qay\u011f\u0131lar\u0131 il\u0259 maraqlan\u0131blar.<br \/>\nG\u00f6r\u00fc\u015fd\u0259 rayon r\u0259hb\u0259ri Birinci Qaraba\u011f m\u00fcharib\u0259sind\u0259, 44 g\u00fcnl\u00fck V\u0259t\u0259n m\u00fcharib\u0259sind\u0259 v\u0259 lokal xarakterli antiterror \u0259m\u0259liyyatlar\u0131 zaman\u0131 t\u0259rt\u0259rli o\u011fullar\u0131n d\u00f6y\u00fc\u015fl\u0259rd\u0259 g\u00f6st\u0259rdiyi s\u00fcca\u0259tl\u0259rd\u0259n s\u00f6hb\u0259t a\u00e7\u0131b, h\u0259r birinin q\u0131sa, lakin m\u0259nal\u0131 \u00f6m\u00fcr yolunun g\u0259ncl\u0259r\u0259 \u00f6rn\u0259k oldu\u011funu, bel\u0259 igid o\u011fullar b\u00f6y\u00fctd\u00fckl\u0259ri \u00fc\u00e7\u00fcn \u015f\u0259hid valideyinl\u0259ri qar\u015f\u0131s\u0131nda ba\u015f \u0259ydiyini bildirib, qazan\u0131lan tarixi z\u0259f\u0259rd\u0259n sonra i\u015f\u011faldan azad olunmu\u015f torpaqlarda apar\u0131lan n\u0259h\u0259ng quruculuq i\u015fl\u0259rind\u0259n s\u00f6hb\u0259t a\u00e7\u0131b.<!--more--><br \/>\nBildirilib ki, d\u00f6vl\u0259timizin ba\u015f\u00e7\u0131s\u0131 c\u0259nab \u0130lham \u018fliyev v\u0259 Birinci vitse-prezident Mehriban xan\u0131m \u018fliyeva h\u0259r zaman \u015f\u0259hid ail\u0259l\u0259rin\u0259 diqq\u0259t v\u0259 qay\u011f\u0131 il\u0259 yana\u015f\u0131rlar. D\u00f6vl\u0259t ba\u015f\u00e7\u0131s\u0131 h\u0259r k\u0259s\u0259 \u015f\u0259hid v\u0259 qazi ail\u0259l\u0259rinin probleml\u0259rin\u0259 h\u0259ssasl\u0131qla yana\u015fma\u011f\u0131 tap\u015f\u0131r\u0131b.<br \/>\n\u015e\u0259hidin ail\u0259 \u00fczvl\u0259ri \u015f\u0259hid ail\u0259l\u0259rin\u0259 v\u0259 qazil\u0259r\u0259 g\u00f6st\u0259ril\u0259n diqq\u0259t va qay\u011f\u0131ya g\u00f6r\u0259 Az\u0259rbaycan Respublikas\u0131 Prezidenti c\u0259nab \u0130lham \u018fliyev\u0259 v\u0259 Birinci vitse-prezident Mehriban xan\u0131m \u018fliyevaya \u00f6z minn\u0259tdarl\u0131qlar\u0131n\u0131 bildiribl\u0259r.<\/p>\n","protected":false},"excerpt":{"rendered":"<p>T\u0259rt\u0259rli o\u011fullar\u0131n \u015f\u00fcca\u0259ti Birinci Qaraba\u011f m\u00fcharib\u0259si \u015f\u0259hidi C\u0259f\u0259rov V\u00fcqar Asdan o\u011flu 1968-ci il yanvar ay\u0131n\u0131n 17-d\u0259 T\u0259rt\u0259r rayonunun \u018fskipara k\u0259ndind\u0259 anadan olmu\u015fdur. H\u0259min k\u0259nd orta m\u0259kt\u0259bind\u0259 orta t\u0259hsil alm\u0131\u015fd\u0131r. 1986- 1988-ci ill\u0259rd\u0259 ke\u00e7mi\u015f Sovet Ordusu s\u0131ralar\u0131nda xidm\u0259t etmi\u015fdir. H\u0259rbi xidm\u0259td\u0259n qay\u0131td\u0131qdan sonra 18 \u2116-li Yol \u0130stismar\u0131 \u0130dar\u0259sind\u0259 qaynaq\u00e7\u0131 i\u015fl\u0259yirdi. Qaraba\u011f u\u011frunda m\u00fcharib\u0259 \u015fidd\u0259tl\u0259n\u0259n vaxt T\u0259rt\u0259r [&hellip;]<\/p>\n","protected":false},"author":2,"featured_media":0,"comment_status":"closed","ping_status":"closed","sticky":false,"template":"","format":"standard","meta":[],"categories":[39],"tags":[],"_links":{"self":[{"href":"https:\/\/yeniterter.az\/index.php?rest_route=\/wp\/v2\/posts\/27689"}],"collection":[{"href":"https:\/\/yeniterter.az\/index.php?rest_route=\/wp\/v2\/posts"}],"about":[{"href":"https:\/\/yeniterter.az\/index.php?rest_route=\/wp\/v2\/types\/post"}],"author":[{"embeddable":true,"href":"https:\/\/yeniterter.az\/index.php?rest_route=\/wp\/v2\/users\/2"}],"replies":[{"embeddable":true,"href":"https:\/\/yeniterter.az\/index.php?rest_route=%2Fwp%2Fv2%2Fcomments&post=27689"}],"version-history":[{"count":3,"href":"https:\/\/yeniterter.az\/index.php?rest_route=\/wp\/v2\/posts\/27689\/revisions"}],"predecessor-version":[{"id":27693,"href":"https:\/\/yeniterter.az\/index.php?rest_route=\/wp\/v2\/posts\/27689\/revisions\/27693"}],"wp:attachment":[{"href":"https:\/\/yeniterter.az\/index.php?rest_route=%2Fwp%2Fv2%2Fmedia&parent=27689"}],"wp:term":[{"taxonomy":"category","embeddable":true,"href":"https:\/\/yeniterter.az\/index.php?rest_route=%2Fwp%2Fv2%2Fcategories&post=27689"},{"taxonomy":"post_tag","embeddable":true,"href":"https:\/\/yeniterter.az\/index.php?rest_route=%2Fwp%2Fv2%2Ftags&post=27689"}],"curies":[{"name":"wp","href":"https:\/\/api.w.org\/{rel}","templated":true}]}}