{"id":27686,"date":"2024-06-28T10:47:23","date_gmt":"2024-06-28T07:47:23","guid":{"rendered":"https:\/\/yeniterter.az\/?p=27686"},"modified":"2024-06-28T10:47:23","modified_gmt":"2024-06-28T07:47:23","slug":"bel%c9%99-igidl%c9%99rin-say%c9%99sind%c9%99-torpaqlarimiz-isgaldan-azad-edilib","status":"publish","type":"post","link":"https:\/\/yeniterter.az\/?p=27686","title":{"rendered":"Bel\u0259 igidl\u0259rin say\u0259sind\u0259  torpaqlar\u0131m\u0131z i\u015f\u011faldan azad edilib"},"content":{"rendered":"<p><img decoding=\"async\" loading=\"lazy\" class=\" wp-image-27687 alignleft\" src=\"https:\/\/yeniterter.az\/wp-content\/uploads\/de3c530a819d201b90b02fb11fd72578-300x200.jpg\" alt=\"\" width=\"180\" height=\"120\" srcset=\"https:\/\/yeniterter.az\/wp-content\/uploads\/de3c530a819d201b90b02fb11fd72578-300x200.jpg 300w, https:\/\/yeniterter.az\/wp-content\/uploads\/de3c530a819d201b90b02fb11fd72578-1024x683.jpg 1024w, https:\/\/yeniterter.az\/wp-content\/uploads\/de3c530a819d201b90b02fb11fd72578-768x512.jpg 768w, https:\/\/yeniterter.az\/wp-content\/uploads\/de3c530a819d201b90b02fb11fd72578.jpg 1152w\" sizes=\"(max-width: 180px) 100vw, 180px\" \/>\u015e\u0259hid v\u0259 qazil\u0259rin q\u0259hr\u0259manl\u0131\u011f\u0131, onlar\u0131n qan\u0131-can\u0131 bahas\u0131na bu g\u00fcn torpaqlar\u0131m\u0131z i\u015f\u011faldan azad olub, suverenliyimiz b\u0259rpa edilib. Bel\u0259 insanlardan biri d\u0259 Birinci Qaraba\u011f m\u00fcharib\u0259sinin ikinci qrup \u0259lili R\u0259sul M\u0259mm\u0259dovdur.<br \/>\nR\u0259sul M\u0259mm\u0259dov 1970-ci ild\u0259 T\u0259rt\u0259r rayonunun \u0130r\u0259vanl\u0131 k\u0259ndind\u0259 anadan olub. A\u011fd\u0259r\u0259 polisinin \u0259m\u0259kda\u015f\u0131 kimi d\u00f6y\u00fc\u015fl\u0259rd\u0259 i\u015ftirak edib. 1993-c\u00fc ild\u0259 A\u011fd\u0259r\u0259 istiqam\u0259tind\u0259 ged\u0259n d\u00f6y\u00fc\u015fl\u0259rd\u0259 yaralan\u0131b.<br \/>\nT\u0259rt\u0259r Rayon \u0130cra Hakimiyy\u0259tinin ba\u015f\u00e7\u0131s\u0131 M\u00fcst\u0259qim M\u0259mm\u0259dov YAP rayon t\u0259\u015fkilat\u0131n\u0131n s\u0259dri Eldar \u018fs\u0259dov v\u0259 rayon A\u011fsaqqallar \u015euras\u0131n\u0131n s\u0259dri Faiq M\u0259mm\u0259dovla birlikd\u0259 bu g\u00fcnl\u0259rd\u0259 R\u0259sul M\u0259mm\u0259dovu evind\u0259 ziyar\u0259t edib, onun v\u0259 ail\u0259sinin qay\u011f\u0131 v\u0259 probleml\u0259ri il\u0259 maraqlan\u0131b.<\/p>\n","protected":false},"excerpt":{"rendered":"<p>\u015e\u0259hid v\u0259 qazil\u0259rin q\u0259hr\u0259manl\u0131\u011f\u0131, onlar\u0131n qan\u0131-can\u0131 bahas\u0131na bu g\u00fcn torpaqlar\u0131m\u0131z i\u015f\u011faldan azad olub, suverenliyimiz b\u0259rpa edilib. Bel\u0259 insanlardan biri d\u0259 Birinci Qaraba\u011f m\u00fcharib\u0259sinin ikinci qrup \u0259lili R\u0259sul M\u0259mm\u0259dovdur. R\u0259sul M\u0259mm\u0259dov 1970-ci ild\u0259 T\u0259rt\u0259r rayonunun \u0130r\u0259vanl\u0131 k\u0259ndind\u0259 anadan olub. A\u011fd\u0259r\u0259 polisinin \u0259m\u0259kda\u015f\u0131 kimi d\u00f6y\u00fc\u015fl\u0259rd\u0259 i\u015ftirak edib. 1993-c\u00fc ild\u0259 A\u011fd\u0259r\u0259 istiqam\u0259tind\u0259 ged\u0259n d\u00f6y\u00fc\u015fl\u0259rd\u0259 yaralan\u0131b. T\u0259rt\u0259r Rayon \u0130cra [&hellip;]<\/p>\n","protected":false},"author":2,"featured_media":0,"comment_status":"closed","ping_status":"closed","sticky":false,"template":"","format":"standard","meta":[],"categories":[40],"tags":[],"_links":{"self":[{"href":"https:\/\/yeniterter.az\/index.php?rest_route=\/wp\/v2\/posts\/27686"}],"collection":[{"href":"https:\/\/yeniterter.az\/index.php?rest_route=\/wp\/v2\/posts"}],"about":[{"href":"https:\/\/yeniterter.az\/index.php?rest_route=\/wp\/v2\/types\/post"}],"author":[{"embeddable":true,"href":"https:\/\/yeniterter.az\/index.php?rest_route=\/wp\/v2\/users\/2"}],"replies":[{"embeddable":true,"href":"https:\/\/yeniterter.az\/index.php?rest_route=%2Fwp%2Fv2%2Fcomments&post=27686"}],"version-history":[{"count":1,"href":"https:\/\/yeniterter.az\/index.php?rest_route=\/wp\/v2\/posts\/27686\/revisions"}],"predecessor-version":[{"id":27688,"href":"https:\/\/yeniterter.az\/index.php?rest_route=\/wp\/v2\/posts\/27686\/revisions\/27688"}],"wp:attachment":[{"href":"https:\/\/yeniterter.az\/index.php?rest_route=%2Fwp%2Fv2%2Fmedia&parent=27686"}],"wp:term":[{"taxonomy":"category","embeddable":true,"href":"https:\/\/yeniterter.az\/index.php?rest_route=%2Fwp%2Fv2%2Fcategories&post=27686"},{"taxonomy":"post_tag","embeddable":true,"href":"https:\/\/yeniterter.az\/index.php?rest_route=%2Fwp%2Fv2%2Ftags&post=27686"}],"curies":[{"name":"wp","href":"https:\/\/api.w.org\/{rel}","templated":true}]}}