{"id":27658,"date":"2024-06-28T09:29:07","date_gmt":"2024-06-28T06:29:07","guid":{"rendered":"https:\/\/yeniterter.az\/?p=27658"},"modified":"2024-06-28T09:39:25","modified_gmt":"2024-06-28T06:39:25","slug":"27658","status":"publish","type":"post","link":"https:\/\/yeniterter.az\/?p=27658","title":{"rendered":""},"content":{"rendered":"<p><em><strong><img decoding=\"async\" loading=\"lazy\" class=\"wp-image-27659 alignright\" src=\"https:\/\/yeniterter.az\/wp-content\/uploads\/7c0e4c3d-2304-461c-8386-09e9370f51f2-169x300.jpg\" alt=\"\" width=\"86\" height=\"153\" srcset=\"https:\/\/yeniterter.az\/wp-content\/uploads\/7c0e4c3d-2304-461c-8386-09e9370f51f2-169x300.jpg 169w, https:\/\/yeniterter.az\/wp-content\/uploads\/7c0e4c3d-2304-461c-8386-09e9370f51f2-576x1024.jpg 576w, https:\/\/yeniterter.az\/wp-content\/uploads\/7c0e4c3d-2304-461c-8386-09e9370f51f2-768x1365.jpg 768w, https:\/\/yeniterter.az\/wp-content\/uploads\/7c0e4c3d-2304-461c-8386-09e9370f51f2-864x1536.jpg 864w, https:\/\/yeniterter.az\/wp-content\/uploads\/7c0e4c3d-2304-461c-8386-09e9370f51f2.jpg 900w\" sizes=\"(max-width: 86px) 100vw, 86px\" \/>Asif Tal\u0131bo\u011flu K\u0259lb\u0259c\u0259r rayonunun Ba\u011fl\u0131p\u0259y\u0259 k\u0259ndind\u0259 do\u011fulub. Haz\u0131rda rayonumuzda Yeni Q\u0259s\u0259b\u0259d\u0259 ya\u015fay\u0131r. Onun \u015feirl\u0259ri \u201cYeni T\u0259rt\u0259r\u201d q\u0259zeti il\u0259 yana\u015f\u0131, m\u00fcxt\u0259lif \u0259d\u0259bi almanaxlarda v\u0259 dig\u0259r b\u00f6lg\u0259 q\u0259zetl\u0259rind\u0259 \u00e7ap olunub. A\u015fa\u011f\u0131da Asif Tal\u0131bo\u011flunun bir ne\u00e7\u0259 \u015feirini oxucular\u0131m\u0131za t\u0259qdim edirik.<\/strong><\/em><\/p>\n<p style=\"text-align: center;\"><span style=\"font-size: 14pt;\"><strong>G\u0259l q\u0259brimin \u00fcst\u00fcn\u0259<\/strong><\/span><\/p>\n<table style=\"border-collapse: collapse; width: 82.3244%; height: 59px;\">\n<tbody>\n<tr>\n<td style=\"width: 50%;\">Sa\u011fl\u0131\u011f\u0131mda g\u00f6r\u00fc\u015f\u00fcm\u0259 g\u0259lm\u0259din,<br \/>\nBar\u0131 h\u0259rd\u0259n g\u0259l q\u0259brimin \u00fcst\u00fcn\u0259,<br \/>\nBir vaxt m\u0259n\u0259 o\u011frun baxan g\u00f6zl\u0259rin,<br \/>\nQoy ax\u0131ts\u0131n sel q\u0259brimin \u00fcst\u00fcn\u0259.<\/td>\n<td style=\"width: 50%;\">Demir\u0259m ki, f\u0259ryad qopar, ya n\u0259l\u0259r&#8230;<br \/>\nAsif dey\u0259r bir p\u0131\u00e7\u0131lt\u0131n b\u0259s ed\u0259r,<br \/>\nB\u0259lk\u0259 ruhum rahatlanar, dinc\u0259l\u0259r,<br \/>\nG\u0259zdir\u0259rs\u0259n \u0259l q\u0259brimin \u00fcst\u00fcn\u0259.<\/td>\n<\/tr>\n<tr>\n<td style=\"width: 50%;\" width=\"50%\">&nbsp;<\/p>\n<p>S\u0259n\u0259 olan saf e\u015fqimin x\u0259trin\u0259,<br \/>\nS\u0259ni yazd\u0131m h\u0259r \u015ferimin s\u0259trin\u0259,<br \/>\nYara\u015fd\u0131r\u0131b sa\u00e7lar\u0131n\u0131n \u0259trin\u0259,<br \/>\nQoy bir d\u0259st\u0259 g\u00fcl q\u0259brimin \u00fcst\u00fcn\u0259.<\/td>\n<td style=\"width: 50%;\" width=\"50%\"><\/td>\n<\/tr>\n<\/tbody>\n<\/table>\n<p>&nbsp;<\/p>\n","protected":false},"excerpt":{"rendered":"<p>Asif Tal\u0131bo\u011flu K\u0259lb\u0259c\u0259r rayonunun Ba\u011fl\u0131p\u0259y\u0259 k\u0259ndind\u0259 do\u011fulub. Haz\u0131rda rayonumuzda Yeni Q\u0259s\u0259b\u0259d\u0259 ya\u015fay\u0131r. Onun \u015feirl\u0259ri \u201cYeni T\u0259rt\u0259r\u201d q\u0259zeti il\u0259 yana\u015f\u0131, m\u00fcxt\u0259lif \u0259d\u0259bi almanaxlarda v\u0259 dig\u0259r b\u00f6lg\u0259 q\u0259zetl\u0259rind\u0259 \u00e7ap olunub. A\u015fa\u011f\u0131da Asif Tal\u0131bo\u011flunun bir ne\u00e7\u0259 \u015feirini oxucular\u0131m\u0131za t\u0259qdim edirik. G\u0259l q\u0259brimin \u00fcst\u00fcn\u0259 Sa\u011fl\u0131\u011f\u0131mda g\u00f6r\u00fc\u015f\u00fcm\u0259 g\u0259lm\u0259din, Bar\u0131 h\u0259rd\u0259n g\u0259l q\u0259brimin \u00fcst\u00fcn\u0259, Bir vaxt m\u0259n\u0259 o\u011frun baxan g\u00f6zl\u0259rin, Qoy [&hellip;]<\/p>\n","protected":false},"author":2,"featured_media":0,"comment_status":"closed","ping_status":"closed","sticky":false,"template":"","format":"standard","meta":[],"categories":[11],"tags":[],"_links":{"self":[{"href":"https:\/\/yeniterter.az\/index.php?rest_route=\/wp\/v2\/posts\/27658"}],"collection":[{"href":"https:\/\/yeniterter.az\/index.php?rest_route=\/wp\/v2\/posts"}],"about":[{"href":"https:\/\/yeniterter.az\/index.php?rest_route=\/wp\/v2\/types\/post"}],"author":[{"embeddable":true,"href":"https:\/\/yeniterter.az\/index.php?rest_route=\/wp\/v2\/users\/2"}],"replies":[{"embeddable":true,"href":"https:\/\/yeniterter.az\/index.php?rest_route=%2Fwp%2Fv2%2Fcomments&post=27658"}],"version-history":[{"count":5,"href":"https:\/\/yeniterter.az\/index.php?rest_route=\/wp\/v2\/posts\/27658\/revisions"}],"predecessor-version":[{"id":27664,"href":"https:\/\/yeniterter.az\/index.php?rest_route=\/wp\/v2\/posts\/27658\/revisions\/27664"}],"wp:attachment":[{"href":"https:\/\/yeniterter.az\/index.php?rest_route=%2Fwp%2Fv2%2Fmedia&parent=27658"}],"wp:term":[{"taxonomy":"category","embeddable":true,"href":"https:\/\/yeniterter.az\/index.php?rest_route=%2Fwp%2Fv2%2Fcategories&post=27658"},{"taxonomy":"post_tag","embeddable":true,"href":"https:\/\/yeniterter.az\/index.php?rest_route=%2Fwp%2Fv2%2Ftags&post=27658"}],"curies":[{"name":"wp","href":"https:\/\/api.w.org\/{rel}","templated":true}]}}