{"id":27646,"date":"2024-06-24T13:25:15","date_gmt":"2024-06-24T10:25:15","guid":{"rendered":"https:\/\/yeniterter.az\/?p=27646"},"modified":"2024-06-24T13:25:15","modified_gmt":"2024-06-24T10:25:15","slug":"cop29-a-ev-sahibliyi-ed%c9%99c%c9%99k-olk%c9%99-kimi-yasil-enerjiy%c9%99-kecid-prosesind%c9%99-ond%c9%99-ged%c9%99nl%c9%99rd%c9%99n-olmaq-bizim-uz%c9%99rimiz%c9%99-dus%c9%99n-ohd%c9%99likdir","status":"publish","type":"post","link":"https:\/\/yeniterter.az\/?p=27646","title":{"rendered":"COP29-a ev sahibliyi ed\u0259c\u0259k \u00f6lk\u0259 kimi ya\u015f\u0131l enerjiy\u0259 ke\u00e7id prosesind\u0259 \u00f6nd\u0259 ged\u0259nl\u0259rd\u0259n olmaq bizim \u00fcz\u0259rimiz\u0259 d\u00fc\u015f\u0259n \u00f6hd\u0259likdir"},"content":{"rendered":"<p><img decoding=\"async\" loading=\"lazy\" class=\" wp-image-27647 alignleft\" src=\"https:\/\/yeniterter.az\/wp-content\/uploads\/449104958_321005384397262_3178854516044367633_n-300x260.jpg\" alt=\"\" width=\"180\" height=\"156\" srcset=\"https:\/\/yeniterter.az\/wp-content\/uploads\/449104958_321005384397262_3178854516044367633_n-300x260.jpg 300w, https:\/\/yeniterter.az\/wp-content\/uploads\/449104958_321005384397262_3178854516044367633_n.jpg 600w\" sizes=\"(max-width: 180px) 100vw, 180px\" \/><img decoding=\"async\" loading=\"lazy\" class=\"wp-image-27648 alignright\" src=\"https:\/\/yeniterter.az\/wp-content\/uploads\/448927602_321005407730593_1459464024094628166_n-300x152.jpg\" alt=\"\" width=\"304\" height=\"154\" srcset=\"https:\/\/yeniterter.az\/wp-content\/uploads\/448927602_321005407730593_1459464024094628166_n-300x152.jpg 300w, https:\/\/yeniterter.az\/wp-content\/uploads\/448927602_321005407730593_1459464024094628166_n.jpg 584w\" sizes=\"(max-width: 304px) 100vw, 304px\" \/>C\u0259nab Prezident \u0130lham \u018fliyevin cari ilin 21 iyun tarixind\u0259 \u201cEuronews\u201da m\u00fcsahib\u0259 verib. \u00d6lk\u0259 ba\u015f\u00e7\u0131s\u0131 m\u00fcsahib\u0259sind\u0259 bildirib ki, Az\u0259rbaycan n\u0259inki \u0259n\u0259n\u0259vi enerji m\u0259nb\u0259l\u0259rin\u0259, o c\u00fcml\u0259d\u0259n b\u0259rpaolunan enerjiy\u0259 s\u0259rmay\u0259 yat\u0131ranlar \u00fc\u00e7\u00fcn c\u0259lbedicidir.<\/p>\n<p>\u00d6t\u0259n ilin oktyabr\u0131nda \u00f6lk\u0259mizd\u0259 230 meqavatl\u0131q ilk G\u00fcn\u0259\u015f enerjisi stansiyas\u0131n\u0131n a\u00e7\u0131l\u0131\u015f\u0131 oldu. Perspektivd\u0259 10 qiqavata v\u0259 2030-cu il\u0259d\u0259k 5 qiqavata q\u0259d\u0259r g\u00fcc\u00fc \u0259hat\u0259 ed\u0259n b\u00fct\u00fcn m\u00fcqavil\u0259l\u0259r v\u0259 anla\u015fma memorandumlar\u0131 icra olunacaqd\u0131r.<\/p>\n<p>\u00d6lk\u0259 \u0259n\u0259n\u0259vi enerjid\u0259n \u0259ld\u0259 etdiyi g\u0259lirl\u0259ri haz\u0131rda b\u0259rpaolunan enerjiy\u0259 y\u00f6n\u0259ldir. COP29-a ev sahibliyi ed\u0259c\u0259k \u00f6lk\u0259 kimi ya\u015f\u0131l enerjiy\u0259 ke\u00e7id prosesind\u0259 \u00f6nd\u0259 ged\u0259nl\u0259rd\u0259n olmaq bizim \u00fcz\u0259rimiz\u0259 d\u00fc\u015f\u0259n \u00f6hd\u0259likdir.<\/p>\n<p>C\u0259nab prezident bildirib ki, \u201cMasdar\u201d \u00f6lk\u0259mizin strateji t\u0259r\u0259fda\u015f\u0131d\u0131r. H\u0259m\u00e7inin \u201cACWA Power\u201d v\u0259 BP s\u0259rmay\u0259darlar\u0131m\u0131z s\u0131ras\u0131ndad\u0131r. Az\u0259rbaycan il\u0259 i\u015fl\u0259m\u0259yi planla\u015fd\u0131ran dig\u0259r \u00f6lk\u0259l\u0259rin bir \u00e7ox \u015firk\u0259tl\u0259ri var.<\/p>\n<p>S\u0259rmay\u0259darlar\u0131n verdiyi m\u00fcmk\u00fcn q\u0259d\u0259r \u00e7ox enerjini q\u0259bul etm\u0259k iqtidar\u0131nda olmal\u0131y\u0131q. Az\u0259rbaycan\u0131n \u00f6z\u00fcn\u0259 planla\u015fd\u0131rd\u0131\u011f\u0131 q\u0259d\u0259r b\u0259rpaolunan enerji laz\u0131m deyil v\u0259 bu s\u0259b\u0259bd\u0259n h\u0259d\u0259fimiz ixracd\u0131r. B\u0259rpaolunan enerjid\u0259n istifad\u0259y\u0259 olduqca d\u00fc\u015f\u00fcn\u00fclm\u00fc\u015f yana\u015fma t\u0259tbiq edilm\u0259lidir ki, elektrik enerjisi maksimum istehsal olunsun v\u0259 t\u0259bii qaza q\u0259na\u0259t edilsin ki, o, \u0259sas\u0259n indi Avropaya laz\u0131m olan qaydada n\u0259ql olunsun.<\/p>\n<p>Bak\u0131 Enerji H\u0259ft\u0259sind\u0259 37-d\u0259n art\u0131q \u00f6lk\u0259d\u0259n g\u0259lmi\u015f 300-d\u0259n \u00e7ox n\u00fcmay\u0259nd\u0259 i\u015ftirak etmi\u015fdir. T\u0259dbir art\u0131q 30 ildir ke\u00e7irilir. Birinci t\u0259dbir h\u0259l\u0259 1994-c\u00fc ild\u0259 t\u0259\u015fkil olunmu\u015fdur. He\u00e7 d\u0259 h\u0259r enerji t\u0259dbiri AB\u015e Prezidentinin m\u00fcraci\u0259ti \u015f\u0259r\u0259fin\u0259 nail olmur. Bu t\u0259dbirin b\u00fct\u00fcn ill\u0259ri bel\u0259 olub v\u0259 bu, \u0259slind\u0259, onun unikal mahiyy\u0259tini v\u0259 g\u00fcc\u00fcn\u00fc n\u00fcmayi\u015f etdirir. Konfrans enerji sektorunda \u00f6lk\u0259mizin qlobal liderliyini \u0259ks etdirir.<!--more--><\/p>\n<p>T\u0259dbir \u00f6nc\u0259 X\u0259z\u0259r Neft v\u0259 Qaz S\u0259rgisi v\u0259 Konfrans\u0131 ad\u0131n\u0131 ald\u0131. Sonra biz b\u0259rpaolunan enerji sah\u0259sind\u0259 i\u015f\u0259 ba\u015flad\u0131q v\u0259 t\u0259dbir f\u0259rqli sektorlar\u0131 \u0259hat\u0259 ed\u0259n Bak\u0131 Enerji H\u0259ft\u0259sin\u0259 \u00e7evrildi. Q\u0131sa m\u00fcdd\u0259t \u0259rzind\u0259 bir \u00f6lk\u0259d\u0259 h\u0259r istiqam\u0259td\u0259 &#8211; neft, t\u0259bii qaz v\u0259 indi is\u0259 ya\u015f\u0131l enerji sah\u0259l\u0259rind\u0259 u\u011furlar\u0131 g\u00f6r\u0259 bil\u0259rsiniz.<\/p>\n<p>Ev sahibliyi ed\u0259n \u00f6lk\u0259 kimi Az\u0259rbaycan\u0131n \u0259sas m\u0259qs\u0259dl\u0259rind\u0259n biri birliyi v\u0259 h\u0259mr\u0259yliyi yaratmaqd\u0131r. Az\u0259rbaycan COP zaman\u0131 v\u0259 ondan sonra s\u0259drliyimiz davam ed\u0259c\u0259yi d\u00f6vrd\u0259 el\u0259 m\u00fcsb\u0259t m\u00fchit qurmaq ist\u0259yir ki, \u00f6lk\u0259l\u0259r v\u0259 \u015firk\u0259tl\u0259r bir-biri il\u0259 ist\u0259kl\u0259 i\u015fl\u0259sin v\u0259 qar\u015f\u0131l\u0131ql\u0131 iddialar\u0131 k\u0259nara qoysunlar, planetin qorunmas\u0131 il\u0259 \u0259laq\u0259dar \u0259sas g\u00fcnd\u0259liy\u0259 diqq\u0259t yetirsinl\u0259r.<\/p>\n<p>&nbsp;<\/p>\n","protected":false},"excerpt":{"rendered":"<p>C\u0259nab Prezident \u0130lham \u018fliyevin cari ilin 21 iyun tarixind\u0259 \u201cEuronews\u201da m\u00fcsahib\u0259 verib. \u00d6lk\u0259 ba\u015f\u00e7\u0131s\u0131 m\u00fcsahib\u0259sind\u0259 bildirib ki, Az\u0259rbaycan n\u0259inki \u0259n\u0259n\u0259vi enerji m\u0259nb\u0259l\u0259rin\u0259, o c\u00fcml\u0259d\u0259n b\u0259rpaolunan enerjiy\u0259 s\u0259rmay\u0259 yat\u0131ranlar \u00fc\u00e7\u00fcn c\u0259lbedicidir. \u00d6t\u0259n ilin oktyabr\u0131nda \u00f6lk\u0259mizd\u0259 230 meqavatl\u0131q ilk G\u00fcn\u0259\u015f enerjisi stansiyas\u0131n\u0131n a\u00e7\u0131l\u0131\u015f\u0131 oldu. Perspektivd\u0259 10 qiqavata v\u0259 2030-cu il\u0259d\u0259k 5 qiqavata q\u0259d\u0259r g\u00fcc\u00fc \u0259hat\u0259 ed\u0259n b\u00fct\u00fcn [&hellip;]<\/p>\n","protected":false},"author":2,"featured_media":0,"comment_status":"closed","ping_status":"closed","sticky":false,"template":"","format":"standard","meta":[],"categories":[10],"tags":[],"_links":{"self":[{"href":"https:\/\/yeniterter.az\/index.php?rest_route=\/wp\/v2\/posts\/27646"}],"collection":[{"href":"https:\/\/yeniterter.az\/index.php?rest_route=\/wp\/v2\/posts"}],"about":[{"href":"https:\/\/yeniterter.az\/index.php?rest_route=\/wp\/v2\/types\/post"}],"author":[{"embeddable":true,"href":"https:\/\/yeniterter.az\/index.php?rest_route=\/wp\/v2\/users\/2"}],"replies":[{"embeddable":true,"href":"https:\/\/yeniterter.az\/index.php?rest_route=%2Fwp%2Fv2%2Fcomments&post=27646"}],"version-history":[{"count":1,"href":"https:\/\/yeniterter.az\/index.php?rest_route=\/wp\/v2\/posts\/27646\/revisions"}],"predecessor-version":[{"id":27649,"href":"https:\/\/yeniterter.az\/index.php?rest_route=\/wp\/v2\/posts\/27646\/revisions\/27649"}],"wp:attachment":[{"href":"https:\/\/yeniterter.az\/index.php?rest_route=%2Fwp%2Fv2%2Fmedia&parent=27646"}],"wp:term":[{"taxonomy":"category","embeddable":true,"href":"https:\/\/yeniterter.az\/index.php?rest_route=%2Fwp%2Fv2%2Fcategories&post=27646"},{"taxonomy":"post_tag","embeddable":true,"href":"https:\/\/yeniterter.az\/index.php?rest_route=%2Fwp%2Fv2%2Ftags&post=27646"}],"curies":[{"name":"wp","href":"https:\/\/api.w.org\/{rel}","templated":true}]}}