{"id":27641,"date":"2024-06-21T13:04:12","date_gmt":"2024-06-21T10:04:12","guid":{"rendered":"https:\/\/yeniterter.az\/?p=27641"},"modified":"2024-06-21T13:04:12","modified_gmt":"2024-06-21T10:04:12","slug":"az%c9%99rbaycan-silahli-quvv%c9%99l%c9%99ri-xalqimizin-guv%c9%99nc-yeridir","status":"publish","type":"post","link":"https:\/\/yeniterter.az\/?p=27641","title":{"rendered":"Az\u0259rbaycan Silahl\u0131 Q\u00fcvv\u0259l\u0259ri xalq\u0131m\u0131z\u0131n g\u00fcv\u0259nc yeridir."},"content":{"rendered":"<p>Az\u0259rbaycan Respublikas\u0131 Silahl\u0131 Q\u00fcvv\u0259l\u0259rinin yarad\u0131lmas\u0131 m\u00fcst\u0259qil Az\u0259rbaycan\u0131n d\u00f6vl\u0259t quruculu\u011funun m\u00fch\u00fcm nailiyy\u0259tl\u0259rind\u0259n biridir. \u018fsas\u0131 Az\u0259rbaycan Xalq C\u00fcmhuriyy\u0259ti d\u00f6vr\u00fcnd\u0259 qoyulmu\u015f Az\u0259rbaycan Ordusunun \u0259n\u0259n\u0259l\u0259ri d\u00f6vl\u0259t m\u00fcst\u0259qilliyimizin b\u0259rpas\u0131ndan, x\u00fcsus\u0259n Ulu \u00d6nd\u0259rimiz Heyd\u0259r \u018fliyevin\u00a0 ikinci d\u0259f\u0259 hakimiyy\u0259t\u0259 qay\u0131d\u0131\u015f\u0131ndan sonra inki\u015faf etmi\u015fdir. M\u00fcst\u0259qil Az\u0259rbaycan Ordusunun y\u00fcks\u0259k s\u0259viyy\u0259d\u0259 inki\u015faf\u0131 \u00fcmummilli liderimiz Heyd\u0259r \u018fliyevin z\u0259hm\u0259tinin b\u0259hr\u0259sidir ki,\u00a0 bu g\u00fcn\u00a0 Az\u0259rbaycan Ordusunun\u00a0 tarixi q\u0259l\u0259b\u0259si\u00a0 Ulu \u00f6nd\u0259r Heyd\u0259r \u018fliyevin\u00a0 ad\u0131 il\u0259 ba\u011fl\u0131d\u0131r. Ulu \u00f6nd\u0259r\u00a0 siyas\u0259tinin M\u00f6ht\u0259r\u0259m Prezidentimiz t\u0259r\u0259find\u0259n\u00a0 ard\u0131c\u0131l olaraq l\u0259yaq\u0259tl h\u0259yata ke\u00e7irilm\u0259sinin\u00a0 n\u0259tic\u0259sidir ki,\u00a0 Az\u0259rbaycanda ordu\u00a0 quruculu\u011fu sah\u0259sind\u0259 apar\u0131lan i\u015fl\u0259r \u00f6lk\u0259mizd\u0259 m\u00fct\u0259\u015f\u0259kkil, q\u00fcdr\u0259tli ordu yaratma\u011fa\u00a0 g\u0259tirib \u00e7\u0131xarm\u0131\u015fd\u0131r.<\/p>\n<p>22 may 1998-ci il tarixd\u0259\u00a0 Az\u0259rbaycan Respublikas\u0131 Prezidentinin\u00a0 F\u0259rman\u0131na \u0259sas\u0259n 26 \u0130yun &#8211; Az\u0259rbaycan Respublikas\u0131 Silahl\u0131 Q\u00fcvv\u0259l\u0259r g\u00fcn\u00fc elan\u00a0 edilmi\u015fdir ki, h\u0259min Az\u0259rbaycan Respublikas\u0131nda Silahl\u0131 Q\u00fcvv\u0259l\u0259r G\u00fcn\u00fc olaraq t\u0259nt\u0259n\u0259li \u015f\u0259kild\u0259 qeyd olunur.<\/p>\n<p>Bu g\u00fcn \u00a0ordu quruculu\u011fu prosesi Az\u0259rbaycan Prezidenti, Silahl\u0131 Q\u00fcvv\u0259l\u0259rin Ali Ba\u015f Komandan\u0131 \u0130lham \u018fliyevin r\u0259hb\u0259rliyi alt\u0131nda u\u011furla davam etdirilir. Bunun n\u0259tic\u0259sind\u0259 Az\u0259rbaycan Silahl\u0131 Q\u00fcvv\u0259l\u0259ri bu g\u00fcn regionun modern texnika il\u0259 t\u0259chiz edil\u0259n, V\u0259t\u0259nin m\u00fcdafi\u0259sin\u0259 daim haz\u0131r olan y\u00fcks\u0259k nizam-intizama malik bir quruma \u00e7evrilib.<\/p>\n<p>26 sentyabr 2020-ci il tarixd\u0259 ba\u015flanan 44 g\u00fcl\u00fck V\u0259t\u0259n m\u00fcharib\u0259sind\u0259 v\u0259 2023-c\u00fc ilin sentyabr ay\u0131nda ba\u015flanan 23 saatl\u0131q antiterror \u0259m\u0259liyyat\u0131nda M\u00fcz\u0259ff\u0259r Az\u0259rbaycan Ordusu Ali Ba\u015f Komandan\u0131m\u0131z\u0131n r\u0259hb\u0259rliyi alt\u0131nda xalq\u0131m\u0131z\u0131n\u00a0 uzun ill\u0259rdir ki, g\u00f6zl\u0259diyi g\u00fcn\u0259 g\u0259tirib \u00e7\u0131xard\u0131. Bel\u0259 ki, R\u0259\u015fad\u0259tli Az\u0259rbaycan Ordusu \u0259z\u0259li v\u0259 \u0259b\u0259di Qaraba\u011f torpa\u011f\u0131n\u0131 m\u0259nfur d\u00fc\u015fm\u0259nd\u0259n \u2013 erm\u0259ni fa\u015fistl\u0259rind\u0259n azad etdi. Tarixi q\u0259l\u0259b\u0259nin qazan\u0131lmas\u0131nda orduda xidm\u0259t ed\u0259n Az\u0259rbaycan g\u0259ncl\u0259ri b\u00f6y\u00fck q\u0259hr\u0259manl\u0131qlar g\u00f6st\u0259r\u0259r\u0259k, xalq\u0131m\u0131z\u0131n z\u0259f\u0259r salnam\u0259sin\u0259 \u00f6z adlar\u0131n\u0131 yazd\u0131r\u0131blar. Bu m\u00f6ht\u0259\u015f\u0259m Z\u0259f\u0259r n\u0259tic\u0259sind\u0259 30 il\u0259 yax\u0131n davam ed\u0259n\u00a0 Qaraba\u011f m\u00fcnaqi\u015f\u0259sin\u0259 son qoyuldu. D\u00f6vl\u0259timizin ba\u015f\u00e7\u0131s\u0131, M\u00fcz\u0259ff\u0259r Ali Ba\u015f Komandan \u0130lham \u018fliyev\u00a0 c\u0259nablar\u0131n\u0131n qeyd etdiyi kimi, qalib Milli Ordumuz d\u00fc\u015fm\u0259n\u0259 he\u00e7 vaxt unutmayaca\u011f\u0131 d\u0259rsi verdi.<\/p>\n<p>Bu g\u00fcn Silahl\u0131 Q\u00fcvv\u0259l\u0259r G\u00fcn\u00fcn\u00fc m\u0259hz bu u\u011furumuzun-torpaqlar\u0131m\u0131z\u0131n i\u015f\u011faldan azad olunmas\u0131n\u0131n sevincini ya\u015fayaraq qeyd edirik. 26 \u0130yun- Silahl\u0131 Q\u00fcvv\u0259l\u0259r G\u00fcn\u00fcnd\u0259 106 ya\u015fl\u0131 ordumuzun ke\u00e7diyi inki\u015faf yolunu bir yaz\u0131da \u0259hat\u0259 etm\u0259k m\u00fcmk\u00fcn olmasa da, reall\u0131q budur ki, Az\u0259rbaycan Ordusu d\u00fcnyan\u0131n \u0259n g\u00fccl\u00fc 50 ordusu s\u0131ras\u0131nda yer al\u0131b, 44 g\u00fcnl\u00fck \u0130kinci Qaraba\u011f m\u00fcharib\u0259sind\u0259 tarix yaz\u0131b, i\u015f\u011fala son qoyaraq, B\u00f6y\u00fck Qay\u0131d\u0131\u015fa yol a\u00e7\u0131b.<\/p>\n<p>26 iyun \u2013 Silahl\u0131 Q\u00fcvv\u0259l\u0259r G\u00fcn\u00fc m\u00fcnasib\u0259ti il\u0259\u00a0 M\u00fcz\u0259ff\u0259r Ali Ba\u015f Komandan\u0131m\u0131z ba\u015fda olmaqla\u00a0 Qalib Az\u0259rbaycan Ordusunu t\u0259brik edir, V\u0259t\u0259n namin\u0259 m\u00fcq\u0259dd\u0259s v\u0259 \u015f\u0259r\u0259fli xidm\u0259td\u0259 m\u00f6hk\u0259m can sa\u011fl\u0131\u011f\u0131, uzun \u00f6m\u00fcr\u00a0 v\u0259\u00a0 m\u00fcv\u0259ff\u0259qiyy\u0259tl\u0259r arzulay\u0131r\u0131q.<\/p>\n<p style=\"text-align: right;\"><strong>\u00a0<\/strong><em><strong>Eldar \u018fs\u0259dov<\/strong><\/em><\/p>\n<p style=\"text-align: right;\"><strong>YAP T\u0259rt\u0259r rayon t\u0259\u015fkilat\u0131n\u0131n s\u0259dri<\/strong><\/p>\n<p>&nbsp;<\/p>\n<p>&nbsp;<\/p>\n","protected":false},"excerpt":{"rendered":"<p>Az\u0259rbaycan Respublikas\u0131 Silahl\u0131 Q\u00fcvv\u0259l\u0259rinin yarad\u0131lmas\u0131 m\u00fcst\u0259qil Az\u0259rbaycan\u0131n d\u00f6vl\u0259t quruculu\u011funun m\u00fch\u00fcm nailiyy\u0259tl\u0259rind\u0259n biridir. \u018fsas\u0131 Az\u0259rbaycan Xalq C\u00fcmhuriyy\u0259ti d\u00f6vr\u00fcnd\u0259 qoyulmu\u015f Az\u0259rbaycan Ordusunun \u0259n\u0259n\u0259l\u0259ri d\u00f6vl\u0259t m\u00fcst\u0259qilliyimizin b\u0259rpas\u0131ndan, x\u00fcsus\u0259n Ulu \u00d6nd\u0259rimiz Heyd\u0259r \u018fliyevin\u00a0 ikinci d\u0259f\u0259 hakimiyy\u0259t\u0259 qay\u0131d\u0131\u015f\u0131ndan sonra inki\u015faf etmi\u015fdir. M\u00fcst\u0259qil Az\u0259rbaycan Ordusunun y\u00fcks\u0259k s\u0259viyy\u0259d\u0259 inki\u015faf\u0131 \u00fcmummilli liderimiz Heyd\u0259r \u018fliyevin z\u0259hm\u0259tinin b\u0259hr\u0259sidir ki,\u00a0 bu g\u00fcn\u00a0 Az\u0259rbaycan Ordusunun\u00a0 tarixi q\u0259l\u0259b\u0259si\u00a0 [&hellip;]<\/p>\n","protected":false},"author":2,"featured_media":0,"comment_status":"closed","ping_status":"closed","sticky":false,"template":"","format":"standard","meta":[],"categories":[38],"tags":[],"_links":{"self":[{"href":"https:\/\/yeniterter.az\/index.php?rest_route=\/wp\/v2\/posts\/27641"}],"collection":[{"href":"https:\/\/yeniterter.az\/index.php?rest_route=\/wp\/v2\/posts"}],"about":[{"href":"https:\/\/yeniterter.az\/index.php?rest_route=\/wp\/v2\/types\/post"}],"author":[{"embeddable":true,"href":"https:\/\/yeniterter.az\/index.php?rest_route=\/wp\/v2\/users\/2"}],"replies":[{"embeddable":true,"href":"https:\/\/yeniterter.az\/index.php?rest_route=%2Fwp%2Fv2%2Fcomments&post=27641"}],"version-history":[{"count":1,"href":"https:\/\/yeniterter.az\/index.php?rest_route=\/wp\/v2\/posts\/27641\/revisions"}],"predecessor-version":[{"id":27642,"href":"https:\/\/yeniterter.az\/index.php?rest_route=\/wp\/v2\/posts\/27641\/revisions\/27642"}],"wp:attachment":[{"href":"https:\/\/yeniterter.az\/index.php?rest_route=%2Fwp%2Fv2%2Fmedia&parent=27641"}],"wp:term":[{"taxonomy":"category","embeddable":true,"href":"https:\/\/yeniterter.az\/index.php?rest_route=%2Fwp%2Fv2%2Fcategories&post=27641"},{"taxonomy":"post_tag","embeddable":true,"href":"https:\/\/yeniterter.az\/index.php?rest_route=%2Fwp%2Fv2%2Ftags&post=27641"}],"curies":[{"name":"wp","href":"https:\/\/api.w.org\/{rel}","templated":true}]}}