{"id":27626,"date":"2024-06-20T11:10:19","date_gmt":"2024-06-20T08:10:19","guid":{"rendered":"https:\/\/yeniterter.az\/?p=27626"},"modified":"2024-06-20T11:10:19","modified_gmt":"2024-06-20T08:10:19","slug":"tibb-iscil%c9%99rinin-pes%c9%99-bayrami-6","status":"publish","type":"post","link":"https:\/\/yeniterter.az\/?p=27626","title":{"rendered":"T\u0130BB \u0130\u015e\u00c7\u0130L\u018fR\u0130N\u0130N PE\u015e\u018f BAYRAMI"},"content":{"rendered":"<p><img decoding=\"async\" loading=\"lazy\" class=\" wp-image-27627 alignleft\" src=\"https:\/\/yeniterter.az\/wp-content\/uploads\/12-15-300x200.jpg\" alt=\"\" width=\"252\" height=\"168\" srcset=\"https:\/\/yeniterter.az\/wp-content\/uploads\/12-15-300x200.jpg 300w, https:\/\/yeniterter.az\/wp-content\/uploads\/12-15-1024x683.jpg 1024w, https:\/\/yeniterter.az\/wp-content\/uploads\/12-15-768x512.jpg 768w, https:\/\/yeniterter.az\/wp-content\/uploads\/12-15.jpg 1152w\" sizes=\"(max-width: 252px) 100vw, 252px\" \/>T\u0259rt\u0259r Rayon \u0130cra Hakimiyy\u0259ti v\u0259 YAP rayon t\u0259\u015fkilat\u0131n\u0131n t\u0259\u015fkilat\u00e7\u0131l\u0131\u011f\u0131 il\u0259 17 iyun\u2013Tibb i\u015f\u00e7il\u0259rinin pe\u015f\u0259 bayram\u0131 g\u00fcn\u00fc m\u00fcnasib\u0259ti il\u0259 rayonun tibb i\u015f\u00e7il\u0259rinin i\u015ftirak\u0131 il\u0259 t\u0259dbir ke\u00e7irilib.<br \/>\n\u018fvv\u0259lc\u0259 t\u0259dbir i\u015ftirak\u00e7\u0131lar\u0131 \u00dcmummili lider Heyd\u0259r \u018fliyevin abid\u0259sini ziyar\u0259t ed\u0259r\u0259k, \u00f6n\u00fcn\u0259 g\u00fcl-\u00e7i\u00e7\u0259k d\u0259st\u0259l\u0259ri d\u00fcz\u00fcbl\u0259r. Sonra t\u0259dbir YAP rayon t\u0259\u015fkilat\u0131n\u0131n inzibati binas\u0131nda davam etdirilib.<br \/>\nUlu \u00d6nd\u0259rin v\u0259 torpaqlar\u0131m\u0131z\u0131n suverenliyi u\u011frunda canlar\u0131n\u0131 qurban vermi\u015f \u015f\u0259hidl\u0259rin ruhu bir d\u0259qiq\u0259lik s\u00fckutla yad edilib.<br \/>\nT\u0259rt\u0259r Rayon \u0130cra Hakimiyy\u0259tinin ba\u015f\u00e7\u0131s\u0131 M\u00fcst\u0259qim M\u0259mm\u0259dov s\u0259hiyy\u0259 i\u015f\u00e7il\u0259rini pe\u015f\u0259 bayramlar\u0131 m\u00fcnasib\u0259ti il\u0259 t\u0259brik ed\u0259r\u0259k, bildirib ki, \u00dcmummilli Lider Heyd\u0259r \u018fliyevin 2001-ci il iyunun 4-d\u0259 imzalad\u0131\u011f\u0131 S\u0259r\u0259ncama \u0259sas\u0259n, h\u0259r il iyunun 17-si \u00f6lk\u0259mizd\u0259 Tibb \u0130\u015f\u00e7il\u0259rinin Pe\u015f\u0259 Bayram\u0131 G\u00fcn\u00fc kimi qeyd olunur.<br \/>\nBu m\u00fcnasib\u0259tl\u0259 rayon r\u0259hb\u0259ri b\u00fct\u00fcn tibb i\u015f\u00e7il\u0259rin\u0259 uzun \u00f6m\u00fcr, cansa\u011fl\u0131\u011f\u0131 v\u0259 \u015f\u0259r\u0259fli pe\u015f\u0259l\u0259rind\u0259 m\u00fcv\u0259ff\u0259qiyy\u0259tl\u0259r arzu edib.<br \/>\nSonra YAP rayon T\u0259\u015fkilat\u0131n\u0131n s\u0259dri Eldar \u018fs\u0259dov, rayon M\u0259rk\u0259zi X\u0259st\u0259xanas\u0131 Publik H\u00fcquqi \u015f\u0259xsinin direktoru S\u0259rxan C\u0259lahani, x\u0259st\u0259xanan\u0131n ba\u015f h\u0259kimi B\u0259kir Na\u011f\u0131yev v\u0259 Fizioterapiya kabinetind\u0259 kabinet m\u00fcdiri Z\u0259hra H\u00fcseynova \u00e7\u0131x\u0131\u015f edibl\u0259r.<br \/>\nT\u0259dbird\u0259 bir qrup tibb i\u015f\u00e7isi rayon icra hakimiyy\u0259ti t\u0259r\u0259find\u0259n f\u0259xri f\u0259rmanla t\u0259ltif edilib.<\/p>\n<p>&nbsp;<\/p>\n","protected":false},"excerpt":{"rendered":"<p>T\u0259rt\u0259r Rayon \u0130cra Hakimiyy\u0259ti v\u0259 YAP rayon t\u0259\u015fkilat\u0131n\u0131n t\u0259\u015fkilat\u00e7\u0131l\u0131\u011f\u0131 il\u0259 17 iyun\u2013Tibb i\u015f\u00e7il\u0259rinin pe\u015f\u0259 bayram\u0131 g\u00fcn\u00fc m\u00fcnasib\u0259ti il\u0259 rayonun tibb i\u015f\u00e7il\u0259rinin i\u015ftirak\u0131 il\u0259 t\u0259dbir ke\u00e7irilib. \u018fvv\u0259lc\u0259 t\u0259dbir i\u015ftirak\u00e7\u0131lar\u0131 \u00dcmummili lider Heyd\u0259r \u018fliyevin abid\u0259sini ziyar\u0259t ed\u0259r\u0259k, \u00f6n\u00fcn\u0259 g\u00fcl-\u00e7i\u00e7\u0259k d\u0259st\u0259l\u0259ri d\u00fcz\u00fcbl\u0259r. Sonra t\u0259dbir YAP rayon t\u0259\u015fkilat\u0131n\u0131n inzibati binas\u0131nda davam etdirilib. Ulu \u00d6nd\u0259rin v\u0259 torpaqlar\u0131m\u0131z\u0131n suverenliyi u\u011frunda canlar\u0131n\u0131 [&hellip;]<\/p>\n","protected":false},"author":2,"featured_media":0,"comment_status":"closed","ping_status":"closed","sticky":false,"template":"","format":"standard","meta":[],"categories":[6],"tags":[],"_links":{"self":[{"href":"https:\/\/yeniterter.az\/index.php?rest_route=\/wp\/v2\/posts\/27626"}],"collection":[{"href":"https:\/\/yeniterter.az\/index.php?rest_route=\/wp\/v2\/posts"}],"about":[{"href":"https:\/\/yeniterter.az\/index.php?rest_route=\/wp\/v2\/types\/post"}],"author":[{"embeddable":true,"href":"https:\/\/yeniterter.az\/index.php?rest_route=\/wp\/v2\/users\/2"}],"replies":[{"embeddable":true,"href":"https:\/\/yeniterter.az\/index.php?rest_route=%2Fwp%2Fv2%2Fcomments&post=27626"}],"version-history":[{"count":1,"href":"https:\/\/yeniterter.az\/index.php?rest_route=\/wp\/v2\/posts\/27626\/revisions"}],"predecessor-version":[{"id":27628,"href":"https:\/\/yeniterter.az\/index.php?rest_route=\/wp\/v2\/posts\/27626\/revisions\/27628"}],"wp:attachment":[{"href":"https:\/\/yeniterter.az\/index.php?rest_route=%2Fwp%2Fv2%2Fmedia&parent=27626"}],"wp:term":[{"taxonomy":"category","embeddable":true,"href":"https:\/\/yeniterter.az\/index.php?rest_route=%2Fwp%2Fv2%2Fcategories&post=27626"},{"taxonomy":"post_tag","embeddable":true,"href":"https:\/\/yeniterter.az\/index.php?rest_route=%2Fwp%2Fv2%2Ftags&post=27626"}],"curies":[{"name":"wp","href":"https:\/\/api.w.org\/{rel}","templated":true}]}}