{"id":27590,"date":"2024-06-20T09:13:24","date_gmt":"2024-06-20T06:13:24","guid":{"rendered":"https:\/\/yeniterter.az\/?p=27590"},"modified":"2024-06-20T09:13:24","modified_gmt":"2024-06-20T06:13:24","slug":"az%c9%99rbaycan-xalqinin-taleyind%c9%99-boyuk-%c9%99h%c9%99miyy%c9%99ti-olan-gunl%c9%99rd%c9%99n-biri-v%c9%99-tariximiz%c9%99-qizil-h%c9%99rfl%c9%99rl%c9%99-yazilmis-15-iyun-milli-qurtulus-g","status":"publish","type":"post","link":"https:\/\/yeniterter.az\/?p=27590","title":{"rendered":"Az\u0259rbaycan xalq\u0131n\u0131n taleyind\u0259 b\u00f6y\u00fck \u0259h\u0259miyy\u0259ti olan g\u00fcnl\u0259rd\u0259n biri v\u0259 tariximiz\u0259 q\u0131z\u0131l h\u0259rfl\u0259rl\u0259 yaz\u0131lm\u0131\u015f 15 \u0130yun \u2013 Milli Qurtulu\u015f G\u00fcn\u00fcd\u00fcr"},"content":{"rendered":"<p><img decoding=\"async\" loading=\"lazy\" class=\"wp-image-27591 alignright\" src=\"https:\/\/yeniterter.az\/wp-content\/uploads\/448698841_318294324668368_1817364734521439076_n-1-300x155.jpg\" alt=\"\" width=\"296\" height=\"153\" srcset=\"https:\/\/yeniterter.az\/wp-content\/uploads\/448698841_318294324668368_1817364734521439076_n-1-300x155.jpg 300w, https:\/\/yeniterter.az\/wp-content\/uploads\/448698841_318294324668368_1817364734521439076_n-1-768x396.jpg 768w, https:\/\/yeniterter.az\/wp-content\/uploads\/448698841_318294324668368_1817364734521439076_n-1.jpg 1025w\" sizes=\"(max-width: 296px) 100vw, 296px\" \/>1993-c\u00fc il iyunun 9-da Heyd\u0259r \u018fliyev xalq\u0131n v\u0259 respublikan\u0131n hakim dair\u0259l\u0259rinin t\u0259kidli d\u0259v\u0259tini q\u0259bul edib Bak\u0131ya g\u0259ldi. Taleyimizin h\u0259ll olundu\u011fu a\u011f\u0131r bir zamanda xalq\u0131n t\u0259kidli t\u0259l\u0259bin\u0259 s\u0259s ver\u0259r\u0259k yenid\u0259n hakimiyy\u0259t\u0259 qay\u0131dan Heyd\u0259r \u018fliyev do\u011fma V\u0259t\u0259nin xilas\u0131 namin\u0259 misilsiz f\u0259dakarl\u0131q n\u00fcmayi\u015f etdirdi, \u00f6lk\u0259mizi ictimai-siyasi p\u0259rak\u0259nd\u0259liyin v\u0259 anarxiyan\u0131n m\u0259ng\u0259n\u0259sind\u0259n qurtard\u0131, b\u00fct\u00fcn sah\u0259l\u0259rd\u0259 m\u00fc\u015fahid\u0259 olunan d\u0259rin t\u0259n\u0259zz\u00fcl\u00fcn qar\u015f\u0131s\u0131n\u0131 al\u0131nd\u0131. 1993-c\u00fc il iyunun 15-d\u0259 Az\u0259rbaycan xalq\u0131n\u0131n ist\u0259yi Heyd\u0259r \u018fliyevin Az\u0259rbaycan Ali Sovetinin s\u0259dri se\u00e7ilm\u0259si \u00f6lk\u0259 tarixin\u0259 Milli Qurtulu\u015f G\u00fcn\u00fc kimi q\u0131z\u0131l h\u0259rfl\u0259rl\u0259 yaz\u0131ld\u0131. Bel\u0259likl\u0259, Az\u0259rbaycan a\u011f\u0131r f\u0259lak\u0259tl\u0259rd\u0259n, t\u0259hl\u00fck\u0259l\u0259rd\u0259n qurtuldu. \u00dcmummilli lider Heyd\u0259r \u018fliyev hakimiyy\u0259t\u0259 qay\u0131td\u0131qdan sonra \u00f6lk\u0259mizd\u0259 siyasi sabitlik b\u0259rq\u0259rar oldu, c\u0259bh\u0259d\u0259 at\u0259\u015fk\u0259s \u0259ld\u0259 edildi, iqtisadi inki\u015faf istiqam\u0259tind\u0259 islahatlara ba\u015flan\u0131ld\u0131. \u018fn vacib hadis\u0259l\u0259rd\u0259n biri 1994-c\u00fc ild\u0259 Az\u0259rbaycan\u0131n d\u00fcnyan\u0131n apar\u0131c\u0131 neft \u015firk\u0259tl\u0259ri il\u0259 \u201c\u018fsrin m\u00fcqavil\u0259si\u201dni imzalamas\u0131 oldu. Bununla, \u00f6lk\u0259mizd\u0259 enerji t\u0259hl\u00fck\u0259sizliyinin m\u00f6hk\u0259m t\u0259m\u0259li qoyuldu. Eyni zamanda, Heyd\u0259r \u018fliyev 1994-c\u00fc ild\u0259 bazar iqtisadiyyat\u0131na ke\u00e7idi t\u0259min ed\u0259n m\u00fck\u0259mm\u0259l qanunvericilik yaratd\u0131. \u00d6lk\u0259d\u0259 azad biznes m\u00fchitinin t\u0259min edilm\u0259si, yerli v\u0259 xarici s\u0259rmay\u0259\u00e7il\u0259rin h\u00fcquqlar\u0131n\u0131n etibarl\u0131 \u015f\u0259kild\u0259 qorunmas\u0131, onlar\u0131n f\u0259aliyy\u0259tini t\u0259nziml\u0259y\u0259n h\u00fcquqi normativ s\u0259n\u0259dl\u0259rin q\u0259bul olunmas\u0131 islahatlar\u0131n \u0259sas m\u0259qamlar\u0131ndan biri say\u0131l\u0131r. Ulu \u00f6nd\u0259r Heyd\u0259r \u04d8liyevin layiqli davam\u00e7\u0131s\u0131 olan c\u0259nab Prezident \u0130lham \u018fliyevin uzaqg\u00f6r\u0259n siyas\u0259ti, d\u00fc\u015f\u00fcn\u00fclm\u00fc\u015f islahatlar\u0131 v\u0259 m\u00fcdrik q\u0259rarlar\u0131 il\u0259 2003-c\u00fc ild\u0259n etibar\u0259n Az\u0259rbaycan\u0131n inki\u015faf\u0131nda yeni m\u0259rh\u0259l\u0259nin b\u00fcn\u00f6vr\u0259si qoyuldu. \u00d6lk\u0259miz \u00f6t\u0259n d\u00f6v\u00fcrd\u0259 u\u011furlu inki\u015faf yolu ke\u00e7ib, beyn\u0259lxalq miqyasda m\u00f6vqel\u0259rimiz daha da m\u00f6hk\u0259ml\u0259nib.<!--more--><\/p>\n<p>\u201c\u00dcmummilli liderimiz Heyd\u0259r \u018fliyevin xalq\u0131m\u0131z v\u0259 d\u00f6vl\u0259t\u00e7iliyimiz qar\u015f\u0131s\u0131nda \u0259n m\u00fch\u00fcm xidm\u0259tl\u0259rind\u0259n biri Az\u0259rbaycan\u0131n t\u0259r\u0259qqi yolunda \u0259min add\u0131mlarla ir\u0259lil\u0259m\u0259sini t\u0259min ed\u0259c\u0259k layiqli varis, q\u0259tiyy\u0259tli lider yeti\u015fdirm\u0259sidir. Heyd\u0259r \u018fliyev siyas\u0259tinin layiqli davam\u00e7\u0131s\u0131 Prezident \u0130lham \u018fliyevin r\u0259hb\u0259rliyi il\u0259 h\u0259yata ke\u00e7iril\u0259n u\u011furlu, s\u0259m\u0259r\u0259li daxili v\u0259 xarici siyas\u0259t h\u0259m Az\u0259rbaycan\u0131n y\u00fcks\u0259li\u015fi v\u0259 inki\u015faf\u0131nda, milli maraqlar\u0131n qorunmas\u0131nda, h\u0259m d\u0259 \u00f6lk\u0259mizin d\u00fcnya siyasi arenas\u0131nda layiqli yer tutmas\u0131nda \u00f6z ifad\u0259sini tap\u0131r. Prezident \u0130lham \u018fliyevin h\u0259yata ke\u00e7irdiyi siyas\u0259t Az\u0259rbaycan\u0131n g\u00fccl\u00fc, b\u00fct\u00fcn m\u0259s\u0259l\u0259l\u0259rl\u0259 ba\u011fl\u0131 \u00f6z prinsipial m\u00f6vqeyi olan, m\u00fcst\u0259qil siyasi irad\u0259 n\u00fcmayi\u015f etdir\u0259n \u00f6lk\u0259 kimi tan\u0131nmas\u0131n\u0131 \u015f\u0259rtl\u0259ndirib. Prezident \u0130lham \u018fliyevin Ulu \u00d6nd\u0259rin siyasi kursunu u\u011furla davam etdirm\u0259si v\u0259 z\u0259nginl\u0259\u015fdirm\u0259si say\u0259sind\u0259 Az\u0259rbaycan d\u00fcnyan\u0131n dinamik inki\u015faf ed\u0259n, modernl\u0259\u015f\u0259n, beyn\u0259lxalq miqyasda n\u00fcfuzu g\u00fcnd\u0259n-g\u00fcn\u0259 artan d\u00f6vl\u0259tin\u0259 \u00e7evrilib. V\u0259t\u0259n m\u00fcharib\u0259sind\u0259 qazan\u0131lan m\u00f6ht\u0259\u015f\u0259m Z\u0259f\u0259r d\u0259 bu u\u011furlar\u0131n m\u0259ntiqi n\u0259tic\u0259sidir. Prezident, M\u00fcz\u0259ff\u0259r Ali Ba\u015f Komandan azad edilmi\u015f torpaqlarda t\u0259m\u0259lll\u0259r at\u0131r, bayram tonqal\u0131 alovland\u0131r\u0131r, B\u00f6y\u00fck Qay\u0131d\u0131\u015f\u0131n realla\u015fd\u0131r\u0131lmas\u0131 istiqam\u0259tind\u0259 t\u0259xir\u0259sal\u0131nmaz t\u0259dbirl\u0259r h\u0259yata ke\u00e7irir. Xalq\u0131m\u0131z \u0259mindir ki, Prezident \u0130lham \u018fliyevin r\u0259hb\u0259rliyi il\u0259 daha uca zirv\u0259l\u0259r f\u0259th edil\u0259c\u0259k, d\u00fc\u015fm\u0259nin yerl\u0259-yeksan etdiyi Qaraba\u011f d\u00fcnyan\u0131n \u0259n g\u00f6z\u0259l gu\u015f\u0259l\u0259rind\u0259n birin\u0259 \u00e7evril\u0259c\u0259k. B\u00fct\u00fcn bu nailiyy\u0259tl\u0259rin \u0259sas\u0131nda is\u0259 qurtulu\u015f m\u0259fkur\u0259si dayan\u0131r.<\/p>\n<p>&nbsp;<\/p>\n","protected":false},"excerpt":{"rendered":"<p>1993-c\u00fc il iyunun 9-da Heyd\u0259r \u018fliyev xalq\u0131n v\u0259 respublikan\u0131n hakim dair\u0259l\u0259rinin t\u0259kidli d\u0259v\u0259tini q\u0259bul edib Bak\u0131ya g\u0259ldi. Taleyimizin h\u0259ll olundu\u011fu a\u011f\u0131r bir zamanda xalq\u0131n t\u0259kidli t\u0259l\u0259bin\u0259 s\u0259s ver\u0259r\u0259k yenid\u0259n hakimiyy\u0259t\u0259 qay\u0131dan Heyd\u0259r \u018fliyev do\u011fma V\u0259t\u0259nin xilas\u0131 namin\u0259 misilsiz f\u0259dakarl\u0131q n\u00fcmayi\u015f etdirdi, \u00f6lk\u0259mizi ictimai-siyasi p\u0259rak\u0259nd\u0259liyin v\u0259 anarxiyan\u0131n m\u0259ng\u0259n\u0259sind\u0259n qurtard\u0131, b\u00fct\u00fcn sah\u0259l\u0259rd\u0259 m\u00fc\u015fahid\u0259 olunan d\u0259rin t\u0259n\u0259zz\u00fcl\u00fcn qar\u015f\u0131s\u0131n\u0131 [&hellip;]<\/p>\n","protected":false},"author":2,"featured_media":0,"comment_status":"closed","ping_status":"closed","sticky":false,"template":"","format":"standard","meta":[],"categories":[10],"tags":[],"_links":{"self":[{"href":"https:\/\/yeniterter.az\/index.php?rest_route=\/wp\/v2\/posts\/27590"}],"collection":[{"href":"https:\/\/yeniterter.az\/index.php?rest_route=\/wp\/v2\/posts"}],"about":[{"href":"https:\/\/yeniterter.az\/index.php?rest_route=\/wp\/v2\/types\/post"}],"author":[{"embeddable":true,"href":"https:\/\/yeniterter.az\/index.php?rest_route=\/wp\/v2\/users\/2"}],"replies":[{"embeddable":true,"href":"https:\/\/yeniterter.az\/index.php?rest_route=%2Fwp%2Fv2%2Fcomments&post=27590"}],"version-history":[{"count":1,"href":"https:\/\/yeniterter.az\/index.php?rest_route=\/wp\/v2\/posts\/27590\/revisions"}],"predecessor-version":[{"id":27592,"href":"https:\/\/yeniterter.az\/index.php?rest_route=\/wp\/v2\/posts\/27590\/revisions\/27592"}],"wp:attachment":[{"href":"https:\/\/yeniterter.az\/index.php?rest_route=%2Fwp%2Fv2%2Fmedia&parent=27590"}],"wp:term":[{"taxonomy":"category","embeddable":true,"href":"https:\/\/yeniterter.az\/index.php?rest_route=%2Fwp%2Fv2%2Fcategories&post=27590"},{"taxonomy":"post_tag","embeddable":true,"href":"https:\/\/yeniterter.az\/index.php?rest_route=%2Fwp%2Fv2%2Ftags&post=27590"}],"curies":[{"name":"wp","href":"https:\/\/api.w.org\/{rel}","templated":true}]}}