{"id":27585,"date":"2024-06-20T09:07:07","date_gmt":"2024-06-20T06:07:07","guid":{"rendered":"https:\/\/yeniterter.az\/?p=27585"},"modified":"2024-06-20T09:07:07","modified_gmt":"2024-06-20T06:07:07","slug":"susa-b%c9%99yannam%c9%99si-az%c9%99rbaycan-il%c9%99-turkiy%c9%99nin-qardasligini-butun-dunyaya-bildir%c9%99n-bir-mesajdir","status":"publish","type":"post","link":"https:\/\/yeniterter.az\/?p=27585","title":{"rendered":"\u015eu\u015fa B\u0259yannam\u0259si Az\u0259rbaycan il\u0259 T\u00fcrkiy\u0259nin qarda\u015fl\u0131\u011f\u0131n\u0131 b\u00fct\u00fcn d\u00fcnyaya bildir\u0259n bir mesajd\u0131r"},"content":{"rendered":"<p><img decoding=\"async\" loading=\"lazy\" class=\" wp-image-27586 alignleft\" src=\"https:\/\/yeniterter.az\/wp-content\/uploads\/448585862_318297841334683_1929667563524355791_n-300x188.jpg\" alt=\"\" width=\"348\" height=\"218\" srcset=\"https:\/\/yeniterter.az\/wp-content\/uploads\/448585862_318297841334683_1929667563524355791_n-300x188.jpg 300w, https:\/\/yeniterter.az\/wp-content\/uploads\/448585862_318297841334683_1929667563524355791_n.jpg 637w\" sizes=\"(max-width: 348px) 100vw, 348px\" \/>2021-ci il iyunun 15-d\u0259 \u201cAz\u0259rbaycan Respublikas\u0131 il\u0259 T\u00fcrkiy\u0259 Respublikas\u0131 aras\u0131nda m\u00fctt\u0259fiqlik m\u00fcnasib\u0259tl\u0259ri haqq\u0131nda \u015eu\u015fa B\u0259yannam\u0259si\u201dnin imzalanmas\u0131 il\u0259 dost, qarda\u015f v\u0259 strateji t\u0259r\u0259fda\u015f olan \u00f6lk\u0259l\u0259rimiz aras\u0131nda \u0259laq\u0259l\u0259r keyfiyy\u0259tc\u0259 yeni m\u0259rh\u0259l\u0259y\u0259 y\u00fcks\u0259lib. 15 iyun 2022-ci il tarixind\u0259 \u015eu\u015fa B\u0259yannam\u0259sinin birinci ild\u00f6n\u00fcm\u00fc m\u00fcnasib\u0259til\u0259 \u015eu\u015fa \u015f\u0259h\u0259rind\u0259 \u201cAz\u0259rbaycan- T\u00fcrkiy\u0259 strateji m\u00fctt\u0259fiqlik m\u00fcnasib\u0259tl\u0259ri Qafqaz v\u0259 region \u00fc\u00e7\u00fcn s\u00fclh v\u0259 sabitlik m\u0259nb\u0259yidir\u201d m\u00f6vzusunda beyn\u0259lxalq konfrans ke\u00e7irilib.<\/p>\n<p>M\u00f6ht\u0259r\u0259m Prezidentimiz c\u0259nab \u0130lham \u018fliyev beyn\u0259lxalq konfrans i\u015ftirak\u015f\u0131lar\u0131na m\u0259ktubla m\u00fcraci\u0259t edib. D\u00f6vl\u0259t ba\u015f\u00e7\u0131s\u0131 qeyd edib ki, \u015eu\u015fa B\u0259yannam\u0259sinin Az\u0259rbaycan xalq\u0131 v\u0259 d\u00f6vl\u0259ti \u00fc\u00e7\u00fcn \u0259lam\u0259tdar bir tarix olan 15 \u0130yun- Milli Qurtulu\u015f G\u00fcn\u00fcnd\u0259 imzalanmas\u0131n\u0131n v\u0259 bir il sonra bununla ba\u011fl\u0131 beyn\u0259lxalq konfrans\u0131n t\u0259\u015fkil olunmas\u0131n\u0131n r\u0259mzi xarakteri, m\u0259n\u0259vi \u00f6n\u0259mi var.<\/p>\n<p>2021-ci il 15 iyun tarixind\u0259 \u015eu\u015fa \u015f\u0259h\u0259rind\u0259 Az\u0259rbaycan Respublikas\u0131n\u0131n Ptezidenti c\u0259nab \u0130lham \u018fliyev v\u0259 T\u00fcrkiy\u0259 Respublikas\u0131n\u0131n Prezidenti c\u0259nab R\u0259c\u0259b Tayyib \u018frdo\u011fan\u0131n imzalad\u0131qlar\u0131 \u201cAz\u0259rbaycan Respublikas\u0131 il\u0259 T\u00fcrkiy\u0259 Respublikas\u0131 aras\u0131nda m\u00fctt\u0259fiqlik m\u00fcnasib\u0259tl\u0259ri haqq\u0131nda \u015eu\u015fa B\u0259yannam\u0259si\u201d Qarda\u015fl\u0131\u011f\u0131n yeni tarixi m\u0259rh\u0259l\u0259si olan bir B\u0259yannam\u0259dir. M\u00fctt\u0259fiqlik haqq\u0131nda imzalanm\u0131\u015f bu B\u0259yannam\u0259 iki qarda\u015f \u00f6lk\u0259 aras\u0131ndak\u0131 \u0259laq\u0259l\u0259ri \u0259n y\u00fcks\u0259k s\u0259viyy\u0259y\u0259 qald\u0131r\u0131r v\u0259 B\u0259yannam\u0259d\u0259 g\u00f6st\u0259ril\u0259n b\u00fct\u00fcn m\u00fcdd\u0259alar keyfuyy\u0259tc\u0259 daha y\u00fcks\u0259k s\u0259viyy\u0259li \u0259m\u0259kda\u015fl\u0131\u011f\u0131n t\u0259minat\u0131d\u0131r. Imzalanm\u0131\u015f B\u0259yannam\u0259 tarix\u0259 \u0259saslan\u0131r v\u0259 m\u00f6hk\u0259m t\u0259m\u0259ll\u0259r\u0259 malikdir. B\u0259yannam\u0259d\u0259 xalqlar\u0131m\u0131z\u0131n b\u00f6y\u00fck Liderl\u0259ri, \u00d6nd\u0259rl\u0259ri Mustafa Kamal Atat\u00fcrk\u00fcn v\u0259 Heyd\u0259r \u018fliyevin k\u0259lamlar\u0131 \u00f6z \u0259ksini tap\u0131b.<!--more--><\/p>\n<p>\u015eu\u015fa B\u0259yannam\u0259si m\u00fcst\u0259qillik, suverenlik, \u0259razi b\u00fct\u00f6vl\u00fcy\u00fc, beyn\u0259lxalq s\u0259viyy\u0259d\u0259 tan\u0131nm\u0131\u015f s\u0259rh\u0259dl\u0259rin toxunulmazl\u0131\u011f\u0131, d\u00f6vl\u0259tl\u0259rin daxili i\u015fl\u0259rin\u0259 qar\u0131\u015fmamaq prinsipl\u0259rini r\u0259hb\u0259r tutan, milli maraq v\u0259 m\u0259nafel\u0259rini m\u00fcdafi\u0259 v\u0259 t\u0259min etm\u0259y\u0259 y\u00f6n\u0259lmi\u015f m\u00fcst\u0259qil xarici siyas\u0259t h\u0259yata ke\u00e7ir\u0259n h\u0259r iki \u00f6lk\u0259 t\u0259r\u0259find\u0259n m\u00fctt\u0259fiqlik m\u00fcnasib\u0259tl\u0259rinin qurulmas\u0131n\u0131n siyasi v\u0259 h\u00fcquqi mexanizml\u0259rini m\u00fc\u0259yy\u0259nl\u0259\u015fdirm\u0259k bax\u0131m\u0131ndan m\u00fch\u00fcm \u0259h\u0259miyy\u0259t k\u0259sb edir. B\u00fct\u00fcn \u0259m\u0259kda\u015fl\u0131q istiqam\u0259tl\u0259rini \u0259hat\u0259 ed\u0259n B\u0259yannam\u0259d\u0259 bir \u00e7ox \u00f6n\u0259mli m\u0259s\u0259l\u0259l\u0259r \u00f6z \u0259ksini tapm\u0131\u015fd\u0131r. Bel\u0259 ki, B\u0259yannam\u0259d\u0259 siyasi m\u00fcnasib\u0259tl\u0259r, iqtisadi-ticar\u0259t \u0259laq\u0259l\u0259ri, m\u0259d\u0259niyy\u0259t, t\u0259hsil, idman, g\u0259ncl\u0259r siyas\u0259ti, enerji t\u0259hl\u00fck\u0259sizliyi, C\u0259nub Qaz D\u0259hlizinin T\u00fcrkiy\u0259, Az\u0259rbaycan v\u0259 Avropa \u00fc\u00e7\u00fcn \u00f6n\u0259mi g\u00f6st\u0259rilir. B\u0259yannam\u0259d\u0259 m\u00fcdafi\u0259 sah\u0259sind\u0259 \u0259m\u0259kda\u015fl\u0131q v\u0259 qar\u015f\u0131l\u0131ql\u0131 h\u0259rbi yard\u0131m m\u0259s\u0259l\u0259l\u0259rinin \u00f6z \u0259ksini tapmas\u0131 \u00e7ox m\u00fch\u00fcm tarixi nailiyy\u0259tdir.<\/p>\n<p>T\u00fcrkiy\u0259 m\u00fcdafi\u0259 s\u0259nayesi \u00f6z keyfiyy\u0259tini bir daha ortaya qoyaraq m\u00fcharib\u0259 d\u00f6vr\u00fcnd\u0259 qarda\u015f Az\u0259rbaycandan \u00f6z d\u0259st\u0259yini \u0259sirg\u0259m\u0259mi\u015fdir. Bu, bir daha g\u00f6st\u0259rir ki, Az\u0259rbaycan v\u0259 T\u00fcrkiy\u0259 indiy\u0259 kimi bir yerd\u0259 olmu\u015f v\u0259 bundan sonra da h\u0259r zaman bir yerd\u0259 olacaqd\u0131r. Bundan sonra da bir-birimizin t\u0259hl\u00fck\u0259sizliyini t\u0259min ed\u0259c\u0259yik.<\/p>\n<p>\u015eu\u015fa B\u0259yannam\u0259si Az\u0259rbaycan v\u0259 T\u00fcrkiy\u0259 d\u00f6vl\u0259tl\u0259ri aras\u0131nda maddi-texniki, el\u0259c\u0259 d\u0259 m\u00fcdafi\u0259 s\u0259nayesi sah\u0259sind\u0259 \u0259m\u0259kda\u015fl\u0131\u011f\u0131n g\u00fcnd\u0259n-g\u00fcn\u0259 geni\u015fl\u0259nm\u0259sinin \u0259sas g\u00f6st\u0259ricisidir. Az\u0259rbaycan v\u0259 T\u00fcrkiy\u0259 d\u00f6vl\u0259tl\u0259ri aras\u0131nda \u0259m\u0259kda\u015fl\u0131q b\u00f6y\u00fck bir tarix\u0259 malikdir. Qaraba\u011fda b\u00f6y\u00fck iqtisadi layih\u0259l\u0259rin h\u0259yata ke\u00e7irilm\u0259si n\u0259z\u0259rd\u0259 tutulmu\u015fdur. \u015eu\u015fa B\u0259yannam\u0259si g\u00f6st\u0259ril\u0259n i\u015fl\u0259rin g\u00f6r\u00fclm\u0259sind\u0259 ilkin h\u00fcquqi s\u0259n\u0259dl\u0259rd\u0259n biri oldu.<\/p>\n<p>Qurtulu\u015fun v\u0259 b\u00f6y\u00fck Z\u0259f\u0259rin t\u0259nt\u0259n\u0259si olan, Az\u0259rbaycan\u0131n v\u0259 b\u00fct\u00f6vl\u00fckd\u0259 T\u00fcrk d\u00fcnyas\u0131n\u0131n q\u0259dim m\u0259d\u0259niyy\u0259t m\u0259rk\u0259zi olan \u015eu\u015fa \u015f\u0259h\u0259rind\u0259 imzalanan tarixi \u015eu\u015fa B\u0259yannam\u0259si Qafqaz regionunda sabitliyin v\u0259 t\u0259hl\u00fck\u0259sizliyin m\u00f6hk\u0259ml\u0259ndirilm\u0259si, b\u00fct\u00fcn iqtisadi v\u0259 n\u0259qliyyat \u0259laq\u0259l\u0259rinin b\u0259rpas\u0131, el\u0259c\u0259 d\u0259 region d\u00f6vl\u0259tl\u0259ri aras\u0131nda m\u00fcnasib\u0259tl\u0259rin normalla\u015fd\u0131r\u0131lmas\u0131 v\u0259 uzunm\u00fcdd\u0259tli s\u00fclh\u00fcn t\u0259min edilm\u0259si i\u015fin\u0259, el\u0259c\u0259 d\u0259 d\u00f6vl\u0259timizin ba\u015f\u00e7\u0131s\u0131n\u0131n vur\u011fulad\u0131\u011f\u0131 kimi, yeni d\u00fcnya d\u00fcz\u0259nin\u0259 m\u00fch\u00fcm t\u00f6hf\u0259dir. Xalq\u0131m\u0131z zaman\u0131 \u00e7atanda bu t\u00f6hf\u0259l\u0259rin d\u0259 sahibi olacaq.<\/p>\n<p>&nbsp;<\/p>\n","protected":false},"excerpt":{"rendered":"<p>2021-ci il iyunun 15-d\u0259 \u201cAz\u0259rbaycan Respublikas\u0131 il\u0259 T\u00fcrkiy\u0259 Respublikas\u0131 aras\u0131nda m\u00fctt\u0259fiqlik m\u00fcnasib\u0259tl\u0259ri haqq\u0131nda \u015eu\u015fa B\u0259yannam\u0259si\u201dnin imzalanmas\u0131 il\u0259 dost, qarda\u015f v\u0259 strateji t\u0259r\u0259fda\u015f olan \u00f6lk\u0259l\u0259rimiz aras\u0131nda \u0259laq\u0259l\u0259r keyfiyy\u0259tc\u0259 yeni m\u0259rh\u0259l\u0259y\u0259 y\u00fcks\u0259lib. 15 iyun 2022-ci il tarixind\u0259 \u015eu\u015fa B\u0259yannam\u0259sinin birinci ild\u00f6n\u00fcm\u00fc m\u00fcnasib\u0259til\u0259 \u015eu\u015fa \u015f\u0259h\u0259rind\u0259 \u201cAz\u0259rbaycan- T\u00fcrkiy\u0259 strateji m\u00fctt\u0259fiqlik m\u00fcnasib\u0259tl\u0259ri Qafqaz v\u0259 region \u00fc\u00e7\u00fcn s\u00fclh v\u0259 sabitlik m\u0259nb\u0259yidir\u201d [&hellip;]<\/p>\n","protected":false},"author":2,"featured_media":0,"comment_status":"closed","ping_status":"closed","sticky":false,"template":"","format":"standard","meta":[],"categories":[10],"tags":[],"_links":{"self":[{"href":"https:\/\/yeniterter.az\/index.php?rest_route=\/wp\/v2\/posts\/27585"}],"collection":[{"href":"https:\/\/yeniterter.az\/index.php?rest_route=\/wp\/v2\/posts"}],"about":[{"href":"https:\/\/yeniterter.az\/index.php?rest_route=\/wp\/v2\/types\/post"}],"author":[{"embeddable":true,"href":"https:\/\/yeniterter.az\/index.php?rest_route=\/wp\/v2\/users\/2"}],"replies":[{"embeddable":true,"href":"https:\/\/yeniterter.az\/index.php?rest_route=%2Fwp%2Fv2%2Fcomments&post=27585"}],"version-history":[{"count":1,"href":"https:\/\/yeniterter.az\/index.php?rest_route=\/wp\/v2\/posts\/27585\/revisions"}],"predecessor-version":[{"id":27587,"href":"https:\/\/yeniterter.az\/index.php?rest_route=\/wp\/v2\/posts\/27585\/revisions\/27587"}],"wp:attachment":[{"href":"https:\/\/yeniterter.az\/index.php?rest_route=%2Fwp%2Fv2%2Fmedia&parent=27585"}],"wp:term":[{"taxonomy":"category","embeddable":true,"href":"https:\/\/yeniterter.az\/index.php?rest_route=%2Fwp%2Fv2%2Fcategories&post=27585"},{"taxonomy":"post_tag","embeddable":true,"href":"https:\/\/yeniterter.az\/index.php?rest_route=%2Fwp%2Fv2%2Ftags&post=27585"}],"curies":[{"name":"wp","href":"https:\/\/api.w.org\/{rel}","templated":true}]}}