{"id":27570,"date":"2024-06-11T08:20:11","date_gmt":"2024-06-11T05:20:11","guid":{"rendered":"https:\/\/yeniterter.az\/?p=27570"},"modified":"2024-06-11T08:21:29","modified_gmt":"2024-06-11T05:21:29","slug":"butun-beyn%c9%99lxalq-m%c9%99s%c9%99l%c9%99l%c9%99rd%c9%99-bizim-fikrimiz-ust-ust%c9%99-dusur","status":"publish","type":"post","link":"https:\/\/yeniterter.az\/?p=27570","title":{"rendered":"B\u00fct\u00fcn beyn\u0259lxalq m\u0259s\u0259l\u0259l\u0259rd\u0259 bizim fikrimiz \u00fcst-\u00fcst\u0259 d\u00fc\u015f\u00fcr"},"content":{"rendered":"<p><img decoding=\"async\" loading=\"lazy\" class=\" wp-image-27571 alignleft\" src=\"https:\/\/yeniterter.az\/wp-content\/uploads\/448201293_312364851927982_2606056670014342413_n-300x227.jpg\" alt=\"\" width=\"199\" height=\"150\" srcset=\"https:\/\/yeniterter.az\/wp-content\/uploads\/448201293_312364851927982_2606056670014342413_n-300x227.jpg 300w, https:\/\/yeniterter.az\/wp-content\/uploads\/448201293_312364851927982_2606056670014342413_n.jpg 600w\" sizes=\"(max-width: 199px) 100vw, 199px\" \/><img decoding=\"async\" loading=\"lazy\" class=\" wp-image-27572 alignleft\" src=\"https:\/\/yeniterter.az\/wp-content\/uploads\/448144425_312364918594642_6951543098216670064_n-300x219.jpg\" alt=\"\" width=\"208\" height=\"152\" srcset=\"https:\/\/yeniterter.az\/wp-content\/uploads\/448144425_312364918594642_6951543098216670064_n-300x219.jpg 300w, https:\/\/yeniterter.az\/wp-content\/uploads\/448144425_312364918594642_6951543098216670064_n.jpg 600w\" sizes=\"(max-width: 208px) 100vw, 208px\" \/><img decoding=\"async\" loading=\"lazy\" class=\" wp-image-27573 alignleft\" src=\"https:\/\/yeniterter.az\/wp-content\/uploads\/448179307_312364838594650_5125265031807578845_n-300x190.jpg\" alt=\"\" width=\"237\" height=\"150\" srcset=\"https:\/\/yeniterter.az\/wp-content\/uploads\/448179307_312364838594650_5125265031807578845_n-300x190.jpg 300w, https:\/\/yeniterter.az\/wp-content\/uploads\/448179307_312364838594650_5125265031807578845_n.jpg 600w\" sizes=\"(max-width: 237px) 100vw, 237px\" \/><\/p>\n<p>&nbsp;<\/p>\n<p>&nbsp;<\/p>\n<p>&nbsp;<\/p>\n<p>&nbsp;<\/p>\n<p>&nbsp;<\/p>\n<p>&nbsp;<\/p>\n<p>&nbsp;<\/p>\n<p>\u0130yunun 8-d\u0259 Az\u0259rbaycan Respublikas\u0131n\u0131n Prezidenti \u0130lham \u018fliyev Qahir\u0259y\u0259 s\u0259f\u0259r edib. S\u0259f\u0259r \u00e7\u0259r\u00e7iv\u0259sind\u0259 Prezident Misir \u018fr\u0259b Respublikas\u0131n\u0131n Prezidenti \u018fbd\u00fclf\u0259ttah \u0259s-Sisi il\u0259 g\u00f6r\u00fc\u015f\u00fcb.<\/p>\n<p>Bu s\u0259f\u0259r \u00f6lk\u0259l\u0259rimiz aras\u0131nda m\u00fcnasib\u0259tl\u0259rin inki\u015faf\u0131nda yeni s\u0259hif\u0259 a\u00e7acaq. S\u0259f\u0259rin m\u0259qs\u0259di \u00f6lk\u0259l\u0259rimiz aras\u0131nda y\u00fcks\u0259k s\u0259viyy\u0259d\u0259 olan \u0259laq\u0259l\u0259rin daha da inki\u015faf\u0131na v\u0259 qar\u015f\u0131l\u0131ql\u0131 maraq do\u011furan sah\u0259l\u0259rd\u0259 \u0259m\u0259kda\u015fl\u0131\u011f\u0131n g\u00fccl\u0259ndirilm\u0259sin\u0259 t\u00f6hf\u0259 verm\u0259kdir. S\u0259f\u0259r \u00e7\u0259r\u00e7iv\u0259sind\u0259 imzalan s\u0259n\u0259dl\u0259r \u00f6lk\u0259l\u0259rimiz aras\u0131nda \u0259m\u0259kda\u015fl\u0131\u011f\u0131n d\u0259rinl\u0259\u015fdirilm\u0259si \u00fc\u00e7\u00fcn h\u00fcquqi bazan\u0131 daha da m\u00f6hk\u0259ml\u0259ndir\u0259c\u0259k.<\/p>\n<p>Misir \u0130slam co\u011frafiyas\u0131, \u0259r\u0259b v\u0259 b\u00fct\u00f6vl\u00fckd\u0259 \u015e\u0259rq d\u00fcnyas\u0131nda, habel\u0259 Afrika qit\u0259sind\u0259 ciddi n\u00fcfuz sahibi olan beyn\u0259lxalq subyekt kimi qlobal siyas\u0259td\u0259 ciddi \u00e7\u0259kiy\u0259 malikdir: \u201cEyni zamanda yaratd\u0131\u011f\u0131 v\u0259 dikt\u0259 etdiyi geosiyasi reall\u0131qla Az\u0259rbaycan b\u00fct\u00f6vl\u00fckd\u0259 regionda yeni parlayan h\u0259rbi-siyasi kimi g\u00fcc m\u0259rk\u0259zi kimi \u00f6z\u00fcn\u00fc t\u0259sdiq edib. Bu m\u0259nada, Az\u0259rbaycan Respublikas\u0131 v\u0259 Misir \u018fr\u0259b Respublikas\u0131n\u0131n \u0259laq\u0259l\u0259rinin m\u00fcsb\u0259t dinamikas\u0131 qlobal s\u00fclh v\u0259 t\u0259hl\u00fck\u0259sizliy\u0259 m\u00fcsb\u0259t t\u0259sir effekti perspektivin\u0259 malikdir\u201d. Az\u0259rbaycan-Misir \u0259laq\u0259l\u0259ri bu g\u00fcn s\u00fcr\u0259tl\u0259 inki\u015faf edir. Bu \u0259m\u0259kda\u015fl\u0131\u011f\u0131n q\u0259dim tarixi k\u00f6kl\u0259ri var.<\/p>\n<p>H\u0259l\u0259 sovet d\u00f6n\u0259mind\u0259 Az\u0259rbaycanla Misir aras\u0131nda mehriban dostluq \u0259laq\u0259l\u0259ri olub. \u00d6lk\u0259miz m\u00fcst\u0259qilliyini b\u0259rpa etdikd\u0259n sonra bu \u0259laq\u0259l\u0259r keyfiyy\u0259tc\u0259 yeni s\u0259viyy\u0259y\u0259 y\u00fcks\u0259lib. \u00dcmummilli Lider Heyd\u0259r \u018fliyev il\u0259 Misir Prezidenti H\u00fcsn\u00fc M\u00fcbar\u0259k aras\u0131nda dostluq m\u00fcnasib\u0259tl\u0259ri \u0259m\u0259kda\u015fl\u0131\u011f\u0131m\u0131z\u0131n inki\u015faf\u0131 \u00fc\u00e7\u00fcn yax\u015f\u0131 z\u0259min yarad\u0131b. Bu g\u00fcn bu siyas\u0259t Az\u0259rbaycan Prezidenti \u0130lham \u018fliyev t\u0259r\u0259find\u0259n u\u011furla davam etdirilir. Afrika qit\u0259sinin \u015fimal-\u015f\u0259rqind\u0259, Yax\u0131n \u015e\u0259rq b\u00f6lg\u0259sind\u0259 yerl\u0259\u015f\u0259n Misir \u018fr\u0259b Respublikas\u0131 1991-ci il dekabr\u0131n 26-da Az\u0259rbaycan\u0131n m\u00fcst\u0259qilliyini tan\u0131y\u0131b. 1993-c\u00fc ild\u0259 qar\u015f\u0131l\u0131ql\u0131 diplomatik \u0259laq\u0259l\u0259rin yarad\u0131lmas\u0131 haqq\u0131nda protokola \u0259sas\u0259n Misirin Bak\u0131da, 1994-c\u00fc ilin yanvar\u0131nda is\u0259 Az\u0259rbaycan\u0131n Qahir\u0259d\u0259 s\u0259firlikl\u0259ri a\u00e7\u0131l\u0131b. Erm\u0259nistan-Az\u0259rbaycan m\u00fcnaqi\u015f\u0259sinin h\u0259lli m\u0259s\u0259l\u0259sind\u0259 Misir Az\u0259rbaycan\u0131n \u0259razi b\u00fct\u00f6vl\u00fcy\u00fcn\u00fc h\u0259mi\u015f\u0259 d\u0259st\u0259kl\u0259yib v\u0259 \u00fczv oldu\u011fu beyn\u0259lxalq t\u0259\u015fkilatlarda \u0259dal\u0259tli m\u00f6vqeyini daim m\u00fcdafi\u0259 edib.<!--more-->Bu g\u00fcn Misir v\u0259 Az\u0259rbaycan aras\u0131nda iqtisadi-ticar\u0259t \u0259laq\u0259l\u0259rinin inki\u015faf etdirilm\u0259si \u00fc\u00e7\u00fcn b\u00f6y\u00fck potensial var. Prezident \u0130lham \u018fliyevin cari s\u0259f\u0259ri zaman\u0131 iki \u00f6lk\u0259 aras\u0131nda energetika, k\u0259nd t\u0259s\u0259rr\u00fcfat\u0131, \u0259cza\u00e7\u0131l\u0131q, s\u0259nayenin m\u00fcxt\u0259lif sah\u0259l\u0259ri, n\u0259qliyyat v\u0259 s. sah\u0259l\u0259rd\u0259 \u0259laq\u0259l\u0259rin inki\u015faf\u0131 m\u0259s\u0259l\u0259l\u0259ri m\u00fczakir\u0259 olunub.<\/p>\n<p>\u0130yunun 8-d\u0259 D\u00f6vl\u0259tl\u0259r aras\u0131nda Az\u0259rbaycan Respublikas\u0131n\u0131n Energetika Nazirliyi il\u0259 Misir \u018fr\u0259b Respublikas\u0131n\u0131n Elektrik v\u0259 B\u0259rpaolunan Enerji Nazirliyi aras\u0131nda elektrik v\u0259 b\u0259rpaolunan enerji sah\u0259l\u0259rind\u0259 \u0259m\u0259kda\u015fl\u0131q haqq\u0131nda, AZPROMO il\u0259 Misirin S\u0259rmay\u0259 v\u0259 Azad Zonalar \u00fczr\u0259 Ba\u015f Qurumu aras\u0131nda 2024-2025-ci ill\u0259r \u00fczr\u0259 Birg\u0259 F\u0259aliyy\u0259t Plan\u0131, \u0130qtisadiyyat Nazirliyi il\u0259 Misirin Neft v\u0259 Mineral Ehtiyatlar Nazirliyi aras\u0131nda \u0259m\u0259kda\u015fl\u0131q haqq\u0131nda Niyy\u0259t Protokolu, \u0130qtisadiyyat Nazirliyi il\u0259 Misir Beyn\u0259lxalq \u018fm\u0259kda\u015fl\u0131q Nazirliyi aras\u0131nda t\u0259cr\u00fcb\u0259 m\u00fcbadil\u0259si haqq\u0131nda, R\u0259q\u0259msal \u0130nki\u015faf v\u0259 N\u0259qliyyat Nazirliyi il\u0259 Misirin Rabit\u0259 v\u0259 \u0130nformasiya Texnologiyalar\u0131 Nazirliyi aras\u0131nda informasiya v\u0259 kommunikasiya texnologiyalar\u0131 sah\u0259sind\u0259 \u0259m\u0259kda\u015fl\u0131q haqq\u0131nda Anla\u015fma Memorandumlar\u0131 imzalan\u0131b. Prezidentin \u018fl-\u018fzh\u0259ri \u015e\u0259rifin \u015feyxi, b\u00f6y\u00fck imam \u018fhm\u0259d M\u0259h\u0259mm\u0259d \u018fhm\u0259d \u018fl Tayyib il\u0259 g\u00f6r\u00fc\u015f\u00fc \u00f6lk\u0259l\u0259rimizin b\u00fct\u00f6vl\u00fckd\u0259 d\u00fcnyada islam h\u0259mr\u0259yliyinin m\u00f6hk\u0259ml\u0259nm\u0259sin\u0259 v\u0259 m\u00f6t\u0259dil islam\u0131n inki\u015faf\u0131na m\u00fch\u00fcm t\u00f6hf\u0259si say\u0131la bil\u0259r. \u0130st\u0259r Ulu \u00d6nd\u0259r, ist\u0259rs\u0259 d\u0259 m\u00f6ht\u0259r\u0259m Prezident h\u0259mi\u015f\u0259 xarici siyas\u0259t kursunu m\u00fc\u0259yy\u0259n ed\u0259rk\u0259n \u0130slam d\u00fcnyas\u0131n\u0131n diqq\u0259tind\u0259 olan m\u0259s\u0259l\u0259l\u0259r\u0259 b\u00f6y\u00fck \u00f6n\u0259m verib.<\/p>\n<p>&nbsp;<\/p>\n","protected":false},"excerpt":{"rendered":"<p>&nbsp; &nbsp; &nbsp; &nbsp; &nbsp; &nbsp; &nbsp; \u0130yunun 8-d\u0259 Az\u0259rbaycan Respublikas\u0131n\u0131n Prezidenti \u0130lham \u018fliyev Qahir\u0259y\u0259 s\u0259f\u0259r edib. S\u0259f\u0259r \u00e7\u0259r\u00e7iv\u0259sind\u0259 Prezident Misir \u018fr\u0259b Respublikas\u0131n\u0131n Prezidenti \u018fbd\u00fclf\u0259ttah \u0259s-Sisi il\u0259 g\u00f6r\u00fc\u015f\u00fcb. Bu s\u0259f\u0259r \u00f6lk\u0259l\u0259rimiz aras\u0131nda m\u00fcnasib\u0259tl\u0259rin inki\u015faf\u0131nda yeni s\u0259hif\u0259 a\u00e7acaq. S\u0259f\u0259rin m\u0259qs\u0259di \u00f6lk\u0259l\u0259rimiz aras\u0131nda y\u00fcks\u0259k s\u0259viyy\u0259d\u0259 olan \u0259laq\u0259l\u0259rin daha da inki\u015faf\u0131na v\u0259 qar\u015f\u0131l\u0131ql\u0131 maraq do\u011furan sah\u0259l\u0259rd\u0259 \u0259m\u0259kda\u015fl\u0131\u011f\u0131n g\u00fccl\u0259ndirilm\u0259sin\u0259 [&hellip;]<\/p>\n","protected":false},"author":2,"featured_media":0,"comment_status":"closed","ping_status":"closed","sticky":false,"template":"","format":"standard","meta":[],"categories":[10],"tags":[],"_links":{"self":[{"href":"https:\/\/yeniterter.az\/index.php?rest_route=\/wp\/v2\/posts\/27570"}],"collection":[{"href":"https:\/\/yeniterter.az\/index.php?rest_route=\/wp\/v2\/posts"}],"about":[{"href":"https:\/\/yeniterter.az\/index.php?rest_route=\/wp\/v2\/types\/post"}],"author":[{"embeddable":true,"href":"https:\/\/yeniterter.az\/index.php?rest_route=\/wp\/v2\/users\/2"}],"replies":[{"embeddable":true,"href":"https:\/\/yeniterter.az\/index.php?rest_route=%2Fwp%2Fv2%2Fcomments&post=27570"}],"version-history":[{"count":2,"href":"https:\/\/yeniterter.az\/index.php?rest_route=\/wp\/v2\/posts\/27570\/revisions"}],"predecessor-version":[{"id":27575,"href":"https:\/\/yeniterter.az\/index.php?rest_route=\/wp\/v2\/posts\/27570\/revisions\/27575"}],"wp:attachment":[{"href":"https:\/\/yeniterter.az\/index.php?rest_route=%2Fwp%2Fv2%2Fmedia&parent=27570"}],"wp:term":[{"taxonomy":"category","embeddable":true,"href":"https:\/\/yeniterter.az\/index.php?rest_route=%2Fwp%2Fv2%2Fcategories&post=27570"},{"taxonomy":"post_tag","embeddable":true,"href":"https:\/\/yeniterter.az\/index.php?rest_route=%2Fwp%2Fv2%2Ftags&post=27570"}],"curies":[{"name":"wp","href":"https:\/\/api.w.org\/{rel}","templated":true}]}}