{"id":27564,"date":"2024-06-08T09:43:14","date_gmt":"2024-06-08T06:43:14","guid":{"rendered":"https:\/\/yeniterter.az\/?p=27564"},"modified":"2024-06-08T09:43:51","modified_gmt":"2024-06-08T06:43:51","slug":"azad-edilmis-torpaqlarda-turk-dunyasinin-birliyini-%c9%99yani-s%c9%99kild%c9%99-goruruk","status":"publish","type":"post","link":"https:\/\/yeniterter.az\/?p=27564","title":{"rendered":"Azad edilmi\u015f torpaqlarda T\u00fcrk d\u00fcnyas\u0131n\u0131n birliyini \u0259yani \u015f\u0259kild\u0259 g\u00f6r\u00fcr\u00fck"},"content":{"rendered":"<p><img decoding=\"async\" loading=\"lazy\" class=\" wp-image-27565 alignleft\" src=\"https:\/\/yeniterter.az\/wp-content\/uploads\/447757439_310972232067244_9133427422154450511_n-300x190.jpg\" alt=\"\" width=\"235\" height=\"149\" srcset=\"https:\/\/yeniterter.az\/wp-content\/uploads\/447757439_310972232067244_9133427422154450511_n-300x190.jpg 300w, https:\/\/yeniterter.az\/wp-content\/uploads\/447757439_310972232067244_9133427422154450511_n.jpg 600w\" sizes=\"(max-width: 235px) 100vw, 235px\" \/><img decoding=\"async\" loading=\"lazy\" class=\" wp-image-27566 alignleft\" src=\"https:\/\/yeniterter.az\/wp-content\/uploads\/447898245_310972245400576_423630556962735112_n-300x215.jpg\" alt=\"\" width=\"207\" height=\"148\" srcset=\"https:\/\/yeniterter.az\/wp-content\/uploads\/447898245_310972245400576_423630556962735112_n-300x215.jpg 300w, https:\/\/yeniterter.az\/wp-content\/uploads\/447898245_310972245400576_423630556962735112_n.jpg 600w\" sizes=\"(max-width: 207px) 100vw, 207px\" \/><img decoding=\"async\" loading=\"lazy\" class=\" wp-image-27567 alignleft\" src=\"https:\/\/yeniterter.az\/wp-content\/uploads\/447744386_310972238733910_7409164958843848947_n-300x193.jpg\" alt=\"\" width=\"232\" height=\"149\" srcset=\"https:\/\/yeniterter.az\/wp-content\/uploads\/447744386_310972238733910_7409164958843848947_n-300x193.jpg 300w, https:\/\/yeniterter.az\/wp-content\/uploads\/447744386_310972238733910_7409164958843848947_n.jpg 600w\" sizes=\"(max-width: 232px) 100vw, 232px\" \/><\/p>\n<p>&nbsp;<\/p>\n<p>&nbsp;<\/p>\n<p>&nbsp;<\/p>\n<p>&nbsp;<\/p>\n<p>&nbsp;<\/p>\n<p>&nbsp;<\/p>\n<p>&nbsp;<\/p>\n<p>6 iyun 2024-c\u00fc il tarixd\u0259 Az\u0259rbaycan Respublikas\u0131n\u0131n Prezidenti c\u0259nab \u0130lham \u018fliyev T\u00dcRKPA-n\u0131n Ba\u015f katibi Mehmet S\u00fcreyya Eri, T\u00fcrkiy\u0259 B\u00f6y\u00fck Mill\u0259t M\u0259clisinin s\u0259dri Numan Kurtulmu\u015fu, Qazax\u0131stan Parlamenti M\u0259clisinin s\u0259dri Yerlan Ko\u015fanovu, Q\u0131r\u011f\u0131z\u0131stan Joqorku Kene\u015finin s\u0259dri Nurlanbek \u015eakiyevi, \u00d6zb\u0259kistan Ali M\u0259clisi Senat\u0131n\u0131n s\u0259dri T\u0259nzil\u0259 Narbayevan\u0131, \u015eimali Kipr T\u00fcrk C\u00fcmhuriyy\u0259ti M\u0259clisinin s\u0259dri Zorlu T\u00f6reni v\u0259 Macar\u0131stan Milli Assambleyas\u0131n\u0131n s\u0259drinin m\u00fcavini Marta Matraini q\u0259bul edib. D\u00f6vl\u0259timizin ba\u015f\u00e7\u0131s\u0131 g\u00f6r\u00fc\u015fd\u0259 \u00e7\u0131x\u0131\u015f ed\u0259r\u0259k bildirib: \u201cT\u00dcRKPA-n\u0131n plenar iclaslar\u0131 T\u00fcrk d\u00fcnyas\u0131n\u0131n birliyinin t\u0259zah\u00fcr\u00fc olur. T\u00fcrk d\u00fcnyas\u0131n\u0131n birl\u0259\u015fm\u0259si istiqam\u0259tind\u0259 \u00f6lk\u0259l\u0259rimiz b\u00f6y\u00fck s\u0259yl\u0259r g\u00f6st\u0259rirl\u0259r. Az\u0259rbaycan\u0131n xarici siyas\u0259tinin prioritetl\u0259rinin m\u00fc\u0259yy\u0259n edilm\u0259si zaman\u0131 T\u00fcrk d\u00fcnyas\u0131n\u0131n g\u00fccl\u0259ndirilm\u0259si, T\u00fcrk d\u00f6vl\u0259tl\u0259ri il\u0259 \u0259laq\u0259l\u0259rimiz prioritet istiqam\u0259t kimi m\u00fc\u0259yy\u0259n olunub. \u201cBizim ail\u0259miz T\u00fcrk d\u00fcnyas\u0131d\u0131r, bizim ba\u015fqa ail\u0259miz yoxdur\u201d. S\u00f6z\u00fcged\u0259n fikir \u00f6lk\u0259mizin bu istiqam\u0259td\u0259ki siyas\u0259tini a\u00e7\u0131q \u015f\u0259kild\u0259 b\u00fcruz\u0259 verir. Son ill\u0259r \u0259rzind\u0259 T\u00fcrk D\u00f6vl\u0259tl\u0259ri T\u0259\u015fkilat\u0131 x\u0259tti il\u0259 apar\u0131lan i\u015fl\u0259r birliyimizi daha da g\u00fccl\u0259ndirir. Az\u0259rbaycan\u0131n t\u0259\u015f\u0259bb\u00fcs\u00fc il\u0259 bir aydan sonra \u015eu\u015fada T\u00fcrk D\u00f6vl\u0259tl\u0259ri T\u0259\u015fkilat\u0131n\u0131n qeyri-r\u0259smi Zirv\u0259 g\u00f6r\u00fc\u015f\u00fc ke\u00e7iril\u0259c\u0259k. \u0130ld\u0259 bir d\u0259f\u0259 Zirv\u0259 g\u00f6r\u00fc\u015f\u00fcn\u00fcn ke\u00e7irilm\u0259si kifay\u0259t etm\u0259z. \u00c7\u00fcnki h\u0259m s\u00fcr\u0259tli, y\u0259ni davaml\u0131 t\u0259maslara ehtiyac var, eyni zamanda, h\u0259r bir Zirv\u0259 g\u00f6r\u00fc\u015f\u00fc birliyimizin g\u00fccl\u0259ndirilm\u0259sin\u0259 istiqam\u0259tl\u0259nmi\u015f n\u00f6vb\u0259ti add\u0131m olur\u201d.<!--more--><\/p>\n<p>Prezident c\u0259nab \u0130lham \u018fliyev \u00e7\u0131x\u0131\u015f\u0131nda qeyd edib: \u201c\u0130qlim m\u0259s\u0259l\u0259l\u0259ri bu g\u00fcn Az\u0259rbaycan\u0131n g\u00fcnd\u0259liyind\u0259 duran \u0259sas v\u0259zif\u0259l\u0259rd\u0259n biridir. Az\u0259rbaycan bu il COP29 konfrans\u0131na ev sahibliyi ed\u0259c\u0259k. Bu, bizim \u00fc\u00e7\u00fcn h\u0259m b\u00f6y\u00fck m\u0259suliyy\u0259tdir, h\u0259m d\u0259 b\u00f6y\u00fck \u015f\u0259r\u0259fdir. Bu qlobal t\u0259dbir\u0259 haz\u0131rl\u0131q \u0259r\u0259f\u0259sind\u0259 qarda\u015f \u00f6lk\u0259l\u0259rl\u0259 bu m\u0259s\u0259l\u0259l\u0259ri d\u0259 m\u00fczakir\u0259 etm\u0259k b\u00f6y\u00fck fayda ver\u0259c\u0259kdir. Azad edilmi\u015f torpaqlarda T\u00fcrk d\u00fcnyas\u0131n\u0131n birliyini \u0259yani \u015f\u0259kild\u0259 g\u00f6r\u00fcr\u00fck. Azad edilmi\u015f \u0259razil\u0259rd\u0259 bu g\u00fcn geni\u015f yol-n\u0259qliyyat infrastrukturu yarad\u0131l\u0131r v\u0259 bu n\u0259h\u0259ng layih\u0259l\u0259rin icras\u0131nda T\u00fcrkiy\u0259d\u0259n olan \u015firk\u0259tl\u0259r f\u0259al i\u015ftirak edirl\u0259r. \u0130ndi \u015eu\u015faya ged\u0259n h\u0259r bir insan yeni \u00e7\u0259kil\u0259n avtomagistraldan ke\u00e7\u0259r\u0259k \u00f6z g\u00f6z\u00fc il\u0259 g\u00f6r\u00fcr ki, orada 7 tunel, 9 viaduk, bir \u00e7ox k\u00f6rp\u00fcl\u0259r in\u015fa edilir v\u0259 podrat\u00e7\u0131lar\u0131n \u0259ks\u0259riyy\u0259ti T\u00fcrkiy\u0259d\u0259n olan \u015firk\u0259tl\u0259rdir. Eyni zamanda, d\u0259mir yolunun b\u0259rpas\u0131 prosesi d\u0259 s\u00fcr\u0259tl\u0259 gedir. Horadiz-A\u011fb\u0259nd d\u0259mir yolunun podrat\u00e7\u0131s\u0131 da T\u00fcrkiy\u0259 \u015firk\u0259tl\u0259ridir. T\u00fcrk d\u00fcnyas\u0131 b\u00f6y\u00fck bir ail\u0259dir, b\u00f6y\u00fck potensiala malikdir, b\u00f6y\u00fck co\u011frafiyan\u0131 \u0259hat\u0259 edir. N\u0259qliyyat yollar\u0131, enerji resurslar\u0131, insan kapital\u0131, artan \u0259hali, demoqrafik v\u0259ziyy\u0259tin m\u00fcsb\u0259t olmas\u0131 \u2013 bunlar, b\u00f6y\u00fck bir g\u00fcc potensial\u0131d\u0131r. Bizim v\u0259zif\u0259mizdir ki, bu potensial\u0131 d\u00fcnya miqyas\u0131nda b\u00f6y\u00fck bir g\u00fcc\u0259 \u00e7evir\u0259k\u201d.<\/p>\n<p><a href=\"https:\/\/www.facebook.com\/photo\/?fbid=310972235400577&amp;set=pcb.310972438733890&amp;__cft__%5b0%5d=AZVZGH6rY9OukM-evlGr0e66kmXrBOvYi0WIA0bxNv82B21AezFNNNEoa_IUIDpvkTMzmIfa67xmb3jZFrYtpCFhZBRc35vOlfmWz_hv1acviHcEdaGk6sYu4mubRtzRKe17BLBduiy3tML_IoQx9RYjvnTERoT9vuJYxudlv94MedQ91zcgk7aEzcUG3QhEzEYMDqqwrlgkL7fsYi4KVEia&amp;__tn__=*bH-R\">\u00a0<\/a><\/p>\n<p>&nbsp;<\/p>\n<p><a href=\"https:\/\/www.facebook.com\/photo\/?fbid=310972248733909&amp;set=pcb.310972438733890&amp;__cft__%5b0%5d=AZVZGH6rY9OukM-evlGr0e66kmXrBOvYi0WIA0bxNv82B21AezFNNNEoa_IUIDpvkTMzmIfa67xmb3jZFrYtpCFhZBRc35vOlfmWz_hv1acviHcEdaGk6sYu4mubRtzRKe17BLBduiy3tML_IoQx9RYjvnTERoT9vuJYxudlv94MedQ91zcgk7aEzcUG3QhEzEYMDqqwrlgkL7fsYi4KVEia&amp;__tn__=*bH-R\">\u00a0<\/a><\/p>\n<p>&nbsp;<\/p>\n<p><a href=\"https:\/\/www.facebook.com\/photo\/?fbid=310972275400573&amp;set=pcb.310972438733890&amp;__cft__%5b0%5d=AZVZGH6rY9OukM-evlGr0e66kmXrBOvYi0WIA0bxNv82B21AezFNNNEoa_IUIDpvkTMzmIfa67xmb3jZFrYtpCFhZBRc35vOlfmWz_hv1acviHcEdaGk6sYu4mubRtzRKe17BLBduiy3tML_IoQx9RYjvnTERoT9vuJYxudlv94MedQ91zcgk7aEzcUG3QhEzEYMDqqwrlgkL7fsYi4KVEia&amp;__tn__=*bH-R\">\u00a0<\/a><\/p>\n<p>&nbsp;<\/p>\n<p><a href=\"https:\/\/www.facebook.com\/photo\/?fbid=310972242067243&amp;set=pcb.310972438733890&amp;__cft__%5b0%5d=AZVZGH6rY9OukM-evlGr0e66kmXrBOvYi0WIA0bxNv82B21AezFNNNEoa_IUIDpvkTMzmIfa67xmb3jZFrYtpCFhZBRc35vOlfmWz_hv1acviHcEdaGk6sYu4mubRtzRKe17BLBduiy3tML_IoQx9RYjvnTERoT9vuJYxudlv94MedQ91zcgk7aEzcUG3QhEzEYMDqqwrlgkL7fsYi4KVEia&amp;__tn__=*bH-R\">\u00a0<\/a><\/p>\n<p>&nbsp;<\/p>\n<p>&nbsp;<\/p>\n<p>&nbsp;<\/p>\n","protected":false},"excerpt":{"rendered":"<p>&nbsp; &nbsp; &nbsp; &nbsp; &nbsp; &nbsp; &nbsp; 6 iyun 2024-c\u00fc il tarixd\u0259 Az\u0259rbaycan Respublikas\u0131n\u0131n Prezidenti c\u0259nab \u0130lham \u018fliyev T\u00dcRKPA-n\u0131n Ba\u015f katibi Mehmet S\u00fcreyya Eri, T\u00fcrkiy\u0259 B\u00f6y\u00fck Mill\u0259t M\u0259clisinin s\u0259dri Numan Kurtulmu\u015fu, Qazax\u0131stan Parlamenti M\u0259clisinin s\u0259dri Yerlan Ko\u015fanovu, Q\u0131r\u011f\u0131z\u0131stan Joqorku Kene\u015finin s\u0259dri Nurlanbek \u015eakiyevi, \u00d6zb\u0259kistan Ali M\u0259clisi Senat\u0131n\u0131n s\u0259dri T\u0259nzil\u0259 Narbayevan\u0131, \u015eimali Kipr T\u00fcrk C\u00fcmhuriyy\u0259ti M\u0259clisinin [&hellip;]<\/p>\n","protected":false},"author":2,"featured_media":0,"comment_status":"closed","ping_status":"closed","sticky":false,"template":"","format":"standard","meta":[],"categories":[10],"tags":[],"_links":{"self":[{"href":"https:\/\/yeniterter.az\/index.php?rest_route=\/wp\/v2\/posts\/27564"}],"collection":[{"href":"https:\/\/yeniterter.az\/index.php?rest_route=\/wp\/v2\/posts"}],"about":[{"href":"https:\/\/yeniterter.az\/index.php?rest_route=\/wp\/v2\/types\/post"}],"author":[{"embeddable":true,"href":"https:\/\/yeniterter.az\/index.php?rest_route=\/wp\/v2\/users\/2"}],"replies":[{"embeddable":true,"href":"https:\/\/yeniterter.az\/index.php?rest_route=%2Fwp%2Fv2%2Fcomments&post=27564"}],"version-history":[{"count":2,"href":"https:\/\/yeniterter.az\/index.php?rest_route=\/wp\/v2\/posts\/27564\/revisions"}],"predecessor-version":[{"id":27569,"href":"https:\/\/yeniterter.az\/index.php?rest_route=\/wp\/v2\/posts\/27564\/revisions\/27569"}],"wp:attachment":[{"href":"https:\/\/yeniterter.az\/index.php?rest_route=%2Fwp%2Fv2%2Fmedia&parent=27564"}],"wp:term":[{"taxonomy":"category","embeddable":true,"href":"https:\/\/yeniterter.az\/index.php?rest_route=%2Fwp%2Fv2%2Fcategories&post=27564"},{"taxonomy":"post_tag","embeddable":true,"href":"https:\/\/yeniterter.az\/index.php?rest_route=%2Fwp%2Fv2%2Ftags&post=27564"}],"curies":[{"name":"wp","href":"https:\/\/api.w.org\/{rel}","templated":true}]}}