{"id":27445,"date":"2024-05-27T09:27:25","date_gmt":"2024-05-27T06:27:25","guid":{"rendered":"https:\/\/yeniterter.az\/?p=27445"},"modified":"2024-05-27T09:27:25","modified_gmt":"2024-05-27T06:27:25","slug":"qazil%c9%99rimiz-12","status":"publish","type":"post","link":"https:\/\/yeniterter.az\/?p=27445","title":{"rendered":"Qazil\u0259rimiz"},"content":{"rendered":"<p style=\"text-align: center;\"><strong><span style=\"font-size: 14pt;\">N\u0259sill\u0259r\u0259 n\u00fcmun\u0259<\/span><\/strong><\/p>\n<p><img decoding=\"async\" loading=\"lazy\" class=\" wp-image-27446 alignright\" src=\"https:\/\/yeniterter.az\/wp-content\/uploads\/a-1-225x300.jpg\" alt=\"\" width=\"103\" height=\"138\" srcset=\"https:\/\/yeniterter.az\/wp-content\/uploads\/a-1-225x300.jpg 225w, https:\/\/yeniterter.az\/wp-content\/uploads\/a-1-768x1024.jpg 768w, https:\/\/yeniterter.az\/wp-content\/uploads\/a-1.jpg 960w\" sizes=\"(max-width: 103px) 100vw, 103px\" \/>\u201cD\u00fc\u015fm\u0259nd\u0259n \u015f\u0259hidl\u0259rimizin intiqam\u0131-n\u0131 alm\u0131\u015f\u0131q,\u201d\u2013 deyir qazi El\u015fad M\u0259mm\u0259dov. Onun c\u0259mi 20 ya\u015f\u0131 var. 2023-\u00e7\u00fc ilin antiterror \u0259m\u0259liyyat\u0131 ba\u015flayanda, 15 ay\u0131n \u0259sg\u0259ri idi. T\u0259rxis olunma\u011f\u0131na az qalm\u0131\u015fd\u0131. Evl\u0259rin\u0259 m\u0259zuniyy\u0259t\u0259 d\u0259 gedib qay\u0131tm\u0131\u015fd\u0131. Atas\u0131 El\u015f\u0259n komandoda, k\u0259\u015ffiyyat taborunda xidm\u0259t ed\u0259n o\u011flu il\u0259 f\u0259xr edir, onun Ordudan t\u0259rxis olunaca\u011f\u0131 g\u00fcn\u00fc, bu m\u00fcnasib\u0259tl\u0259 qurban k\u0259sib qohum-\u0259qraban\u0131 ba\u015f\u0131na y\u0131\u011faca\u011f\u0131n\u0131 s\u0259birsizlikl\u0259 g\u00f6zl\u0259yirdi.<br \/>\nAniterror \u0259m\u0259liyyat\u0131 ba\u015flayan zaman onun xidm\u0259t etdiyi h\u0259rbi hiss\u0259 A\u011fdam-Xocal\u0131 istiqam\u0259tind\u0259ydi. H\u0259r \u015fey u\u011furlu gedirdi. Sentyabr\u0131n 19-da ild\u0131r\u0131m s\u00fcr\u0259tli \u0259m\u0259liyyatda qazan\u0131lan q\u0259l\u0259b\u0259 h\u0259r k\u0259si ruhland\u0131r\u0131r, \u015f\u0259hid v\u0259 yaral\u0131lar\u0131n olmas\u0131 is\u0259 d\u00f6y\u00fc\u015f \u0259zmini daha da art\u0131r\u0131rd\u0131.<br \/>\nSentyabr\u0131n 20-d\u0259 s\u0259h\u0259r saatlar\u0131nda \u00fczb\u0259\u00fcz d\u00f6y\u00fc\u015f gedirdi. El\u015fad\u0131n t\u0259rkibind\u0259 oldu\u011fu qrup d\u00fc\u015fm\u0259n s\u0259ng\u0259rin\u0259 do\u011fru h\u00fccuma ke\u00e7di. M\u0259\u011flubiyy\u0259tini anlayan erm\u0259nil\u0259r son n\u0259f\u0259sl\u0259rind\u0259 bel\u0259 \u00e7irkin \u0259m\u0259ll\u0259rind\u0259n \u0259l \u00e7\u0259km\u0259y\u0259r\u0259k, \u0259trafa \u00f6l\u00fcm sa\u00e7an m\u0259rmi ya\u011fd\u0131r\u0131r, avtomatlardan at\u0259\u015f a\u00e7\u0131rd\u0131lar. M\u0259rminin biri El\u015fad\u0131n yax\u0131nl\u0131\u011f\u0131na d\u00fc\u015fd\u00fc, \u0259trafa da\u011f\u0131lan q\u0259lp\u0259l\u0259rd\u0259n bir ne\u00e7\u0259si onun aya\u011f\u0131na d\u0259ydi, bu azm\u0131\u015f kimi, nam\u0259rd g\u00fcll\u0259si d\u0259 g\u0259nc \u0259sg\u0259ri tap\u0131b, bud nahiyy\u0259sind\u0259n s\u00fcm\u00fcy\u00fcn\u0259 sanc\u0131ld\u0131.<br \/>\nBu bar\u0259d\u0259 El\u015fad deyir:<!--more--><br \/>\n\u2013 \u0130lk olaraq qrup komandiri Xaliq \u018fzizov \u00f6z\u00fcn\u00fc m\u0259n\u0259 \u00e7atd\u0131rd\u0131. Sonra \u0259sg\u0259r yolda\u015flar\u0131m k\u00f6m\u0259yim\u0259 g\u0259lib d\u00f6y\u00fc\u015f meydan\u0131ndan \u00e7\u0131xard\u0131lar.<br \/>\nEl\u015fad ilk olaraq B\u0259rd\u0259d\u0259 \u0259m\u0259liyyat olundu. Sonra bir-birinin ard\u0131nca A\u011f-cab\u0259di, G\u0259nc\u0259, Bak\u0131 hospitallar\u0131&#8230; Hal-haz\u0131rda aya\u011f\u0131na implant qoyulub, d\u00fc\u015fm\u0259n g\u00fcll\u0259si is\u0259 h\u0259l\u0259 d\u0259 s\u00fcm\u00fcy\u00fcnd\u0259dir.<br \/>\nS\u00f6hb\u0259t zaman\u0131 El\u015fad dedi:<br \/>\n\u2013 G\u0259ncliyin qaynar \u00e7a\u011f\u0131nda sa\u011flaml\u0131\u011f\u0131n\u0131 itirm\u0259k \u00e7\u0259tindir. D\u00fc\u015f\u00fcn\u0259nd\u0259 ki, m\u0259n bunu V\u0259t\u0259n, torpaq yolunda etmi\u015f\u0259m, m\u0259n\u0259n \u00f6z\u00fcmd\u0259 g\u00fcc tap\u0131ram. \u0130ki \u0259mim o\u011flu \u2013 S\u0259buhi M\u0259mm\u0259dov, \u0130ntiqam M\u0259nsimli v\u0259 atam\u0131n \u0259misi o\u011flu \u2013 Elmin Quluzad\u0259 d\u00fc\u015fm\u0259nl\u0259 m\u00fcbariz\u0259d\u0259 \u015f\u0259hidlik zirv\u0259sin\u0259 ucal\u0131blar. M\u0259n onlar\u0131n yolunu \u015f\u0259r\u0259fl\u0259 davam etdirdim.<br \/>\nG\u0259nclik \u00e7ox g\u00fccl\u00fc olur. Vaxt g\u0259l\u0259c\u0259k, El\u015fad da d\u00fc\u015fm\u0259n\u0259 qalib g\u0259ldiyi kimi, a\u011fr\u0131-ac\u0131lar\u0131na da qalib g\u0259l\u0259c\u0259k v\u0259 c\u0259miyy\u0259timizin f\u0259al \u00fczv\u00fc kimi h\u0259yat\u0131n\u0131 davam etdir\u0259c\u0259k.<\/p>\n<p style=\"text-align: right;\"><em><strong>Svetlana BA\u011eIROVA<\/strong><\/em><\/p>\n","protected":false},"excerpt":{"rendered":"<p>N\u0259sill\u0259r\u0259 n\u00fcmun\u0259 \u201cD\u00fc\u015fm\u0259nd\u0259n \u015f\u0259hidl\u0259rimizin intiqam\u0131-n\u0131 alm\u0131\u015f\u0131q,\u201d\u2013 deyir qazi El\u015fad M\u0259mm\u0259dov. Onun c\u0259mi 20 ya\u015f\u0131 var. 2023-\u00e7\u00fc ilin antiterror \u0259m\u0259liyyat\u0131 ba\u015flayanda, 15 ay\u0131n \u0259sg\u0259ri idi. T\u0259rxis olunma\u011f\u0131na az qalm\u0131\u015fd\u0131. Evl\u0259rin\u0259 m\u0259zuniyy\u0259t\u0259 d\u0259 gedib qay\u0131tm\u0131\u015fd\u0131. Atas\u0131 El\u015f\u0259n komandoda, k\u0259\u015ffiyyat taborunda xidm\u0259t ed\u0259n o\u011flu il\u0259 f\u0259xr edir, onun Ordudan t\u0259rxis olunaca\u011f\u0131 g\u00fcn\u00fc, bu m\u00fcnasib\u0259tl\u0259 qurban k\u0259sib qohum-\u0259qraban\u0131 ba\u015f\u0131na [&hellip;]<\/p>\n","protected":false},"author":2,"featured_media":0,"comment_status":"closed","ping_status":"closed","sticky":false,"template":"","format":"standard","meta":[],"categories":[40],"tags":[],"_links":{"self":[{"href":"https:\/\/yeniterter.az\/index.php?rest_route=\/wp\/v2\/posts\/27445"}],"collection":[{"href":"https:\/\/yeniterter.az\/index.php?rest_route=\/wp\/v2\/posts"}],"about":[{"href":"https:\/\/yeniterter.az\/index.php?rest_route=\/wp\/v2\/types\/post"}],"author":[{"embeddable":true,"href":"https:\/\/yeniterter.az\/index.php?rest_route=\/wp\/v2\/users\/2"}],"replies":[{"embeddable":true,"href":"https:\/\/yeniterter.az\/index.php?rest_route=%2Fwp%2Fv2%2Fcomments&post=27445"}],"version-history":[{"count":1,"href":"https:\/\/yeniterter.az\/index.php?rest_route=\/wp\/v2\/posts\/27445\/revisions"}],"predecessor-version":[{"id":27447,"href":"https:\/\/yeniterter.az\/index.php?rest_route=\/wp\/v2\/posts\/27445\/revisions\/27447"}],"wp:attachment":[{"href":"https:\/\/yeniterter.az\/index.php?rest_route=%2Fwp%2Fv2%2Fmedia&parent=27445"}],"wp:term":[{"taxonomy":"category","embeddable":true,"href":"https:\/\/yeniterter.az\/index.php?rest_route=%2Fwp%2Fv2%2Fcategories&post=27445"},{"taxonomy":"post_tag","embeddable":true,"href":"https:\/\/yeniterter.az\/index.php?rest_route=%2Fwp%2Fv2%2Ftags&post=27445"}],"curies":[{"name":"wp","href":"https:\/\/api.w.org\/{rel}","templated":true}]}}