{"id":27266,"date":"2024-05-08T10:07:54","date_gmt":"2024-05-08T07:07:54","guid":{"rendered":"https:\/\/yeniterter.az\/?p=27266"},"modified":"2024-05-08T10:07:54","modified_gmt":"2024-05-08T07:07:54","slug":"z%c9%99rdabi-adina-sadiqlik-numun%c9%99si","status":"publish","type":"post","link":"https:\/\/yeniterter.az\/?p=27266","title":{"rendered":"Z\u018fRDAB\u0130 ADINA SAD\u0130QL\u0130K N\u00dcMUN\u018fS\u0130"},"content":{"rendered":"<p><em><strong>Telefonum z\u0259ng \u00e7al\u0131r. \u201cYeni T\u0259rt\u0259r\u201d q\u0259zetinin redaktoru Svetlana Ba\u011f\u0131rova idi. Bu bar\u0259d\u0259 bir q\u0259d\u0259r sonra s\u00f6z a\u00e7aca\u011f\u0131q&#8230;<\/strong><\/em><\/p>\n<p><img decoding=\"async\" loading=\"lazy\" class=\" wp-image-27267 alignright\" src=\"https:\/\/yeniterter.az\/wp-content\/uploads\/Elmira-Mehdiyeva-1-219x300.jpg\" alt=\"\" width=\"139\" height=\"190\" srcset=\"https:\/\/yeniterter.az\/wp-content\/uploads\/Elmira-Mehdiyeva-1-219x300.jpg 219w, https:\/\/yeniterter.az\/wp-content\/uploads\/Elmira-Mehdiyeva-1-746x1024.jpg 746w, https:\/\/yeniterter.az\/wp-content\/uploads\/Elmira-Mehdiyeva-1-768x1054.jpg 768w, https:\/\/yeniterter.az\/wp-content\/uploads\/Elmira-Mehdiyeva-1.jpg 933w\" sizes=\"(max-width: 139px) 100vw, 139px\" \/>Median\u0131n \u0130nki\u015faf\u0131 Agentliyinin (M\u0130A) \u00f6t\u0259n ilin son g\u00fcnl\u0259rind\u0259n birind\u0259 media n\u00fcmay\u0259nd\u0259l\u0259rinin, \u0259sas\u0259n d\u0259 region medias\u0131n\u0131n t\u0259msil\u00e7il\u0259rinin \u015eu\u015fa s\u0259h\u0259rin\u0259 t\u0259\u015fkil etdiyi media turu zaman\u0131 rayon q\u0259zetl\u0259rinin redaktorlar\u0131 daha da yax\u0131nla\u015fm\u0131\u015f, \u015eu\u015fa \u015f\u0259h\u0259rind\u0259 xeyli d\u0259rdl\u0259\u015fmi\u015f, d\u00fc\u015fd\u00fcy\u00fcm\u00fcz bu \u00e7\u0131x\u0131lmaz v\u0259ziyy\u0259td\u0259n \u00e7\u0131x\u0131\u015f yolu axtarma\u011fa \u00e7al\u0131\u015fm\u0131\u015fd\u0131q. D\u00fczd\u00fcr, m\u0259n redaktor deyil, redaktor m\u00fcavini olsam da, sa\u011f olsun M\u0130A, m\u0259ni d\u0259 d\u0259v\u0259t etmi\u015fdi.<br \/>\n\u015eu\u015fan\u0131 g\u0259zdikc\u0259 h\u0259mkarlarla d\u0259rdl\u0259\u015fm\u0259yimiz niskilimizi daha da art\u0131rd\u0131, V\u0259t\u0259ni t\u0259r\u0259nn\u00fcm etm\u0259nin \u0259n g\u00f6z\u0259l vaxt\u0131nda rayon q\u0259zetl\u0259rinin m\u00fct\u0259madi \u00e7\u0131xa bilm\u0259m\u0259si, n\u0259inki \u0259m\u0259khaqq\u0131, he\u00e7 \u00e7ap x\u0259rcini bel\u0259 \u00f6d\u0259m\u0259 qabiliyy\u0259tind\u0259 olmamas\u0131 q\u0259lbimizi \u00e7ox incidirdi.<br \/>\nHam\u0131m\u0131z eyni d\u0259rdd\u0259 idik. Buna baxmayaraq, M\u0130A-ya \u00e7ox minn\u0259tdar idik, ad\u0131m\u0131z\u0131 anm\u0131\u015f, xat\u0131rlam\u0131\u015fd\u0131lar ki, bunlar da Az\u0259rbaycan medias\u0131n\u0131n t\u0259msil\u00e7il\u0259ridirl\u0259r.<br \/>\nBurada bir frans\u0131z jurnalistinin \u201c\u018fkin\u00e7i\u201d haqq\u0131nda dediyi s\u00f6zl\u0259r yad\u0131ma d\u00fc\u015fd\u00fc. O, \u201c\u018fkin\u00e7i\u201dnin maliyy\u0259 v\u0259ziyy\u0259ti il\u0259 maraqlanark\u0259n \u00e7ox t\u0259\u0259cc\u00fcbl\u0259n\u0259r\u0259k demi\u015fdi: \u201cBizim Fransada bel\u0259 az maliyy\u0259 il\u0259 he\u00e7 k\u0259s q\u0259zet \u00e7\u0131xartmaz\u201d. Bu, \u00f6t\u0259n \u0259srd\u0259 yox, ondan da \u0259vv\u0259lki \u0259srd\u0259 deyilmi\u015f fikirl\u0259rdir. Y\u0259ni, \u0259n az\u0131ndan 140 il olar. Bu 140 il \u0259rzind\u0259 d\u0259yi\u015f\u0259 bilmi\u015fikmi? \u018fsla yox! M\u00fcnasib\u0259t eyn\u0259n qal\u0131r. Biz d\u0259 s\u0259l\u0259fimiz, \u201cm\u0259n\u0259vi atam\u0131z\u201d H\u0259s\u0259n b\u0259yd\u0259n he\u00e7 n\u0259 il\u0259 f\u0259rql\u0259nmirik, onun taleyini ya\u015fay\u0131r\u0131q.<br \/>\nZ\u0259rdabini daha yazmas\u0131n dey\u0259 Z\u0259rdaba s\u00fcrg\u00fcn etdl\u0259r. K\u00fcr q\u0131ra\u011f\u0131n\u0131n qam\u0131\u015f basm\u0131\u015f, \u0259ld\u0259n-ayaqdan uzaq, insanlar\u0131n haqq\u0131-\u0259dal\u0259ti tapdalanan, sanki bu d\u00fcnyadan x\u0259b\u0259rsiz bir \u0259yal\u0259t\u0259 g\u0259l\u0259n H\u0259s\u0259n b\u0259y \u00fc\u00e7\u00fcn bu yerl\u0259r he\u00e7 d\u0259 yad yerl\u0259r deyildi. Onun do\u011fulub boya-ba\u015fa \u00e7atd\u0131\u011f\u0131 bir torpaq idi. Z\u0259rdabi b\u00fct\u00fcn m\u0259hrumiyy\u0259tl\u0259r\u0259 baxmayaraq, oradan ard\u0131-aras\u0131 k\u0259silm\u0259d\u0259n \u201cKaspi\u201d q\u0259zetin\u0259 m\u0259qal\u0259l\u0259r yazd\u0131. \u00c7\u00fcnki o, bir i\u015f\u0131q idi, bir nur idi, mill\u0259tini c\u0259hal\u0259td\u0259n, gerilikd\u0259n qurtarmaq \u00fc\u00e7\u00fcn Tanr\u0131 t\u0259r\u0259find\u0259n g\u00f6nd\u0259rilmi\u015fdi.<!--more--> B\u0259s biz? S\u0259n dem\u0259, bizim i\u015f\u0131\u011f\u0131m\u0131z da he\u00e7 k\u0259s\u0259 laz\u0131m deyilmi\u015f. Dey\u0259s\u0259n, q\u0259rar q\u0259tidir, rayon q\u0259zetl\u0259ri f\u0259aliyy\u0259tl\u0259rini dayand\u0131rmal\u0131d\u0131r. Ax\u0131 jurnalist kim\u0259 laz\u0131md\u0131r, onsuz da ham\u0131 yaz\u0131r, yerind\u0259n duran jurnalist olub. Sosial \u015f\u0259b\u0259k\u0259l\u0259r, onlayn media jurnalistikaya m\u00fcnasib\u0259ti k\u00f6k\u00fcnd\u0259n d\u0259yi\u015fib. El\u0259 ona g\u00f6r\u0259 d\u0259, bu came\u0259y\u0259 o q\u0259d\u0259r savads\u0131z y\u0131\u011fna\u011f\u0131 topla\u015f\u0131b ki, he\u00e7 dem\u0259s\u0259l\u0259r d\u0259, biz onlarla ad\u0131m\u0131z\u0131n bir yerd\u0259 \u00e7\u0259kilm\u0259sini ist\u0259mirik.<br \/>\nB\u0259li, \u201cYeni T\u0259rt\u0259r\u201d q\u0259zetinin redaktoru Svetlana xan\u0131m\u0131n z\u0259ngin\u0259 cavab verir\u0259m. Bizi, y\u0259ni \u201cZaqatala\u201d q\u0259zetinin redaktorunu v\u0259 m\u0259ni q\u0259zetin 90 illik yubileyin\u0259 d\u0259v\u0259t edirdi. H\u0259mkar\u0131m\u0131n d\u0259v\u0259tini s\u00f6zs\u00fcz ki, q\u0259bul etdik. Bel\u0259 bir g\u00fcnd\u0259 onlar\u0131n sevincin\u0259 \u015f\u0259rik olmaq, \u015f\u00fcbh\u0259siz, bizim borcumuzdur. Haz\u0131rlad\u0131qlar\u0131 yubiley n\u00f6mr\u0259si \u00fc\u00e7\u00fcn \u201c100 ya\u015fl\u0131 \u201cZaqatala\u201d \u201cT\u0259rt\u0259r\u201din 90 ya\u015f\u0131n\u0131 t\u0259brik edir\u201d s\u0259rl\u00f6vh\u0259li t\u0259brik d\u0259 g\u00f6nd\u0259rdik. H\u0259min t\u0259brikd\u0259 yaz\u0131rd\u0131q: \u201cBu hissl\u0259ri biz d\u0259 yola sald\u0131\u011f\u0131m\u0131z 2023-c\u00fc ild\u0259 ke\u00e7irdiyimiz \u00fc\u00e7\u00fcn sizin sevincinizin ba\u015fqa sevincl\u0259rl\u0259 m\u00fcqayis\u0259 edil\u0259 bilm\u0259diyini yax\u015f\u0131 bilirik. \u201cZaqatala\u201d q\u0259zeti d\u0259 \u00f6t\u0259n il \u00f6z f\u0259aliyy\u0259tinin 100 illiyini qeyd etdi. \u018fslind\u0259, bir rayon q\u0259zetinin \u00f6z i\u015fini bel\u0259 uzun m\u00fcdd\u0259t davam etdirm\u0259yi bacarmas\u0131n\u0131n s\u0259b\u0259bi orada \u00e7al\u0131\u015fan jurnalistl\u0259rin f\u0259dakarl\u0131\u011f\u0131, V\u0259t\u0259n sevgisi, m\u0259tbu i\u015f\u0259 olan sonsuz ba\u011fl\u0131l\u0131qlar\u0131 olub. Bunu bu g\u00fcn olmasa da g\u0259l\u0259c\u0259k n\u0259sill\u0259r bir q\u0259hr\u0259manl\u0131q kimi qiym\u0259tl\u0259ndir\u0259c\u0259kl\u0259r. \u00c7ox adam buna dodaq b\u00fcz\u0259r\u0259k, \u201c\u00f6z i\u015finizi g\u00f6rm\u00fcs\u00fcn\u00fcz\u201d deyir. Lakin, rayon q\u0259zetl\u0259ri \u00f6z i\u015fl\u0259rini o q\u0259d\u0259r \u00e7\u0259tin \u015f\u0259raitd\u0259 g\u00f6r\u00fcr ki, bunu yaln\u0131z orada \u00e7al\u0131\u015fanlar bilirl\u0259r\u201d.<br \/>\n\u00d6t\u0259n il Median\u0131n \u0130nki\u015faf\u0131 Agentliyi \u201cRegional Median\u0131n \u0130nki\u015faf\u0131\u201d layih\u0259si \u00e7\u0259r\u00e7iv\u0259sind\u0259 m\u00fczakir\u0259l\u0259rin apar\u0131lmas\u0131 m\u0259qs\u0259dil\u0259 G\u0259nc\u0259 \u015f\u0259h\u0259rind\u0259, Qubada v\u0259 L\u0259nk\u0259randa b\u00f6lg\u0259d\u0259ki media subyektl\u0259rinin n\u00fcmay\u0259nd\u0259l\u0259ri v\u0259 jurnalistl\u0259rl\u0259 g\u00f6r\u00fc\u015f ke\u00e7irdi. Qeyd etdil\u0259r ki, m\u0259qs\u0259d diaqnostik icmal\u0131n haz\u0131rlanmas\u0131d\u0131r. Bu g\u00f6r\u00fc\u015fl\u0259rd\u0259 Median\u0131n \u0130nki\u015faf\u0131 Agentliyinin Media subyekt-\u0259ri v\u0259 jurnalistl\u0259rl\u0259 i\u015f \u015f\u00f6b\u0259sinin m\u00fcdiri Natiq M\u0259mm\u0259dlinin moderatorlu\u011fu il\u0259 region medias\u0131na dair diaqnostik icmal\u0131n haz\u0131rlanmas\u0131 \u00fc\u00e7\u00fcn m\u00f6vcud media ekosisteminin x\u00fcsu-siyy\u0259tl\u0259rinin v\u0259 cari ehtiyaclar\u0131n m\u00fc\u0259yy\u0259nl\u0259\u015fdirilm\u0259si m\u0259qs\u0259dil\u0259 m\u00fcxt\u0259lif istiqam\u0259tl\u0259r \u00fczr\u0259 m\u00fczakir\u0259l\u0259r d\u0259 apar\u0131ld\u0131.<br \/>\nOktyabr\u0131n 24-d\u0259 is\u0259 M\u0259tbuat \u015euras\u0131 v\u0259 MED\u0130A Agentliyi region medias\u0131n\u0131n inki\u015faf\u0131 il\u0259 ba\u011fl\u0131 m\u00fczakir\u0259l\u0259r apard\u0131. G\u00f6r\u00fc\u015fd\u0259 \u0259sas\u0259n \u00f6lk\u0259mizd\u0259 region medias\u0131n\u0131n haz\u0131rk\u0131 v\u0259ziyy\u0259ti v\u0259 perspektiv inki\u015faf istiqam\u0259tl\u0259ri il\u0259 ba\u011fl\u0131 m\u0259s\u0259l\u0259l\u0259r m\u00fczakir\u0259 olunub. Median\u0131n \u0130nki\u015faf\u0131 Agentliyinin icra\u00e7\u0131 direktoru \u018fhm\u0259d \u0130smay\u0131lov bu g\u00f6r\u00fc\u015fd\u0259 bildirib ki, r\u0259hb\u0259rlik etdiyi qurumun region m\u0259tbuat\u0131n\u0131n n\u00fcmay\u0259nd\u0259l\u0259ri il\u0259 sistemli xarakter da\u015f\u0131yan bel\u0259 g\u00f6r\u00fc\u015fl\u0259rind\u0259n m\u0259qs\u0259d \u0259yal\u0259tl\u0259rd\u0259ki media m\u00fchitinin diaqnostik qiym\u0259tl\u0259ndirm\u0259sini apararaq, bu sah\u0259nin inki\u015faf\u0131na istiqam\u0259tl\u0259n\u0259n add\u0131mlar atmaqd\u0131r.<br \/>\nXat\u0131rlatmaq yerin\u0259 d\u00fc\u015f\u0259rdi ki, 12 oktyabr 2022-ci il tarixind\u0259 Az\u0259rbaycan Respublikas\u0131n\u0131n Median\u0131n \u0130nki\u015faf\u0131 Agentliyi v\u0259 Az\u0259rbaycan M\u0259tbuat \u015euras\u0131 aras\u0131nda \u018fm\u0259kda\u015fl\u0131q Memorandumu imzalan\u0131b. S\u0259n\u0259din imzalanmas\u0131nda m\u0259qs\u0259d h\u0259m d\u0259 media m\u00fchitinin \u015f\u0259ffafla\u015fd\u0131r\u0131lmas\u0131, jurnalistl\u0259rin pe\u015f\u0259karl\u0131\u011f\u0131n\u0131n v\u0259 c\u0259miyy\u0259tin media savadl\u0131l\u0131\u011f\u0131n\u0131n art\u0131r\u0131lmas\u0131, etik davran\u0131\u015f qaydalar\u0131n\u0131n t\u0259tbiqi sah\u0259sind\u0259 prosesl\u0259rin stimulla\u015fd\u0131r\u0131lmas\u0131 v\u0259 bu m\u0259qs\u0259dl\u0259 dig\u0259r f\u0259aliyy\u0259tl\u0259rin koordinasiya edilm\u0259si olmu\u015fdur. N\u0259 dey\u0259k, niyy\u0259tl\u0259r safd\u0131r, birc\u0259 ona qal\u0131r ki, bu niyy\u0259tl\u0259r \u0259m\u0259li i\u015fd\u0259 \u00f6z \u0259ksini taps\u0131n. Rayon q\u0259zetl\u0259rinin v\u0259ziyy\u0259ti g\u00f6z qaba\u011f\u0131ndad\u0131r. Onu t\u0259dqiq etm\u0259k \u00fc\u00e7\u00fcn bel\u0259 uzun yol getm\u0259y\u0259 d\u0259 ehtiyac yoxdur. Biz ne\u00e7\u0259 ill\u0259rdir ki, gec\u0259-g\u00fcnd\u00fcz v\u0259ziyy\u0259timiz haqq\u0131nda h\u0259m yaz\u0131l\u0131, h\u0259m d\u0259 \u015fifahi m\u0259lumat veririk ax\u0131.<br \/>\nM\u0259n bu yaz\u0131m\u0131 \u201cYeni T\u0259rt\u0259r\u201d q\u0259zeti \u00fc\u00e7\u00fcn g\u00f6nd\u0259rdiyimiz t\u0259brikd\u0259n g\u00f6t\u00fcrd\u00fcy\u00fcm abzasla bitirm\u0259k ist\u0259yir\u0259m: \u201dT\u0259rt\u0259r el\u0259 bir yerd\u0259 yerl\u0259\u015fir ki, o i\u015f\u011falda inl\u0259y\u0259n Qaraba\u011f\u0131n s\u0259rh\u0259d n\u00f6qt\u0259si idi. T\u0259rt\u0259rlil\u0259r d\u00fc\u015fm\u0259n qaba\u011f\u0131ndan qa\u00e7mad\u0131lar, d\u00fc\u015fm\u0259nin g\u00fcll\u0259sin\u0259 tu\u015f g\u0259ls\u0259l\u0259r d\u0259, onun bir add\u0131ml\u0131\u011f\u0131nda torpa\u011f\u0131 \u0259kib-bec\u0259rdil\u0259r, q\u0259l\u0259b\u0259y\u0259 olan inam\u0131 ya\u015fatd\u0131lar, yer-yurd sevgisini \u00f6z \u0259m\u0259ll\u0259ri il\u0259 s\u00fcbut etdil\u0259r. B\u00fct\u00fcn bu q\u0259hr\u0259manl\u0131qlar is\u0259 \u201cYeni T\u0259rt\u0259r\u201din s\u0259hif\u0259l\u0259rind\u0259 \u00f6z \u0259ksini tapd\u0131. Q\u0259zet h\u0259r zaman ham\u0131n\u0131 q\u0259l\u0259b\u0259y\u0259 ruhland\u0131rd\u0131, \u00f6l\u00fcm\u00fcn m\u00fcq\u0259dd\u0259s \u0259m\u0259ll\u0259ri, hissl\u0259ri \u00f6ld\u00fcrm\u0259sin\u0259 imkan verm\u0259di. \u0130kinci el\u0259 bir n\u0259\u015fr ola bilm\u0259z ki, \u201cYeni T\u0259rt\u0259r\u201d q\u0259d\u0259r bu i\u015fi s\u0259mimi, d\u0259qiq faktlarla g\u00f6rm\u00fc\u015f olsun. Q\u0259l\u0259b\u0259 Az\u0259rbaycan xalq\u0131na nec\u0259 yara\u015f\u0131rd\u0131 v\u0259 bu q\u0259l\u0259b\u0259d\u0259 T\u0259rt\u0259rin yeri v\u0259 rolu \u00f6l\u00e7\u00fcy\u0259g\u0259lm\u0259zdir.<br \/>\nSon 30 ild\u0259 rayon q\u0259zetl\u0259ri ciddi maliyy\u0259 b\u00f6hran\u0131 ya\u015fasa da, maddi-texniki bazas\u0131 \u00e7ox z\u0259if olsa da, biz, sanki, m\u0259sl\u0259kimiz qar\u015f\u0131s\u0131nda Z\u0259rdabi and\u0131 i\u00e7mi\u015fdik. \u00d6z missiyam\u0131z\u0131 90-a, 100-\u0259 \u00e7atd\u0131ra bildik. Art\u0131q buradan o yanas\u0131 nec\u0259 olacaq, bir Allah bilir. Lakin bildiyim odur ki, n\u0259 q\u0259d\u0259r ki, biz var\u0131q, rayon q\u0259zetl\u0259ri d\u0259 olacaq. He\u00e7 bir yenilik, onlayn media, sosial media bu tarixin \u00fcz\u0259rind\u0259n x\u0259tt \u00e7\u0259k\u0259 bilm\u0259z. Bu, \u015f\u0259r\u0259fl\u0259, minbir \u0259ziyy\u0259tl\u0259 ke\u00e7il\u0259n bir yoldur. Bu, tarixdir, rayonlar\u0131m\u0131z\u0131n salnam\u0259sidir. Saralm\u0131\u015f q\u0259zet qovluqlar\u0131n\u0131n h\u0259r s\u0259hif\u0259si yurdumuzun bir diyar\u0131n\u0131n tarixidir. Onu biz yazm\u0131\u015f\u0131q, biz yaratm\u0131\u015f\u0131q.<br \/>\nBahar\u0131n g\u00fcll\u00fc-\u00e7i\u00e7\u0259kli bir vaxt\u0131nda \u201cYeni T\u0259rt\u0259r\u201dimizin ba\u015f\u0131na topla\u015fmaq, onu bu \u015f\u0259r\u0259fli g\u00fcn\u00fc m\u00fcnasib\u0259til\u0259 t\u0259brik etm\u0259k \u00e7ox q\u00fcrurvericidir&#8230; Ya\u015f\u0131n \u00fcst\u00fcn\u0259 ya\u015f g\u0259lsin ki, T\u0259rt\u0259rin, azad Qaraba\u011f\u0131n, imzalar i\u00e7\u0259risind\u0259 imzas\u0131 olan yurdum-yuvam Az\u0259rbay-can\u0131n bug\u00fcnk\u00fc cah-c\u0259lal\u0131n\u0131 da yaza, tarix \u00fc\u00e7\u00fcn ya\u015fada bil\u0259s\u0259n. 90 ya\u015fl\u0131 q\u0259zetinizin yubileyi m\u00fcbar\u0259k olsun, \u0259ziz h\u0259mkarlar!\u201d<\/p>\n<p style=\"text-align: right;\"><em><strong>Elmira MEHD\u0130YEVA,<\/strong><\/em><br \/>\n<em><strong>\u201cZaqatala\u201d q\u0259zeti redaktorunun<\/strong><\/em><br \/>\n<em><strong>m\u00fcavini, \u018fm\u0259kdar m\u0259d\u0259niyy\u0259t i\u015f\u00e7isi<\/strong><\/em><\/p>\n<p>&nbsp;<\/p>\n","protected":false},"excerpt":{"rendered":"<p>Telefonum z\u0259ng \u00e7al\u0131r. \u201cYeni T\u0259rt\u0259r\u201d q\u0259zetinin redaktoru Svetlana Ba\u011f\u0131rova idi. Bu bar\u0259d\u0259 bir q\u0259d\u0259r sonra s\u00f6z a\u00e7aca\u011f\u0131q&#8230; Median\u0131n \u0130nki\u015faf\u0131 Agentliyinin (M\u0130A) \u00f6t\u0259n ilin son g\u00fcnl\u0259rind\u0259n birind\u0259 media n\u00fcmay\u0259nd\u0259l\u0259rinin, \u0259sas\u0259n d\u0259 region medias\u0131n\u0131n t\u0259msil\u00e7il\u0259rinin \u015eu\u015fa s\u0259h\u0259rin\u0259 t\u0259\u015fkil etdiyi media turu zaman\u0131 rayon q\u0259zetl\u0259rinin redaktorlar\u0131 daha da yax\u0131nla\u015fm\u0131\u015f, \u015eu\u015fa \u015f\u0259h\u0259rind\u0259 xeyli d\u0259rdl\u0259\u015fmi\u015f, d\u00fc\u015fd\u00fcy\u00fcm\u00fcz bu \u00e7\u0131x\u0131lmaz v\u0259ziyy\u0259td\u0259n \u00e7\u0131x\u0131\u015f [&hellip;]<\/p>\n","protected":false},"author":2,"featured_media":0,"comment_status":"closed","ping_status":"closed","sticky":false,"template":"","format":"standard","meta":[],"categories":[10],"tags":[],"_links":{"self":[{"href":"https:\/\/yeniterter.az\/index.php?rest_route=\/wp\/v2\/posts\/27266"}],"collection":[{"href":"https:\/\/yeniterter.az\/index.php?rest_route=\/wp\/v2\/posts"}],"about":[{"href":"https:\/\/yeniterter.az\/index.php?rest_route=\/wp\/v2\/types\/post"}],"author":[{"embeddable":true,"href":"https:\/\/yeniterter.az\/index.php?rest_route=\/wp\/v2\/users\/2"}],"replies":[{"embeddable":true,"href":"https:\/\/yeniterter.az\/index.php?rest_route=%2Fwp%2Fv2%2Fcomments&post=27266"}],"version-history":[{"count":1,"href":"https:\/\/yeniterter.az\/index.php?rest_route=\/wp\/v2\/posts\/27266\/revisions"}],"predecessor-version":[{"id":27268,"href":"https:\/\/yeniterter.az\/index.php?rest_route=\/wp\/v2\/posts\/27266\/revisions\/27268"}],"wp:attachment":[{"href":"https:\/\/yeniterter.az\/index.php?rest_route=%2Fwp%2Fv2%2Fmedia&parent=27266"}],"wp:term":[{"taxonomy":"category","embeddable":true,"href":"https:\/\/yeniterter.az\/index.php?rest_route=%2Fwp%2Fv2%2Fcategories&post=27266"},{"taxonomy":"post_tag","embeddable":true,"href":"https:\/\/yeniterter.az\/index.php?rest_route=%2Fwp%2Fv2%2Ftags&post=27266"}],"curies":[{"name":"wp","href":"https:\/\/api.w.org\/{rel}","templated":true}]}}