{"id":27263,"date":"2024-05-08T10:02:49","date_gmt":"2024-05-08T07:02:49","guid":{"rendered":"https:\/\/yeniterter.az\/?p=27263"},"modified":"2024-05-08T10:02:49","modified_gmt":"2024-05-08T07:02:49","slug":"redaktorlarimiz","status":"publish","type":"post","link":"https:\/\/yeniterter.az\/?p=27263","title":{"rendered":"REDAKTORLARIMIZ"},"content":{"rendered":"<p style=\"text-align: center;\"><strong>VED\u0130BASARDAN BA\u015eLAYAN YOL<\/strong><\/p>\n<p style=\"text-align: center;\"><strong>(Z\u00fclf\u00fcqar F\u0259r\u0259cov)<\/strong><\/p>\n<p><img decoding=\"async\" loading=\"lazy\" class=\" wp-image-27264 alignleft\" src=\"https:\/\/yeniterter.az\/wp-content\/uploads\/Zulfuqar-Ferecov.jpg\" alt=\"\" width=\"102\" height=\"163\" \/>\u00d6z xatir\u0259l\u0259rind\u0259 Z\u00fclf\u00fcqar m\u00fc\u0259llim yaz\u0131r: \u201cM\u0259nim u\u015faql\u0131q vaxtlar\u0131m\u0131n ilk \u00e7a\u011flar\u0131 s\u0259fal\u0131 da\u011flar qoynunda ke\u00e7ib. Bu k\u0259nd ki\u00e7ik olsa da \u00f6z g\u00f6z\u0259llikl\u0259ri il\u0259, s\u0259rin, \u015f\u0131r-\u015f\u0131r axan bulaqlar\u0131, me\u015f\u0259l\u0259ri, dadl\u0131 da\u011f meyv\u0259l\u0259ri, g\u00fcll\u00fc-\u00e7i\u00e7\u0259kli d\u00fczl\u0259ri, bi\u00e7\u0259n\u0259kl\u0259ri il\u0259 m\u0259\u015fhur idi v\u0259 indi d\u0259 m\u0259\u015fhurdur. M\u0259n burada ancaq 6-7 ya\u015f\u0131ma kimi olmu\u015fam. Da\u015fnaklar\u0131n q\u0131r\u011f\u0131n sald\u0131qlar\u0131 ill\u0259rd\u0259 bir \u00e7ox k\u0259ndl\u0259rl\u0259 birlikd\u0259 bizim k\u0259nd d\u0259 yerl\u0259-yeksan edildi, k\u0259ndlil\u0259rin mal-d\u00f6vl\u0259ti talan olundu, evl\u0259ri yand\u0131r\u0131l\u0131b k\u00fcl\u0259 d\u00f6nd\u0259rildi. \u00c7oxlu qocalar, u\u015faqlar h\u0259lak oldu\u201d.<br \/>\nBundan sonra o bildirir ki, 7-8 ya\u015f\u0131nda anas\u0131n\u0131, 9-10 ya\u015fla-r\u0131nda is\u0259 atas\u0131n\u0131 itirib. \u018fvv\u0259l is\u0259 iki bac\u0131s\u0131 v\u0259 bir qarda\u015f\u0131 acl\u0131\u011fa, \u0259ziyy\u0259t\u0259 tab g\u0259tirm\u0259yib \u00f6l\u00fcbl\u0259r.<br \/>\nZ\u00fclf\u00fcqar m\u00fc\u0259llim v\u0259 onun sa\u011f qalan yegan\u0259 bac\u0131s\u0131 bir ne\u00e7\u0259 k\u0259ndlisi il\u0259 bir \u00e7ox yeri g\u0259zib dola\u015fd\u0131qdan sonra Qaraba\u011f\u0131n \u0259n b\u00f6y\u00fck k\u0259ndl\u0259rind\u0259n olan X\u0131nd\u0131r\u0131stan k\u0259ndin\u0259 g\u0259lib \u00e7\u0131x\u0131blar.<br \/>\n\u00c7\u0259kdiyi b\u00fct\u00fcn \u0259zablara baxmayaraq, Z\u00fclf\u00fcqar F\u0259r\u0259cov savad\u0131n\u0131n art\u0131r\u0131lmas\u0131 qay\u011f\u0131s\u0131na qal\u0131b, h\u0259tta 1952-ci ild\u0259 Az\u0259rbaycan KP MK yan\u0131nda ikiillik partiya m\u0259kt\u0259bi yan\u0131nda r\u0259hb\u0259r partiya v\u0259 sovet i\u015f\u00e7il\u0259rini haz\u0131rlayan doqquzayl\u0131q kurslar\u0131 bitirib.<!--more--><br \/>\nBundan sonra Masall\u0131da, Qaxda \u00e7\u0131xan rayon q\u0259zetl\u0259rind\u0259 i\u015fl\u0259yib.<br \/>\n1944-c\u00fc ild\u0259 T\u0259rt\u0259rd\u0259 n\u0259\u015fr olunan \u201cQ\u0131z\u0131l Bayraq\u201d q\u0259zetin\u0259 redaktor t\u0259yin olunub. Bu v\u0259zif\u0259d\u0259 20 il\u0259 yax\u0131n \u00e7al\u0131\u015f\u0131b. H\u0259min ill\u0259rd\u0259 q\u0259zet d\u00f6vr\u00fcn t\u0259l\u0259bl\u0259rin\u0259 uy\u011fun \u00e7\u0131x\u0131rd\u0131.<br \/>\n1960-c\u0131 il 25 aprel tarixind\u0259 q\u0259zetin redaktru Z\u00fclf\u00fcqar Abbas o\u011flu F\u0259r\u0259cov respublikan\u0131n k\u0259nd t\u0259s\u0259rr\u00fcfat\u0131n\u0131n v\u0259 m\u0259d\u0259niyy\u0259tinin inki\u015faf\u0131nda g\u00f6st\u0259rdiyi xidm\u0259tl\u0259rin\u0259 g\u00f6r\u0259 Az\u0259rbaycan SSR Ali Soveti R\u0259yas\u0259t Hey\u0259tinin F\u0259xri F\u0259rman\u0131na layiq g\u00f6r\u00fcl\u00fcb ki, bu da h\u0259m\u00e7inin q\u0259zetimizin i\u015fin\u0259 veril\u0259n qiym\u0259t idi.<br \/>\nZ\u00fclfiqar F\u0259r\u0259cov 59 ya\u015f\u0131nda v\u0259fat edib.<\/p>\n<p style=\"text-align: right;\"><em><strong>\u201cYeni T\u0259rt\u0259r\u201d<\/strong><\/em><\/p>\n","protected":false},"excerpt":{"rendered":"<p>VED\u0130BASARDAN BA\u015eLAYAN YOL (Z\u00fclf\u00fcqar F\u0259r\u0259cov) \u00d6z xatir\u0259l\u0259rind\u0259 Z\u00fclf\u00fcqar m\u00fc\u0259llim yaz\u0131r: \u201cM\u0259nim u\u015faql\u0131q vaxtlar\u0131m\u0131n ilk \u00e7a\u011flar\u0131 s\u0259fal\u0131 da\u011flar qoynunda ke\u00e7ib. Bu k\u0259nd ki\u00e7ik olsa da \u00f6z g\u00f6z\u0259llikl\u0259ri il\u0259, s\u0259rin, \u015f\u0131r-\u015f\u0131r axan bulaqlar\u0131, me\u015f\u0259l\u0259ri, dadl\u0131 da\u011f meyv\u0259l\u0259ri, g\u00fcll\u00fc-\u00e7i\u00e7\u0259kli d\u00fczl\u0259ri, bi\u00e7\u0259n\u0259kl\u0259ri il\u0259 m\u0259\u015fhur idi v\u0259 indi d\u0259 m\u0259\u015fhurdur. M\u0259n burada ancaq 6-7 ya\u015f\u0131ma kimi olmu\u015fam. Da\u015fnaklar\u0131n q\u0131r\u011f\u0131n sald\u0131qlar\u0131 [&hellip;]<\/p>\n","protected":false},"author":2,"featured_media":0,"comment_status":"closed","ping_status":"closed","sticky":false,"template":"","format":"standard","meta":[],"categories":[10],"tags":[],"_links":{"self":[{"href":"https:\/\/yeniterter.az\/index.php?rest_route=\/wp\/v2\/posts\/27263"}],"collection":[{"href":"https:\/\/yeniterter.az\/index.php?rest_route=\/wp\/v2\/posts"}],"about":[{"href":"https:\/\/yeniterter.az\/index.php?rest_route=\/wp\/v2\/types\/post"}],"author":[{"embeddable":true,"href":"https:\/\/yeniterter.az\/index.php?rest_route=\/wp\/v2\/users\/2"}],"replies":[{"embeddable":true,"href":"https:\/\/yeniterter.az\/index.php?rest_route=%2Fwp%2Fv2%2Fcomments&post=27263"}],"version-history":[{"count":1,"href":"https:\/\/yeniterter.az\/index.php?rest_route=\/wp\/v2\/posts\/27263\/revisions"}],"predecessor-version":[{"id":27265,"href":"https:\/\/yeniterter.az\/index.php?rest_route=\/wp\/v2\/posts\/27263\/revisions\/27265"}],"wp:attachment":[{"href":"https:\/\/yeniterter.az\/index.php?rest_route=%2Fwp%2Fv2%2Fmedia&parent=27263"}],"wp:term":[{"taxonomy":"category","embeddable":true,"href":"https:\/\/yeniterter.az\/index.php?rest_route=%2Fwp%2Fv2%2Fcategories&post=27263"},{"taxonomy":"post_tag","embeddable":true,"href":"https:\/\/yeniterter.az\/index.php?rest_route=%2Fwp%2Fv2%2Ftags&post=27263"}],"curies":[{"name":"wp","href":"https:\/\/api.w.org\/{rel}","templated":true}]}}