{"id":27257,"date":"2024-05-08T09:45:02","date_gmt":"2024-05-08T06:45:02","guid":{"rendered":"https:\/\/yeniterter.az\/?p=27257"},"modified":"2024-05-08T09:45:02","modified_gmt":"2024-05-08T06:45:02","slug":"ictimai-muxbirl%c9%99rimiz","status":"publish","type":"post","link":"https:\/\/yeniterter.az\/?p=27257","title":{"rendered":"\u0130ctimai m\u00fcxbirl\u0259rimiz"},"content":{"rendered":"<p style=\"text-align: center;\"><span style=\"font-size: 14pt;\"><strong>T\u018fRT\u018fR\u0130N F\u018fDA\u0130S\u0130<\/strong><\/span><\/p>\n<p><img decoding=\"async\" loading=\"lazy\" class=\" wp-image-27258 alignright\" src=\"https:\/\/yeniterter.az\/wp-content\/uploads\/111-8-200x300.jpg\" alt=\"\" width=\"127\" height=\"191\" srcset=\"https:\/\/yeniterter.az\/wp-content\/uploads\/111-8-200x300.jpg 200w, https:\/\/yeniterter.az\/wp-content\/uploads\/111-8.jpg 585w\" sizes=\"(max-width: 127px) 100vw, 127px\" \/>Q\u0259dim Qaraba\u011f\u0131n m\u0259rk\u0259zind\u0259 T\u0259rt\u0259r \u00e7ay\u0131n\u0131n sa\u011f v\u0259 sol sahilind\u0259 yerl\u0259\u015f\u0259n T\u0259rt\u0259rin yetirdiyi, Az\u0259rbaycan xalq\u0131n\u0131n indiki v\u0259 g\u0259l\u0259c\u0259k n\u0259sill\u0259r\u0259 n\u00fcmun\u0259 olacaq \u015f\u0259xsiyy\u0259tl\u0259ri aras\u0131nda \u0130mamqulu \u018fkb\u0259r o\u011flu S\u00fcleymanovun x\u00fcsusi yeri vard\u0131r. O, 1916-c\u0131 ild\u0259 T\u0259rt\u0259r rayonunun (Cavan\u015fir q\u0259zas\u0131) D\u00fcy\u0259rli k\u0259ndind\u0259 anadan olmu\u015fdur. Atas\u0131n\u0131 erk\u0259n itir\u0259n \u0130mamqulu b\u00f6y\u00fck qarda\u015f\u0131 Qulu \u018fkb\u0259r o\u011flunun v\u0259 anas\u0131 H\u0259c\u0259r t\u0259bi\u0259tli G\u00fcll\u00fc n\u0259n\u0259nin t\u0259rbiy\u0259si il\u0259 b\u00f6y\u00fcm\u00fc\u015f v\u0259 t\u0259hsil alm\u0131\u015fd\u0131r.<br \/>\n2000-ci ild\u0259 F\u0259rman T\u0259rt\u0259rlinin \u201cOzan\u201d n\u0259\u015friyyat\u0131 t\u0259r\u0259find\u0259n n\u0259\u015fr olunmu\u015f \u201cQ\u0259hr\u0259man T\u0259rt\u0259r\u201d kitab\u0131nda \u201cXatir\u0259l\u0259rd\u0259 ya\u015fayan el a\u011fsaqqal\u0131\u201d yaz\u0131s\u0131nda \u0130mamqulu \u018fkb\u0259r o\u011flu bel\u0259 xarakteriz\u0259 olunur: \u201cEl aras\u0131nda h\u0259qiq\u0259tp\u0259r\u0259stliyi, s\u0259mimiyy\u0259ti, i\u015fg\u00fczarl\u0131\u011f\u0131, t\u0259\u015fkilat\u00e7\u0131l\u0131q bacar\u0131\u011f\u0131 il\u0259 se\u00e7il\u0259n v\u0259 b\u00fc-t\u00fcn Qaraba\u011fda b\u00f6y\u00fck h\u00f6rm\u0259t\u0259 malik a\u011fsaqqal idi \u0130mamqulu \u018fkb\u0259r o\u011flu\u201d.<br \/>\n1936-1939-cu ill\u0259rd\u0259 A\u011fdam k\u0259nd t\u0259s\u0259rr\u00fcfat\u0131n\u0131n mexanikl\u0259\u015fdirilm\u0259si texnikumunda t\u0259hsil alm\u0131\u015f, texnikumu m\u00fcv\u0259ff\u0259qiyy\u0259tl\u0259 bitirmi\u015fdir.<br \/>\n1939-1942-ci ill\u0259rd\u0259 T\u0259rt\u0259r rayon komsomol komit\u0259sinin birinci katibi v\u0259zif\u0259sind\u0259 i\u015fl\u0259diyi d\u00f6vrd\u0259 bir \u00e7ox g\u0259ncin formala\u015fmas\u0131na,onlar\u0131n Bak\u0131da t\u0259hsil almalar\u0131na g\u00f6nd\u0259ri\u015f v\u0259 z\u0259man\u0259t verilm\u0259sini b\u00f6y\u00fck h\u0259v\u0259sl\u0259 t\u0259min ed\u0259rdi.<br \/>\nAkademik Vahid Hac\u0131yev 1997-ci ild\u0259 Bak\u0131 D\u00f6vl\u0259t Universitetinin rektoru professor Misir M\u0259rdanovun i\u015f ota\u011f\u0131nda m\u0259ni g\u00f6r\u0259rk\u0259n (o vaxt m\u0259n rektorun k\u00f6m\u0259k\u00e7isi v\u0259 magistratura pill\u0259sinin r\u0259hb\u0259ri v\u0259zif\u0259sini yerin\u0259 yetirirdim) x\u00fcsusi pafosla demi\u015fdir: \u201cAtan\u0131z m\u0259n\u0259 v\u0259 professor Seyf\u0259ddin Q\u0259ndilova T\u0259rt\u0259r \u015f\u0259h\u0259r 1 \u2116-li orta m\u0259kt\u0259bd\u0259 t\u0259hsil alark\u0259n 1942-ci ild\u0259 komsomol bileti t\u0259qdim etmi\u015f, \u00e7ox cavan olmas\u0131na baxmayaraq v\u0259t\u0259np\u0259rv\u0259rlik m\u00f6vzusunda maraql\u0131 t\u00f6vsiy\u0259l\u0259r vermi\u015fdir. H\u0259m d\u0259 biz\u0259 h\u0259diyy\u0259 t\u0259qdim etmi\u015f v\u0259 demi\u015fdir: <!--more-->\u201cEviniz\u0259 apar\u0131b anan\u0131za g\u00f6st\u0259r\u0259rsiz\u201d.<br \/>\n1942-1945-ci ill\u0259rd\u0259 \u00f6z \u0259riz\u0259si il\u0259 orduya yaz\u0131lm\u0131\u015f v\u0259 II D\u00fcnya m\u00fcharib\u0259si c\u0259bh\u0259l\u0259rind\u0259 alman fa\u015fizmin\u0259 qar\u015f\u0131 m\u00fcbariz\u0259d\u0259 f\u0259al i\u015ftirak etmi\u015f, d\u0259f\u0259l\u0259rl\u0259 yaralanm\u0131\u015f v\u0259 v\u0259t\u0259n\u0259 ikinci d\u0259r\u0259c\u0259li m\u00fcharib\u0259 \u0259lili kimi qay\u0131tm\u0131\u015fd\u0131r. M\u00fcharib\u0259d\u0259ki xidm\u0259tin\u0259 g\u00f6r\u0259 \u0130mamqulu \u018fkb\u0259r o\u011flu 15 D\u00f6vl\u0259t ordeni v\u0259 medallar\u0131 il\u0259 t\u0259ltif olunmu\u015fdur.<br \/>\nHeyd\u0259r \u018fliyev Fondu t\u0259r\u0259find\u0259n n\u0259\u015fr edilmi\u015f, II D\u00fcnya m\u00fcharib\u0259sind\u0259 i\u015ftirak ed\u0259n Az\u0259rbaycan o\u011fullar\u0131n\u0131n \u0259ziz xatir\u0259sin\u0259 h\u0259sr olunmu\u015f 50 cildd\u0259n ibar\u0259t \u201cXatir\u0259l\u0259r\u201d kitab\u0131nda alt\u0131 y\u00fcz \u00fc\u00e7 min az\u0259rbaycanl\u0131 o\u011fullar\u0131 v\u0259 q\u0131zlar\u0131n\u0131n siyah\u0131s\u0131nda II D\u00fcnya m\u00fcharib\u0259sinin Qazisi kimi atam\u0131n da ad\u0131 vard\u0131r.<br \/>\n1945-ci ild\u0259n T\u0259rt\u0259r Rayon Partiya Komit\u0259sind\u0259 \u015f\u00f6b\u0259 m\u00fcdiri, uzun m\u00fcdd\u0259t is\u0259 Qapanl\u0131, Seydimli v\u0259 S\u0259hl\u0259bad k\u0259nd sovetl\u0259rinin s\u0259dri, T\u0259rt\u0259r K\u0259nd T\u0259s\u0259rr\u00fcfat\u0131 Texnika Birliyinin ilk partiya t\u0259\u015fkilat\u0131n\u0131n katibi, Texnika Birliyinin m\u00fcdiri v\u0259zif\u0259sind\u0259 i\u015fl\u0259mi\u015fdir. H\u0259yat\u0131 boyu tutdu\u011fu b\u00fct\u00fcn v\u0259zif\u0259l\u0259rd\u0259 i\u015fl\u0259diyi zaman \u201c\u0259l tutmaq \u018flid\u0259n qal\u0131b\u201d amal\u0131 il\u0259 h\u0259r k\u0259s\u0259 v\u0259 ham\u0131ya yax\u015f\u0131l\u0131q etm\u0259yi \u0259n b\u00f6y\u00fck varl\u0131q hesab etmi\u015fdir.<br \/>\nRespublikam\u0131zda v\u0259 ke\u00e7mi\u015f ittifaqda tan\u0131nm\u0131\u015f memar v\u0259 g\u00f6rk\u0259mli ictimai xadim \u018fli\u015f L\u0259nb\u0259ranski t\u0259yinatla T\u0259rt\u0259r rayonuna g\u0259lmi\u015f v\u0259 \u015f\u0259h\u0259rin memar\u0131 kimi \u0259m\u0259k f\u0259aliyy\u0259tin\u0259 ba\u015flayandan atamla s\u0259mimi dostluq etmi\u015f v\u0259 bu dostluq \u00f6m\u00fcrl\u0259rinin ax\u0131r\u0131nad\u0259k davam etmi\u015fdir.<br \/>\n1947-1949-cu ill\u0259rd\u0259 Bak\u0131 Ali Partiya m\u0259kt\u0259bind\u0259 t\u0259hsil alm\u0131\u015f, rayona qay\u0131td\u0131qdan sonra \u00f6mr\u00fcn\u00fcn sonunad\u0259k tutdu\u011fu v\u0259zif\u0259l\u0259rl\u0259 yana\u015f\u0131, rayonun ictimai h\u0259yat\u0131nda da bir a\u011fsaqqal kimi f\u0259al olmu\u015fdur.<br \/>\n1948-1953-c\u00fc ill\u0259rd\u0259 Q\u0259rbi Az\u0259rbaycandan m\u00fcxt\u0259lif b\u0259han\u0259l\u0259rl\u0259 Az\u0259rbaycana k\u00f6\u00e7\u00fcr\u00fclm\u00fc\u015f soyda\u015flar\u0131m\u0131z\u0131 yerl\u0259\u015fdirm\u0259 komissiyas\u0131n\u0131n T\u0259rt\u0259r rayonu \u00fczr\u0259 s\u0259dri olan atam h\u0259mi\u015f\u0259 bu bar\u0259d\u0259 dan\u0131\u015far, zaman ke\u00e7dikc\u0259 Q\u0259rbi Az\u0259rbaycanl\u0131lar\u0131n t\u0259rt\u0259rlil\u0259rl\u0259 qaynay\u0131b-qar\u0131\u015fmas\u0131ndan, qohumluqlar\u0131ndan h\u0259v\u0259sl\u0259 b\u0259hs ed\u0259rdi.<br \/>\nTan\u0131nm\u0131\u015f jurnalist V\u0259li \u0130lyasovun 2002-ci ild\u0259 Az\u0259rbaycan n\u0259\u015friyyat\u0131 t\u0259r\u0259find\u0259n \u00e7ap olunmu\u015f \u201cT\u0259rt\u0259r m\u0259nim qalamd\u0131r\u201d kitab\u0131nda \u201cKamil t\u0259\u015fkilat\u00e7\u0131\u201d yaz\u0131s\u0131nda x\u00fcsusi olaraq vur\u011fulay\u0131r. \u201c\u0130mamqulu \u0259mi \u201cQ\u0131z\u0131l bayraq\u201d q\u0259zetinin ictimai \u0259saslarla m\u00fcxbiri kimi redaksiya il\u0259 s\u0131x \u0259m\u0259kda\u015fl\u0131q edir, q\u0259zet s\u0259hif\u0259l\u0259rind\u0259 tez-tez publisistik m\u0259qal\u0259l\u0259ri il\u0259 \u00e7\u0131x\u0131\u015f edirdi. G\u0259ncl\u0259r sa\u00e7lar\u0131 qar kimi a\u011f, c\u0259sar\u0259tli v\u0259 iti bax\u0131\u015fl\u0131, sin\u0259si orden-medallarla dolu olan bu m\u00fcdrik a\u011fsaqqal\u0131 daha \u00e7ox sevir, a\u011f\u0131ll\u0131 m\u0259sl\u0259h\u0259tl\u0259rin\u0259, \u015firin s\u00f6hb\u0259tl\u0259rin\u0259 ehtiyac duyurdular. \u015e\u0259xsiyy\u0259ti b\u00fct\u00f6v olan \u0130mamqulu \u0259mid\u0259 az\u0259rbaycanl\u0131 ki\u015fisinin b\u00fct\u00fcn keyfiyy\u0259tl\u0259ri c\u0259ml\u0259\u015fmi\u015fdi\u201d.<br \/>\nF\u0259rman T\u0259rt\u0259rli \u201cQ\u0259hr\u0259man T\u0259rt\u0259r\u201d kitab\u0131nda b\u00f6y\u00fck r\u0259\u011fb\u0259tl\u0259 g\u00f6st\u0259rir ki, \u0130mamqulu \u018fkb\u0259r o\u011flu \u201c50 ild\u0259n \u00e7ox bir m\u00fcdd\u0259td\u0259 T\u0259rt\u0259r rayonunun \u00e7oxtirajl\u0131 q\u0259zetind\u0259 v\u0259 respublikan\u0131n d\u00f6vri m\u0259tbuat s\u0259hif\u0259l\u0259rind\u0259 \u0259d\u0259bi-b\u0259dii, publisistik v\u0259 s\u0259n\u0259dli o\u00e7erkl\u0259ri il\u0259 \u00e7\u0131x\u0131\u015f etmi\u015fdir. M\u00fcdrik a\u011fsaqqal \u0130mamqulu \u018fkb\u0259r o\u011flu h\u0259m d\u0259 yax\u015f\u0131 ail\u0259 ba\u015f\u00e7\u0131s\u0131 idi. O, doqquz \u00f6vlad b\u00f6y\u00fctm\u00fc\u015f v\u0259 onlara h\u0259yat v\u0259siq\u0259si vermi\u015f, savadl\u0131, ixtisasl\u0131 m\u00fct\u0259x\u0259ssisl\u0259r kimi xalq\u0131m\u0131za xidm\u0259t etm\u0259yi \u00f6yr\u0259tmi\u015fdir\u201d.<br \/>\nDoqquz \u00f6vlad, 25 n\u0259v\u0259 v\u0259 yeddi n\u0259tic\u0259si olan \u0130mamqulu \u018fkb\u0259r o\u011flu onlarla f\u0259xr edirdi. El a\u011fsaqqal\u0131 1998-ci ilin iyun ay\u0131nda do\u011fma D\u00fcy\u0259rli k\u0259ndind\u0259 d\u00fcnyas\u0131n\u0131 d\u0259yi\u015fmi\u015fdir.<br \/>\n<strong>RUHU \u015eAD OLSUN!<\/strong><\/p>\n<p style=\"text-align: right;\"><em><strong>Rasim S\u00dcLEYMANOV <\/strong><\/em><br \/>\n<em><strong>Bak\u0131 D\u00f6vl\u0259t Universitetinin dosenti, <\/strong><\/em><br \/>\n<em><strong>filologiya \u00fczr\u0259 f\u0259ls\u0259f\u0259 doktoru<\/strong><\/em><\/p>\n","protected":false},"excerpt":{"rendered":"<p>T\u018fRT\u018fR\u0130N F\u018fDA\u0130S\u0130 Q\u0259dim Qaraba\u011f\u0131n m\u0259rk\u0259zind\u0259 T\u0259rt\u0259r \u00e7ay\u0131n\u0131n sa\u011f v\u0259 sol sahilind\u0259 yerl\u0259\u015f\u0259n T\u0259rt\u0259rin yetirdiyi, Az\u0259rbaycan xalq\u0131n\u0131n indiki v\u0259 g\u0259l\u0259c\u0259k n\u0259sill\u0259r\u0259 n\u00fcmun\u0259 olacaq \u015f\u0259xsiyy\u0259tl\u0259ri aras\u0131nda \u0130mamqulu \u018fkb\u0259r o\u011flu S\u00fcleymanovun x\u00fcsusi yeri vard\u0131r. O, 1916-c\u0131 ild\u0259 T\u0259rt\u0259r rayonunun (Cavan\u015fir q\u0259zas\u0131) D\u00fcy\u0259rli k\u0259ndind\u0259 anadan olmu\u015fdur. Atas\u0131n\u0131 erk\u0259n itir\u0259n \u0130mamqulu b\u00f6y\u00fck qarda\u015f\u0131 Qulu \u018fkb\u0259r o\u011flunun v\u0259 anas\u0131 H\u0259c\u0259r t\u0259bi\u0259tli [&hellip;]<\/p>\n","protected":false},"author":2,"featured_media":0,"comment_status":"closed","ping_status":"closed","sticky":false,"template":"","format":"standard","meta":[],"categories":[10],"tags":[],"_links":{"self":[{"href":"https:\/\/yeniterter.az\/index.php?rest_route=\/wp\/v2\/posts\/27257"}],"collection":[{"href":"https:\/\/yeniterter.az\/index.php?rest_route=\/wp\/v2\/posts"}],"about":[{"href":"https:\/\/yeniterter.az\/index.php?rest_route=\/wp\/v2\/types\/post"}],"author":[{"embeddable":true,"href":"https:\/\/yeniterter.az\/index.php?rest_route=\/wp\/v2\/users\/2"}],"replies":[{"embeddable":true,"href":"https:\/\/yeniterter.az\/index.php?rest_route=%2Fwp%2Fv2%2Fcomments&post=27257"}],"version-history":[{"count":1,"href":"https:\/\/yeniterter.az\/index.php?rest_route=\/wp\/v2\/posts\/27257\/revisions"}],"predecessor-version":[{"id":27259,"href":"https:\/\/yeniterter.az\/index.php?rest_route=\/wp\/v2\/posts\/27257\/revisions\/27259"}],"wp:attachment":[{"href":"https:\/\/yeniterter.az\/index.php?rest_route=%2Fwp%2Fv2%2Fmedia&parent=27257"}],"wp:term":[{"taxonomy":"category","embeddable":true,"href":"https:\/\/yeniterter.az\/index.php?rest_route=%2Fwp%2Fv2%2Fcategories&post=27257"},{"taxonomy":"post_tag","embeddable":true,"href":"https:\/\/yeniterter.az\/index.php?rest_route=%2Fwp%2Fv2%2Ftags&post=27257"}],"curies":[{"name":"wp","href":"https:\/\/api.w.org\/{rel}","templated":true}]}}