{"id":27253,"date":"2024-05-08T09:25:23","date_gmt":"2024-05-08T06:25:23","guid":{"rendered":"https:\/\/yeniterter.az\/?p=27253"},"modified":"2024-05-08T09:25:23","modified_gmt":"2024-05-08T06:25:23","slug":"v%c9%99t%c9%99n-muharib%c9%99si-q%c9%99hr%c9%99mani-s%c9%99hid-anar-%c9%99liyevin-atasi-il%c9%99-gorus","status":"publish","type":"post","link":"https:\/\/yeniterter.az\/?p=27253","title":{"rendered":"V\u0259t\u0259n M\u00fcharib\u0259si Q\u0259hr\u0259man\u0131 \u015f\u0259hid Anar \u018fliyevin atas\u0131 il\u0259 g\u00f6r\u00fc\u015f"},"content":{"rendered":"<p><img decoding=\"async\" loading=\"lazy\" class=\" wp-image-27254 alignleft\" src=\"https:\/\/yeniterter.az\/wp-content\/uploads\/333333333-300x169.jpg\" alt=\"\" width=\"215\" height=\"121\" srcset=\"https:\/\/yeniterter.az\/wp-content\/uploads\/333333333-300x169.jpg 300w, https:\/\/yeniterter.az\/wp-content\/uploads\/333333333-1024x576.jpg 1024w, https:\/\/yeniterter.az\/wp-content\/uploads\/333333333-768x432.jpg 768w, https:\/\/yeniterter.az\/wp-content\/uploads\/333333333.jpg 1280w\" sizes=\"(max-width: 215px) 100vw, 215px\" \/><img decoding=\"async\" loading=\"lazy\" class=\" wp-image-27255 alignleft\" src=\"https:\/\/yeniterter.az\/wp-content\/uploads\/2222222222-300x169.jpg\" alt=\"\" width=\"217\" height=\"122\" srcset=\"https:\/\/yeniterter.az\/wp-content\/uploads\/2222222222-300x169.jpg 300w, https:\/\/yeniterter.az\/wp-content\/uploads\/2222222222-1024x576.jpg 1024w, https:\/\/yeniterter.az\/wp-content\/uploads\/2222222222-768x432.jpg 768w, https:\/\/yeniterter.az\/wp-content\/uploads\/2222222222.jpg 1280w\" sizes=\"(max-width: 217px) 100vw, 217px\" \/>\u015e\u0259h\u0259r 1 sayl\u0131 tam orta m\u0259kt\u0259bind\u0259 X \u201ca\u201d sinfi Nax\u00e7\u0131van \u018flahidd\u0259 \u00dcmumqo\u015fun Ordusunun X\u00fcsusi T\u0259yinatl\u0131 B\u00f6lm\u0259sinin komandiri, ikinci Qaraba\u011f m\u00fcharib\u0259si \u015f\u0259hidi, V\u0259t\u0259n M\u00fcharib\u0259si Q\u0259hr\u0259man\u0131 Anar Vaqif o\u011flu \u018fliyevin ad\u0131n\u0131 da\u015f\u0131y\u0131r. Sinifd\u0259 Az\u0259rbaycan\u0131n igid o\u011flunun \u0259ziz xatir\u0259sin\u0259 h\u0259sr olunmu\u015f gu\u015f\u0259 yarad\u0131l\u0131b. Gu\u015f\u0259d\u0259 \u015f\u0259hid polkovnik-leytenant Anar \u018fliyev\u0259 v\u0259 torpaqlar\u0131m\u0131z\u0131n b\u00fct\u00f6vl\u00fcy\u00fc u\u011frunda canlar\u0131n\u0131 f\u0259da etmi\u015f b\u00fct\u00fcn \u015f\u0259hidl\u0259rimiz\u0259 h\u0259sr olunmu\u015f kitablar, \u015f\u0259kill\u0259r v\u0259 dig\u0259r s\u0259n\u0259dl\u0259r toplan\u0131b.<br \/>\nX \u201ca\u201d sinfinin r\u0259hb\u0259ri Kifay\u0259t H\u00fcseynova deyir:<br \/>\n\u2013 \u015e\u0259hidl\u0259r bizim q\u00fcrur yerimiz, f\u0259xrimizdir. Onlar\u0131n h\u0259yat yolu, V\u0259t\u0259n sevgisi \u015fagirdl\u0259rin t\u0259rbiy\u0259sind\u0259, d\u00fcnyag\u00f6r\u00fc\u015fl\u0259rinin formala\u015fmas\u0131nda m\u00fch\u00fcm rol oynay\u0131r. Bu yax\u0131nlarda sinfimizd\u0259 Anar \u018fliyevin atas\u0131 Vaqif \u018fliyevl\u0259 unudulmaz g\u00f6r\u00fc\u015f ke\u00e7irdik. M\u0259kt\u0259b r\u0259hb\u0259rliyinin v\u0259 h\u00f6rm\u0259tli qazil\u0259rimizin i\u015ftirak\u0131 il\u0259 ke\u00e7iril\u0259n bu g\u00f6r\u00fc\u015fd\u0259n h\u0259r birimiz \u00e7ox t\u0259sirl\u0259ndik.<br \/>\nH\u0259min g\u00f6r\u00fc\u015f zaman\u0131 u\u015faqlar Az\u0259rbaycan\u0131n xo\u015fb\u0259xt g\u0259l\u0259c\u0259yi, suverenliyi u\u011frunda canlar\u0131\u0131ndan, sa\u011flaml\u0131qlar\u0131ndan ke\u00e7\u0259n o\u011fullar\u0131m\u0131za h\u0259sr olunan \u015feirl\u0259r s\u00f6yl\u0259dil\u0259r, mahn\u0131lar oxudular.<br \/>\nM\u0259kt\u0259bin direktoru Amil H\u00fcseynov bildirdi ki, \u015f\u0259hidl\u0259r he\u00e7 zaman unudulmur, onlar\u0131n \u0259ziz xatir\u0259si h\u0259r birimizin, o c\u00fcml\u0259d\u0259n b\u00f6y\u00fcy\u0259n g\u0259nc n\u0259slin q\u0259lbind\u0259 \u0259b\u0259di ya\u015fay\u0131r.<\/p>\n<p style=\"text-align: right;\"><em><strong>\u201cYeni T\u0259rt\u0259r\u201d<\/strong><\/em><\/p>\n<p>&nbsp;<\/p>\n","protected":false},"excerpt":{"rendered":"<p>\u015e\u0259h\u0259r 1 sayl\u0131 tam orta m\u0259kt\u0259bind\u0259 X \u201ca\u201d sinfi Nax\u00e7\u0131van \u018flahidd\u0259 \u00dcmumqo\u015fun Ordusunun X\u00fcsusi T\u0259yinatl\u0131 B\u00f6lm\u0259sinin komandiri, ikinci Qaraba\u011f m\u00fcharib\u0259si \u015f\u0259hidi, V\u0259t\u0259n M\u00fcharib\u0259si Q\u0259hr\u0259man\u0131 Anar Vaqif o\u011flu \u018fliyevin ad\u0131n\u0131 da\u015f\u0131y\u0131r. Sinifd\u0259 Az\u0259rbaycan\u0131n igid o\u011flunun \u0259ziz xatir\u0259sin\u0259 h\u0259sr olunmu\u015f gu\u015f\u0259 yarad\u0131l\u0131b. Gu\u015f\u0259d\u0259 \u015f\u0259hid polkovnik-leytenant Anar \u018fliyev\u0259 v\u0259 torpaqlar\u0131m\u0131z\u0131n b\u00fct\u00f6vl\u00fcy\u00fc u\u011frunda canlar\u0131n\u0131 f\u0259da etmi\u015f b\u00fct\u00fcn \u015f\u0259hidl\u0259rimiz\u0259 h\u0259sr [&hellip;]<\/p>\n","protected":false},"author":2,"featured_media":0,"comment_status":"closed","ping_status":"closed","sticky":false,"template":"","format":"standard","meta":[],"categories":[10],"tags":[],"_links":{"self":[{"href":"https:\/\/yeniterter.az\/index.php?rest_route=\/wp\/v2\/posts\/27253"}],"collection":[{"href":"https:\/\/yeniterter.az\/index.php?rest_route=\/wp\/v2\/posts"}],"about":[{"href":"https:\/\/yeniterter.az\/index.php?rest_route=\/wp\/v2\/types\/post"}],"author":[{"embeddable":true,"href":"https:\/\/yeniterter.az\/index.php?rest_route=\/wp\/v2\/users\/2"}],"replies":[{"embeddable":true,"href":"https:\/\/yeniterter.az\/index.php?rest_route=%2Fwp%2Fv2%2Fcomments&post=27253"}],"version-history":[{"count":1,"href":"https:\/\/yeniterter.az\/index.php?rest_route=\/wp\/v2\/posts\/27253\/revisions"}],"predecessor-version":[{"id":27256,"href":"https:\/\/yeniterter.az\/index.php?rest_route=\/wp\/v2\/posts\/27253\/revisions\/27256"}],"wp:attachment":[{"href":"https:\/\/yeniterter.az\/index.php?rest_route=%2Fwp%2Fv2%2Fmedia&parent=27253"}],"wp:term":[{"taxonomy":"category","embeddable":true,"href":"https:\/\/yeniterter.az\/index.php?rest_route=%2Fwp%2Fv2%2Fcategories&post=27253"},{"taxonomy":"post_tag","embeddable":true,"href":"https:\/\/yeniterter.az\/index.php?rest_route=%2Fwp%2Fv2%2Ftags&post=27253"}],"curies":[{"name":"wp","href":"https:\/\/api.w.org\/{rel}","templated":true}]}}