{"id":27250,"date":"2024-05-08T09:18:05","date_gmt":"2024-05-08T06:18:05","guid":{"rendered":"https:\/\/yeniterter.az\/?p=27250"},"modified":"2024-05-08T09:18:05","modified_gmt":"2024-05-08T06:18:05","slug":"t%c9%99rt%c9%99rin-ovladlari-q%c9%99hr%c9%99man-atalarina-layiq-boyuyurl%c9%99r","status":"publish","type":"post","link":"https:\/\/yeniterter.az\/?p=27250","title":{"rendered":"T\u0259rt\u0259rin \u00f6vladlar\u0131 q\u0259hr\u0259man  atalar\u0131na layiq b\u00f6y\u00fcy\u00fcrl\u0259r"},"content":{"rendered":"<p><img decoding=\"async\" loading=\"lazy\" class=\" wp-image-27251 alignright\" src=\"https:\/\/yeniterter.az\/wp-content\/uploads\/TIH_5889-300x200.jpg\" alt=\"\" width=\"155\" height=\"103\" srcset=\"https:\/\/yeniterter.az\/wp-content\/uploads\/TIH_5889-300x200.jpg 300w, https:\/\/yeniterter.az\/wp-content\/uploads\/TIH_5889-768x512.jpg 768w, https:\/\/yeniterter.az\/wp-content\/uploads\/TIH_5889.jpg 1000w\" sizes=\"(max-width: 155px) 100vw, 155px\" \/>\u015e\u0259h\u0259r 5 sayl\u0131 u\u015faq ba\u011f\u00e7as\u0131n\u0131n yetirm\u0259l\u0259rinin q\u0259zetimizin 90 illik yubileyind\u0259ki \u00e7\u0131x\u0131\u015f\u0131 h\u0259r k\u0259sd\u0259 xo\u015f duy\u011fular oyatd\u0131.Y\u0259qin bu u\u015faqlar da h\u0259min \u00e7\u0131x\u0131\u015flar\u0131n\u0131 uzun m\u00fcdd\u0259t unutmayacaq v\u0259 xo\u015f xatir\u0259 kimi ya\u015fadacaqlar. Ax\u0131, u\u015faqlar g\u0259l\u0259c\u0259y\u0259 yaln\u0131z yax\u015f\u0131 xatir\u0259l\u0259ri apar\u0131rlar.<br \/>\nQ\u0259hr\u0259man T\u0259rt\u0259rin \u00f6vladlar\u0131 q\u0259hr\u0259man atalar\u0131na layiq b\u00f6y\u00fcy\u00fcrl\u0259r.<br \/>\nG\u00f6z\u0259l t\u0259brik\u0259 g\u00f6r\u0259 q\u0259zetimizin \u0259m\u0259kda\u015flar\u0131 ad\u0131ndan 5 sayl\u0131 ba\u011f\u00e7an\u0131n\u0131 kollektivin\u0259 t\u0259\u015f\u0259kk\u00fcr\u00fcm\u00fcz\u00fc bildiririk.<\/p>\n<p style=\"text-align: right;\"><em><strong>\u201cYeni T\u0259rt\u0259r\u201d<\/strong><\/em><\/p>\n","protected":false},"excerpt":{"rendered":"<p>\u015e\u0259h\u0259r 5 sayl\u0131 u\u015faq ba\u011f\u00e7as\u0131n\u0131n yetirm\u0259l\u0259rinin q\u0259zetimizin 90 illik yubileyind\u0259ki \u00e7\u0131x\u0131\u015f\u0131 h\u0259r k\u0259sd\u0259 xo\u015f duy\u011fular oyatd\u0131.Y\u0259qin bu u\u015faqlar da h\u0259min \u00e7\u0131x\u0131\u015flar\u0131n\u0131 uzun m\u00fcdd\u0259t unutmayacaq v\u0259 xo\u015f xatir\u0259 kimi ya\u015fadacaqlar. Ax\u0131, u\u015faqlar g\u0259l\u0259c\u0259y\u0259 yaln\u0131z yax\u015f\u0131 xatir\u0259l\u0259ri apar\u0131rlar. Q\u0259hr\u0259man T\u0259rt\u0259rin \u00f6vladlar\u0131 q\u0259hr\u0259man atalar\u0131na layiq b\u00f6y\u00fcy\u00fcrl\u0259r. G\u00f6z\u0259l t\u0259brik\u0259 g\u00f6r\u0259 q\u0259zetimizin \u0259m\u0259kda\u015flar\u0131 ad\u0131ndan 5 sayl\u0131 ba\u011f\u00e7an\u0131n\u0131 kollektivin\u0259 t\u0259\u015f\u0259kk\u00fcr\u00fcm\u00fcz\u00fc bildiririk. [&hellip;]<\/p>\n","protected":false},"author":2,"featured_media":0,"comment_status":"closed","ping_status":"closed","sticky":false,"template":"","format":"standard","meta":[],"categories":[10],"tags":[],"_links":{"self":[{"href":"https:\/\/yeniterter.az\/index.php?rest_route=\/wp\/v2\/posts\/27250"}],"collection":[{"href":"https:\/\/yeniterter.az\/index.php?rest_route=\/wp\/v2\/posts"}],"about":[{"href":"https:\/\/yeniterter.az\/index.php?rest_route=\/wp\/v2\/types\/post"}],"author":[{"embeddable":true,"href":"https:\/\/yeniterter.az\/index.php?rest_route=\/wp\/v2\/users\/2"}],"replies":[{"embeddable":true,"href":"https:\/\/yeniterter.az\/index.php?rest_route=%2Fwp%2Fv2%2Fcomments&post=27250"}],"version-history":[{"count":1,"href":"https:\/\/yeniterter.az\/index.php?rest_route=\/wp\/v2\/posts\/27250\/revisions"}],"predecessor-version":[{"id":27252,"href":"https:\/\/yeniterter.az\/index.php?rest_route=\/wp\/v2\/posts\/27250\/revisions\/27252"}],"wp:attachment":[{"href":"https:\/\/yeniterter.az\/index.php?rest_route=%2Fwp%2Fv2%2Fmedia&parent=27250"}],"wp:term":[{"taxonomy":"category","embeddable":true,"href":"https:\/\/yeniterter.az\/index.php?rest_route=%2Fwp%2Fv2%2Fcategories&post=27250"},{"taxonomy":"post_tag","embeddable":true,"href":"https:\/\/yeniterter.az\/index.php?rest_route=%2Fwp%2Fv2%2Ftags&post=27250"}],"curies":[{"name":"wp","href":"https:\/\/api.w.org\/{rel}","templated":true}]}}