{"id":27238,"date":"2024-05-02T16:20:44","date_gmt":"2024-05-02T13:20:44","guid":{"rendered":"https:\/\/yeniterter.az\/?p=27238"},"modified":"2024-05-02T16:20:44","modified_gmt":"2024-05-02T13:20:44","slug":"heyd%c9%99r-%c9%99liyev-v%c9%99-az%c9%99rbaycan-m%c9%99tbuati","status":"publish","type":"post","link":"https:\/\/yeniterter.az\/?p=27238","title":{"rendered":"Heyd\u0259r \u018fliyev v\u0259 Az\u0259rbaycan m\u0259tbuat\u0131"},"content":{"rendered":"<p><strong> <img decoding=\"async\" loading=\"lazy\" class=\"size-medium wp-image-27239 alignleft\" src=\"https:\/\/yeniterter.az\/wp-content\/uploads\/65a99bb7167604062651536643510927099-1-300x166.jpg\" alt=\"\" width=\"300\" height=\"166\" srcset=\"https:\/\/yeniterter.az\/wp-content\/uploads\/65a99bb7167604062651536643510927099-1-300x166.jpg 300w, https:\/\/yeniterter.az\/wp-content\/uploads\/65a99bb7167604062651536643510927099-1-768x425.jpg 768w, https:\/\/yeniterter.az\/wp-content\/uploads\/65a99bb7167604062651536643510927099-1.jpg 975w\" sizes=\"(max-width: 300px) 100vw, 300px\" \/> <\/strong>1875-ci ild\u0259 \u201d\u018fkin\u00e7i\u201d q\u0259zeti\u00a0 il\u0259 \u0259sas\u0131 qoyulan Az\u0259rbaycan milli m\u0259tbuat\u0131 ilk d\u0259f\u0259 olaraq \u00dcmummilli Lider Heyd\u0259r \u018fliyevin 1998-ci il avqustun 6-da imzalad\u0131\u011f\u0131 \u201cAz\u0259rbaycan Respublikas\u0131nda s\u00f6z, fikir v\u0259 m\u0259lumat azadl\u0131\u011f\u0131n\u0131n t\u0259min edilm\u0259si sah\u0259sind\u0259 \u0259lav\u0259 t\u0259dbirl\u0259r haqq\u0131nda\u201d\u00a0 F\u0259rman\u0131 il\u0259 bird\u0259f\u0259lik senzuradan azad edildi. Bel\u0259likl\u0259 d\u0259 azad s\u00f6z\u00fcn rolunu h\u0259mi\u015f\u0259 y\u00fcks\u0259k qiym\u0259tl\u0259ndit\u0259n Ulu \u00d6nd\u0259r milli m\u0259tbuat\u0131m\u0131z\u0131n inki\u015faf\u0131nda yeni m\u0259rh\u0259l\u0259nin ba\u015flan\u011f\u0131c\u0131n\u0131 qoydu.<!--more--><\/p>\n<p>H\u0259min F\u0259rmana \u0259sas\u0259n, Nazirl\u0259r Kabineti yan\u0131nda m\u0259tbuatda v\u0259 dig\u0259r k\u00fctl\u0259vi informasiya vasit\u0259l\u0259rind\u0259 d\u00f6vl\u0259t sirl\u0259rini m\u00fchafiz\u0259 ed\u0259n ba\u015f idar\u0259 l\u0259\u011fv edildi.<\/p>\n<p>Sonrak\u0131 d\u00f6vrd\u0259 q\u0259bul edil\u0259n qanunlara \u0259sas\u0259n \u00f6lk\u0259d\u0259 s\u00f6z v\u0259 m\u0259tbuat azadl\u0131\u011f\u0131n\u0131n h\u00fcquqi bazas\u0131 daha da m\u00f6hk\u0259ml\u0259ndi.<\/p>\n<p>Ulu \u00d6nd\u0259r Heyd\u0259r \u018fliyevin\u00a0 K\u0130V-l\u0259rin inki\u015faf\u0131\u00a0 sah\u0259sind\u0259 atd\u0131\u011f\u0131 add\u0131mlar\u0131n n\u0259tic\u0259si kimi m\u0259tbuat\u0131n maddi-texniki bazas\u0131 m\u00f6hk\u0259ml\u0259ndirildi, q\u0259zet v\u0259 jurnallara bir s\u0131ra g\u00fcz\u0259\u015ftl\u0259r edildi.<\/p>\n<p>Az\u0259rbaycan m\u0259tbuat\u0131n\u0131n yubileyl\u0259rinin ke\u00e7irilm\u0259si kimi m\u00fct\u0259r\u0259qqi \u0259n\u0259n\u0259nin \u0259sas\u0131 da m\u0259hz \u00dcmummilli Lider Heyd\u0259r \u018fliyev t\u0259r\u0259find\u0259n qoyulub. H\u0259l\u0259 2000-ci ild\u0259 Ulu \u00d6nd\u0259rin m\u00fcvafiq S\u0259r\u0259ncam\u0131 il\u0259 Az\u0259rbaycan milli m\u0259tbuat\u0131n\u0131n yaranmas\u0131n\u0131n 125 illik yubileyi t\u0259nt\u0259n\u0259li \u015f\u0259kild\u0259 qeyd edilmi\u015fdi. Ulu \u00d6nd\u0259r h\u0259min t\u0259dbird\u0259 d\u0259rin m\u0259zmunlu \u00a0geni\u015f nitq s\u00f6yl\u0259y\u0259r\u0259k m\u0259tbuat\u0131m\u0131z\u0131n qar\u015f\u0131s\u0131nda duran v\u0259zif\u0259l\u0259rd\u0259n s\u00f6z a\u00e7m\u0131\u015fd\u0131.<\/p>\n<p>Azad s\u00f6z\u00fcn t\u0259min olunmas\u0131nda tutdu\u011fu m\u00f6vqeyin\u0259 v\u0259 xidm\u0259tl\u0259rind\u0259 g\u00f6r\u0259 Heyd\u0259r \u018fliyevin 2002-ci ild\u0259 \u201cRUH\u201d Az\u0259rbaycan Jurnalistl\u0259ri M\u00fcdafi\u0259 Komit\u0259si t\u0259r\u0259find\u0259n \u201cJurnalistl\u0259rin dostu\u201d m\u00fckafat\u0131na layiq g\u00f6r\u00fclm\u00fc\u015fd\u00fcr.<\/p>\n<p>2003-c\u00fc il mart\u0131n 15-d\u0259 Az\u0259rbaycan Jurnalistl\u0259rinin\u00a0 I qurultay\u0131nda Ulu \u00d6nd\u0259r Heyd\u0259r \u018fliyevin t\u0259\u015f\u0259bb\u00fcs\u00fc il\u0259 M\u0259tbuat \u015euras\u0131n\u0131n yarad\u0131lmas\u0131 m\u0259tbuat i\u015f\u00e7il\u0259rinin h\u0259yat\u0131na bir s\u0131ra d\u0259yi\u015fiklikl\u0259r g\u0259tirdi. Qeyd ed\u0259k ki, m\u0259hz M\u0259tbuat \u015euras\u0131n\u0131n yarad\u0131lmas\u0131ndan sonra b\u00f6lg\u0259 q\u0259zetl\u0259rinin h\u0259yat\u0131nda da canlanma ba\u015f verdi v\u0259 2005-ci ild\u0259, yeddi illik fasil\u0259d\u0259n sonra T\u0259rt\u0259r rayon q\u0259zetinin d\u0259 n\u0259\u015fri b\u0259rpa olundu.<\/p>\n<p>\u00dcmumilikd\u0259, \u00dcmummilli Lider m\u0259tbuat\u0131n probleml\u0259rinin h\u0259lli il\u0259 ba\u011fl\u0131 onlarla\u00a0 F\u0259rman v\u0259 S\u0259r\u0259ncam imzalay\u0131b.<\/p>\n<p>Ulu \u00d6nd\u0259r Heyd\u0259r \u018fliyevin m\u00fc\u0259yy\u0259n etdiiyi yolla inamla add\u0131mlayan Az\u0259rbaycan medias\u0131n\u0131n \u00f6lk\u0259mizl\u0259 ba\u011fl\u0131 h\u0259qiq\u0259tl\u0259rin d\u00fcnyaya \u00e7atd\u0131r\u0131lmas\u0131nda, \u015fanl\u0131 tariximizin, \u015f\u0259hid\u00a0 v\u0259 qazil\u0259rimizin h\u0259yat\u0131n\u0131n, el\u0259c\u0259 d\u0259 Qaraba\u011fda apar\u0131lan h\u0259rpa-quruculuq i\u015fl\u0259rinin i\u015f\u0131qland\u0131r\u0131lmas\u0131nda m\u00fcst\u0259sna xidm\u0259tl\u0259ri var.<\/p>\n","protected":false},"excerpt":{"rendered":"<p>1875-ci ild\u0259 \u201d\u018fkin\u00e7i\u201d q\u0259zeti\u00a0 il\u0259 \u0259sas\u0131 qoyulan Az\u0259rbaycan milli m\u0259tbuat\u0131 ilk d\u0259f\u0259 olaraq \u00dcmummilli Lider Heyd\u0259r \u018fliyevin 1998-ci il avqustun 6-da imzalad\u0131\u011f\u0131 \u201cAz\u0259rbaycan Respublikas\u0131nda s\u00f6z, fikir v\u0259 m\u0259lumat azadl\u0131\u011f\u0131n\u0131n t\u0259min edilm\u0259si sah\u0259sind\u0259 \u0259lav\u0259 t\u0259dbirl\u0259r haqq\u0131nda\u201d\u00a0 F\u0259rman\u0131 il\u0259 bird\u0259f\u0259lik senzuradan azad edildi. Bel\u0259likl\u0259 d\u0259 azad s\u00f6z\u00fcn rolunu h\u0259mi\u015f\u0259 y\u00fcks\u0259k qiym\u0259tl\u0259ndit\u0259n Ulu \u00d6nd\u0259r milli m\u0259tbuat\u0131m\u0131z\u0131n inki\u015faf\u0131nda yeni [&hellip;]<\/p>\n","protected":false},"author":2,"featured_media":0,"comment_status":"closed","ping_status":"closed","sticky":false,"template":"","format":"standard","meta":[],"categories":[10],"tags":[],"_links":{"self":[{"href":"https:\/\/yeniterter.az\/index.php?rest_route=\/wp\/v2\/posts\/27238"}],"collection":[{"href":"https:\/\/yeniterter.az\/index.php?rest_route=\/wp\/v2\/posts"}],"about":[{"href":"https:\/\/yeniterter.az\/index.php?rest_route=\/wp\/v2\/types\/post"}],"author":[{"embeddable":true,"href":"https:\/\/yeniterter.az\/index.php?rest_route=\/wp\/v2\/users\/2"}],"replies":[{"embeddable":true,"href":"https:\/\/yeniterter.az\/index.php?rest_route=%2Fwp%2Fv2%2Fcomments&post=27238"}],"version-history":[{"count":1,"href":"https:\/\/yeniterter.az\/index.php?rest_route=\/wp\/v2\/posts\/27238\/revisions"}],"predecessor-version":[{"id":27240,"href":"https:\/\/yeniterter.az\/index.php?rest_route=\/wp\/v2\/posts\/27238\/revisions\/27240"}],"wp:attachment":[{"href":"https:\/\/yeniterter.az\/index.php?rest_route=%2Fwp%2Fv2%2Fmedia&parent=27238"}],"wp:term":[{"taxonomy":"category","embeddable":true,"href":"https:\/\/yeniterter.az\/index.php?rest_route=%2Fwp%2Fv2%2Fcategories&post=27238"},{"taxonomy":"post_tag","embeddable":true,"href":"https:\/\/yeniterter.az\/index.php?rest_route=%2Fwp%2Fv2%2Ftags&post=27238"}],"curies":[{"name":"wp","href":"https:\/\/api.w.org\/{rel}","templated":true}]}}