{"id":27232,"date":"2024-05-02T16:17:53","date_gmt":"2024-05-02T13:17:53","guid":{"rendered":"https:\/\/yeniterter.az\/?p=27232"},"modified":"2024-05-02T16:17:53","modified_gmt":"2024-05-02T13:17:53","slug":"d%c9%99y%c9%99rli-numun%c9%99","status":"publish","type":"post","link":"https:\/\/yeniterter.az\/?p=27232","title":{"rendered":"D\u0259y\u0259rli n\u00fcmun\u0259"},"content":{"rendered":"<p><img decoding=\"async\" loading=\"lazy\" class=\" wp-image-27233 alignright\" src=\"https:\/\/yeniterter.az\/wp-content\/uploads\/Mehriban_Aliyeva_portrait_in_2023-247x300.jpg\" alt=\"\" width=\"190\" height=\"231\" srcset=\"https:\/\/yeniterter.az\/wp-content\/uploads\/Mehriban_Aliyeva_portrait_in_2023-247x300.jpg 247w, https:\/\/yeniterter.az\/wp-content\/uploads\/Mehriban_Aliyeva_portrait_in_2023-768x934.jpg 768w, https:\/\/yeniterter.az\/wp-content\/uploads\/Mehriban_Aliyeva_portrait_in_2023.jpg 800w\" sizes=\"(max-width: 190px) 100vw, 190px\" \/>Az\u0259rbaycan Respublikas\u0131n\u0131n Birinci vetse-prezidenti, Heyd\u0259r \u018fliyev Fondunun Prezidenti Mehriban xan\u0131m \u018fliyeva jurnalist \u0259m\u0259yin\u0259 daim y\u00fcks\u0259k qiym\u0259t verir. C\u0259miyy\u0259td\u0259 m\u0259tbuat\u0131n x\u00fcsusi rolu oldu\u011funu qeyd ed\u0259n Mehriban xan\u0131m deyib:\u00a0 &#8220;Son ill\u0259r, m\u00fcst\u0259qillik ill\u0259rind\u0259,\u00a0 dig\u0259r sah\u0259l\u0259rd\u0259 oldu\u011fu kimi, jurnalistikada da b\u00f6y\u00fck d\u0259yi\u015fiklikl\u0259r ba\u015f verib. Azad, pe\u015f\u0259kar m\u0259tbuat olmadan \u0259sl demokratik d\u00f6vl\u0259tin qurulmas\u0131 m\u00fcmk\u00fcn deyil. S\u00f6z v\u0259 m\u0259tbuat azadl\u0131\u011f\u0131, \u0259n k\u0259skin m\u0259s\u0259l\u0259l\u0259r\u0259 dair diskussiyalar, c\u0259miyy\u0259ti narahat ed\u0259n probleml\u0259rin obyektiv i\u015f\u0131qland\u0131r\u0131lmas\u0131 &#8211; b\u00fct\u00fcn bu sah\u0259l\u0259rd\u0259 median\u0131n rolu \u0259v\u0259zsizdir. H\u0259r bir m\u0259tbuat qurumu ilk n\u00f6vb\u0259d\u0259 obyektiv v\u0259 q\u0259r\u0259zsiz olmal\u0131d\u0131r, xalq\u0131n\u0131n v\u0259 d\u00f6vl\u0259tinin maraqlar\u0131n\u0131 h\u0259r \u015feyd\u0259n \u00fcst\u00fcn tutmal\u0131d\u0131r v\u0259 c\u0259miyy\u0259td\u0259 m\u0259rh\u0259m\u0259t, \u0259dal\u0259t prinsipl\u0259rini t\u0259bli\u011f etm\u0259lidir&#8221;.<!--more--><\/p>\n<p>Heyd\u0259r \u018fliyev Fondunun h\u0259yata ke\u00e7irdiyi layih\u0259l\u0259r, d\u00fcnya miqyas\u0131nda m\u0259d\u0259niyy\u0259timizin, elmimizin t\u0259bli\u011fi sah\u0259sind\u0259 g\u00f6rd\u00fcy\u00fc i\u015fl\u0259r m\u0259tbuat sah\u0259sind\u0259 \u00e7al\u0131\u015fanlar \u00fc\u00e7\u00fcn \u0259n d\u0259y\u0259rli n\u00fcmun\u0259dir. \u0130\u015f\u011faldan azad edilmi\u015f \u0259razil\u0259rd\u0259n Mehriban xan\u0131m t\u0259r\u0259find\u0259n edil\u0259n payla\u015f\u0131mlar da milyonlar\u0131n q\u0259lbind\u0259 sevinc oyad\u0131rd\u0131.<\/p>\n<p>\u0130\u015f prinsipl\u0259rinin \u0259sas\u0131n\u0131 humanizm, \u0259dal\u0259t v\u0259 m\u0259rh\u0259m\u0259t t\u0259\u015fkil ed\u0259n jurnalistl\u0259rimiz \u00f6z\u00fcnd\u0259 b\u00fct\u00fcn bu m\u0259n\u0259vi d\u0259y\u0259rl\u0259ri birl\u0259\u015fdir\u0259n Mehriban xan\u0131m\u0131 \u00e7ox sevirl\u0259r.<\/p>\n<p>&nbsp;<\/p>\n<p>&nbsp;<\/p>\n","protected":false},"excerpt":{"rendered":"<p>Az\u0259rbaycan Respublikas\u0131n\u0131n Birinci vetse-prezidenti, Heyd\u0259r \u018fliyev Fondunun Prezidenti Mehriban xan\u0131m \u018fliyeva jurnalist \u0259m\u0259yin\u0259 daim y\u00fcks\u0259k qiym\u0259t verir. C\u0259miyy\u0259td\u0259 m\u0259tbuat\u0131n x\u00fcsusi rolu oldu\u011funu qeyd ed\u0259n Mehriban xan\u0131m deyib:\u00a0 &#8220;Son ill\u0259r, m\u00fcst\u0259qillik ill\u0259rind\u0259,\u00a0 dig\u0259r sah\u0259l\u0259rd\u0259 oldu\u011fu kimi, jurnalistikada da b\u00f6y\u00fck d\u0259yi\u015fiklikl\u0259r ba\u015f verib. Azad, pe\u015f\u0259kar m\u0259tbuat olmadan \u0259sl demokratik d\u00f6vl\u0259tin qurulmas\u0131 m\u00fcmk\u00fcn deyil. S\u00f6z v\u0259 m\u0259tbuat azadl\u0131\u011f\u0131, [&hellip;]<\/p>\n","protected":false},"author":2,"featured_media":0,"comment_status":"closed","ping_status":"closed","sticky":false,"template":"","format":"standard","meta":[],"categories":[10],"tags":[],"_links":{"self":[{"href":"https:\/\/yeniterter.az\/index.php?rest_route=\/wp\/v2\/posts\/27232"}],"collection":[{"href":"https:\/\/yeniterter.az\/index.php?rest_route=\/wp\/v2\/posts"}],"about":[{"href":"https:\/\/yeniterter.az\/index.php?rest_route=\/wp\/v2\/types\/post"}],"author":[{"embeddable":true,"href":"https:\/\/yeniterter.az\/index.php?rest_route=\/wp\/v2\/users\/2"}],"replies":[{"embeddable":true,"href":"https:\/\/yeniterter.az\/index.php?rest_route=%2Fwp%2Fv2%2Fcomments&post=27232"}],"version-history":[{"count":1,"href":"https:\/\/yeniterter.az\/index.php?rest_route=\/wp\/v2\/posts\/27232\/revisions"}],"predecessor-version":[{"id":27234,"href":"https:\/\/yeniterter.az\/index.php?rest_route=\/wp\/v2\/posts\/27232\/revisions\/27234"}],"wp:attachment":[{"href":"https:\/\/yeniterter.az\/index.php?rest_route=%2Fwp%2Fv2%2Fmedia&parent=27232"}],"wp:term":[{"taxonomy":"category","embeddable":true,"href":"https:\/\/yeniterter.az\/index.php?rest_route=%2Fwp%2Fv2%2Fcategories&post=27232"},{"taxonomy":"post_tag","embeddable":true,"href":"https:\/\/yeniterter.az\/index.php?rest_route=%2Fwp%2Fv2%2Ftags&post=27232"}],"curies":[{"name":"wp","href":"https:\/\/api.w.org\/{rel}","templated":true}]}}