{"id":27229,"date":"2024-05-02T16:16:03","date_gmt":"2024-05-02T13:16:03","guid":{"rendered":"https:\/\/yeniterter.az\/?p=27229"},"modified":"2024-05-02T16:16:34","modified_gmt":"2024-05-02T13:16:34","slug":"adi-tariximiz%c9%99-qizil-h%c9%99rfl%c9%99rl%c9%99-yazilan-q%c9%99zet","status":"publish","type":"post","link":"https:\/\/yeniterter.az\/?p=27229","title":{"rendered":"Ad\u0131 tariximiz\u0259 q\u0131z\u0131l h\u0259rfl\u0259rl\u0259 yaz\u0131lan q\u0259zet"},"content":{"rendered":"<p><img decoding=\"async\" loading=\"lazy\" class=\" wp-image-27230 alignright\" src=\"https:\/\/yeniterter.az\/wp-content\/uploads\/hmaz-\u2014-\u044f-240x300.jpg\" alt=\"\" width=\"179\" height=\"224\" srcset=\"https:\/\/yeniterter.az\/wp-content\/uploads\/hmaz-\u2014-\u044f-240x300.jpg 240w, https:\/\/yeniterter.az\/wp-content\/uploads\/hmaz-\u2014-\u044f.jpg 720w\" sizes=\"(max-width: 179px) 100vw, 179px\" \/>Milli m\u0259tbuat\u0131m\u0131z\u0131n banisi olan H\u0259s\u0259n b\u0259y Z\u0259rdabi Az\u0259rbaycan xalq\u0131n\u0131n maarifl\u0259nm\u0259si yolunda b\u00f6y\u00fck \u00e7\u0259tinlikl\u0259rd\u0259n ke\u00e7mi\u015f, lakin bir an bel\u0259 \u0259qid\u0259sind\u0259n d\u00f6nm\u0259mi\u015fdir. G\u0259ncl\u0259ri savadlanma\u011fa, t\u0259hsil alma\u011fa d\u0259v\u0259t ed\u0259n bu f\u0259dakar insan onlara m\u00fcraci\u0259t ed\u0259r\u0259k deyirdi: \u201cEy elm t\u0259hsil ed\u0259n cavanlar\u0131m\u0131z, do\u011frudur, bizim V\u0259t\u0259n qarda\u015flar\u0131m\u0131z il\u0259 \u00fcns tutmaq \u00e7\u0259tindir. Qoy \u015f\u00fcar\u0259l\u0259r bizi h\u0259cv etsin, mollalar l\u0259n\u0259t oxusun, \u0259vam\u015f\u00fcnas da\u015fa bass\u0131n. Siz mill\u0259t \u00fc\u00e7\u00fcn \u0259ziyy\u0259t \u00e7\u0259kirsiniz.\u201d<\/p>\n<p>\u00d6z mill\u0259ti yolunda \u0259zab v\u0259 \u0259ziyy\u0259tl\u0259r\u0259 qatla\u015fan H\u0259s\u0259n b\u0259y Z\u0259rdabi xalq\u0131n\u0131 z\u00fclm\u0259td\u0259n xilas etm\u0259k \u00fc\u00e7\u00fcn 1875-ci il iyulun 22-d\u0259 Bak\u0131da Az\u0259rbaycan dilind\u0259 \u201d\u018fkin\u00e7i\u201d q\u0259zetinin n\u0259\u015frin\u0259 nail olmu\u015fdur. Bununla da o, Az\u0259rbaycanda ilk milli m\u0259tbuat\u0131n \u0259sas\u0131n\u0131 qoymu\u015fdur. G\u00f6rk\u0259mli maarif\u00e7inin\u00a0 \u201cH\u0259r vilay\u0259tin q\u0259zet\u0259si g\u0259r\u0259k ol vilay\u0259tin ayin\u0259si olsun\u201d s\u00f6zl\u0259ri bu g\u00fcn d\u0259 aktuall\u0131\u011f\u0131n\u0131 itirm\u0259yib.<!--more--><\/p>\n<p>1877-ci ilin 29 sentyabr\u0131na q\u0259d\u0259r \u00e7ap olunan q\u0259zet ayda 300-400 tirajla n\u0259\u015fr edilmi\u015f, 56 n\u00f6mr\u0259si i\u015f\u0131q \u00fcz\u00fc g\u00f6rm\u00fc\u015fd\u00fcr. N\u0259inki Az\u0259rbaycanda, h\u0259m\u00e7inin o zamank\u0131 b\u00fct\u00fcn Rusiyada\u00a0 ilk t\u00fcrkdilli q\u0259zetin \u00e7\u0131xmas\u0131 \u00e7ap h\u00f6k\u00fcm\u0259tini ciddi narahat etmi\u015f v\u0259 onun redaktoru ciddi t\u0259zyiql\u0259r\u0259\u00a0 m\u0259ruz qalm\u0131\u015f, q\u0259zet is\u0259 ba\u011flanm\u0131\u015fd\u0131r.<\/p>\n<p>Lakin bu az m\u00fcdd\u0259td\u0259 insanlar\u0131n \u015f\u00fcurunda d\u0259yi\u015fiklikl\u0259rin ba\u015f verm\u0259si kifay\u0259t etmi\u015fdir.<\/p>\n<p>Bu g\u00fcn \u201c\u018fkin\u00e7i\u201d q\u0259zetinin ad\u0131 tariximiz\u0259 q\u0131z\u0131l h\u0259rfl\u0259rl\u0259 yaz\u0131l\u0131b, onun na\u015firi H\u0259s\u0259n b\u0259y Z\u0259rdabi is\u0259 daim minn\u0259tdarl\u0131q hissi il\u0259 xat\u0131rlan\u0131r.<\/p>\n<p>&nbsp;<\/p>\n","protected":false},"excerpt":{"rendered":"<p>Milli m\u0259tbuat\u0131m\u0131z\u0131n banisi olan H\u0259s\u0259n b\u0259y Z\u0259rdabi Az\u0259rbaycan xalq\u0131n\u0131n maarifl\u0259nm\u0259si yolunda b\u00f6y\u00fck \u00e7\u0259tinlikl\u0259rd\u0259n ke\u00e7mi\u015f, lakin bir an bel\u0259 \u0259qid\u0259sind\u0259n d\u00f6nm\u0259mi\u015fdir. G\u0259ncl\u0259ri savadlanma\u011fa, t\u0259hsil alma\u011fa d\u0259v\u0259t ed\u0259n bu f\u0259dakar insan onlara m\u00fcraci\u0259t ed\u0259r\u0259k deyirdi: \u201cEy elm t\u0259hsil ed\u0259n cavanlar\u0131m\u0131z, do\u011frudur, bizim V\u0259t\u0259n qarda\u015flar\u0131m\u0131z il\u0259 \u00fcns tutmaq \u00e7\u0259tindir. Qoy \u015f\u00fcar\u0259l\u0259r bizi h\u0259cv etsin, mollalar l\u0259n\u0259t oxusun, \u0259vam\u015f\u00fcnas [&hellip;]<\/p>\n","protected":false},"author":2,"featured_media":0,"comment_status":"closed","ping_status":"closed","sticky":false,"template":"","format":"standard","meta":[],"categories":[10],"tags":[],"_links":{"self":[{"href":"https:\/\/yeniterter.az\/index.php?rest_route=\/wp\/v2\/posts\/27229"}],"collection":[{"href":"https:\/\/yeniterter.az\/index.php?rest_route=\/wp\/v2\/posts"}],"about":[{"href":"https:\/\/yeniterter.az\/index.php?rest_route=\/wp\/v2\/types\/post"}],"author":[{"embeddable":true,"href":"https:\/\/yeniterter.az\/index.php?rest_route=\/wp\/v2\/users\/2"}],"replies":[{"embeddable":true,"href":"https:\/\/yeniterter.az\/index.php?rest_route=%2Fwp%2Fv2%2Fcomments&post=27229"}],"version-history":[{"count":1,"href":"https:\/\/yeniterter.az\/index.php?rest_route=\/wp\/v2\/posts\/27229\/revisions"}],"predecessor-version":[{"id":27231,"href":"https:\/\/yeniterter.az\/index.php?rest_route=\/wp\/v2\/posts\/27229\/revisions\/27231"}],"wp:attachment":[{"href":"https:\/\/yeniterter.az\/index.php?rest_route=%2Fwp%2Fv2%2Fmedia&parent=27229"}],"wp:term":[{"taxonomy":"category","embeddable":true,"href":"https:\/\/yeniterter.az\/index.php?rest_route=%2Fwp%2Fv2%2Fcategories&post=27229"},{"taxonomy":"post_tag","embeddable":true,"href":"https:\/\/yeniterter.az\/index.php?rest_route=%2Fwp%2Fv2%2Ftags&post=27229"}],"curies":[{"name":"wp","href":"https:\/\/api.w.org\/{rel}","templated":true}]}}