{"id":27176,"date":"2024-05-02T15:22:44","date_gmt":"2024-05-02T12:22:44","guid":{"rendered":"https:\/\/yeniterter.az\/?p=27176"},"modified":"2024-05-02T15:22:44","modified_gmt":"2024-05-02T12:22:44","slug":"dovrun-agrili-acili-gunl%c9%99rin%c9%99-q%c9%99l%c9%99b%c9%99-mujd%c9%99li-anlarina-sahidlik-ed%c9%99n-m%c9%99tbu-orqan","status":"publish","type":"post","link":"https:\/\/yeniterter.az\/?p=27176","title":{"rendered":"D\u00f6vr\u00fcn a\u011fr\u0131l\u0131-ac\u0131l\u0131 g\u00fcnl\u0259rin\u0259, q\u0259l\u0259b\u0259 m\u00fcjd\u0259li anlar\u0131na \u015fahidlik ed\u0259n m\u0259tbu orqan"},"content":{"rendered":"<p><img decoding=\"async\" loading=\"lazy\" class=\" wp-image-27177 alignright\" src=\"https:\/\/yeniterter.az\/wp-content\/uploads\/Huseynli-Emin-Elman-oglu-300x250.jpg\" alt=\"\" width=\"169\" height=\"141\" srcset=\"https:\/\/yeniterter.az\/wp-content\/uploads\/Huseynli-Emin-Elman-oglu-300x250.jpg 300w, https:\/\/yeniterter.az\/wp-content\/uploads\/Huseynli-Emin-Elman-oglu-1024x853.jpg 1024w, https:\/\/yeniterter.az\/wp-content\/uploads\/Huseynli-Emin-Elman-oglu-768x640.jpg 768w, https:\/\/yeniterter.az\/wp-content\/uploads\/Huseynli-Emin-Elman-oglu.jpg 1200w\" sizes=\"(max-width: 169px) 100vw, 169px\" \/>Do\u011fma, Q\u0259hr\u0259man T\u0259rt\u0259rimizin yegan\u0259 m\u0259tbuat q\u0259zeti olan &#8220;Yeni T\u0259rt\u0259r&#8221;in 90 illik yubileyi m\u00fcnasib\u0259ti il\u0259 q\u0259zetinizin b\u00fct\u00fcn hey\u0259tini ail\u0259miz ad\u0131ndan t\u0259brik edir\u0259m. Ke\u00e7\u0259n 90 il m\u00fcdd\u0259tind\u0259 q\u0259zetiniz d\u00f6vr\u00fcn m\u00fcxt\u0259lif hadis\u0259l\u0259rin\u0259, a\u011fr\u0131l\u0131-ac\u0131l\u0131 g\u00fcnl\u0259rin\u0259, q\u0259l\u0259b\u0259 m\u00fcjd\u0259li anlar\u0131na \u015fahidlik etmi\u015fdir. Q\u0259l\u0259m sahibl\u0259ri h\u0259r zaman &#8220;Yeni T\u0259rt\u0259r&#8221; q\u0259zetind\u0259 Qaraba\u011f d\u00f6y\u00fc\u015fl\u0259rind\u0259 qanlar\u0131 il\u0259 tarix yazan \u015f\u0259hidl\u0259rimizin, qazil\u0259rimizin, veteranlar\u0131m\u0131z\u0131n d\u00f6y\u00fc\u015f yolundan b\u0259hs ed\u0259n says\u0131z m\u0259qal\u0259l\u0259rin m\u00fc\u0259llifi olmu\u015flar. Bu g\u00fcn d\u0259 \u201cYeni T\u0259rt\u0259r\u201d q\u0259zeti \u00a0T\u0259rt\u0259r Rayon \u0130cra Hakimiyy\u0259tinin d\u0259st\u0259yi, rayon r\u0259hb\u0259ri M\u00fcst\u0259qim M\u0259mm\u0259dovun qay\u011f\u0131s\u0131 il\u0259, d\u0259y\u0259rli q\u0259l\u0259m sahibi Svetlana xan\u0131m Ba\u011f\u0131rovan\u0131n redaktorlu\u011fu alt\u0131nda m\u00fcasir d\u00f6vr\u00fcm\u00fczd\u0259 f\u0259aliyy\u0259tini davam etdirm\u0259kd\u0259dir.<\/p>\n<p>Bir daha q\u0259zetinizin b\u00fct\u00fcn hey\u0259tini t\u0259brik edib, f\u0259aliyy\u0259tinizd\u0259 yeni-yeni yarad\u0131c\u0131l\u0131q u\u011furlar\u0131 arzulay\u0131ram.<\/p>\n<p style=\"text-align: right;\">H\u00f6rm\u0259tl\u0259,<\/p>\n<p style=\"text-align: right;\"><strong>Az\u0259rbaycan\u0131n Milli Q\u0259hr\u0259man\u0131, \u015f\u0259hid mayor Elman H\u00fcseynovun ail\u0259si ad\u0131ndan,<\/strong><\/p>\n<p style=\"text-align: right;\"><strong>Emin Elman o\u011flu H\u00fcseynli<\/strong>.<\/p>\n<p>&nbsp;<\/p>\n<p>&nbsp;<\/p>\n","protected":false},"excerpt":{"rendered":"<p>Do\u011fma, Q\u0259hr\u0259man T\u0259rt\u0259rimizin yegan\u0259 m\u0259tbuat q\u0259zeti olan &#8220;Yeni T\u0259rt\u0259r&#8221;in 90 illik yubileyi m\u00fcnasib\u0259ti il\u0259 q\u0259zetinizin b\u00fct\u00fcn hey\u0259tini ail\u0259miz ad\u0131ndan t\u0259brik edir\u0259m. Ke\u00e7\u0259n 90 il m\u00fcdd\u0259tind\u0259 q\u0259zetiniz d\u00f6vr\u00fcn m\u00fcxt\u0259lif hadis\u0259l\u0259rin\u0259, a\u011fr\u0131l\u0131-ac\u0131l\u0131 g\u00fcnl\u0259rin\u0259, q\u0259l\u0259b\u0259 m\u00fcjd\u0259li anlar\u0131na \u015fahidlik etmi\u015fdir. Q\u0259l\u0259m sahibl\u0259ri h\u0259r zaman &#8220;Yeni T\u0259rt\u0259r&#8221; q\u0259zetind\u0259 Qaraba\u011f d\u00f6y\u00fc\u015fl\u0259rind\u0259 qanlar\u0131 il\u0259 tarix yazan \u015f\u0259hidl\u0259rimizin, qazil\u0259rimizin, veteranlar\u0131m\u0131z\u0131n d\u00f6y\u00fc\u015f yolundan b\u0259hs [&hellip;]<\/p>\n","protected":false},"author":2,"featured_media":0,"comment_status":"closed","ping_status":"closed","sticky":false,"template":"","format":"standard","meta":[],"categories":[10],"tags":[],"_links":{"self":[{"href":"https:\/\/yeniterter.az\/index.php?rest_route=\/wp\/v2\/posts\/27176"}],"collection":[{"href":"https:\/\/yeniterter.az\/index.php?rest_route=\/wp\/v2\/posts"}],"about":[{"href":"https:\/\/yeniterter.az\/index.php?rest_route=\/wp\/v2\/types\/post"}],"author":[{"embeddable":true,"href":"https:\/\/yeniterter.az\/index.php?rest_route=\/wp\/v2\/users\/2"}],"replies":[{"embeddable":true,"href":"https:\/\/yeniterter.az\/index.php?rest_route=%2Fwp%2Fv2%2Fcomments&post=27176"}],"version-history":[{"count":1,"href":"https:\/\/yeniterter.az\/index.php?rest_route=\/wp\/v2\/posts\/27176\/revisions"}],"predecessor-version":[{"id":27178,"href":"https:\/\/yeniterter.az\/index.php?rest_route=\/wp\/v2\/posts\/27176\/revisions\/27178"}],"wp:attachment":[{"href":"https:\/\/yeniterter.az\/index.php?rest_route=%2Fwp%2Fv2%2Fmedia&parent=27176"}],"wp:term":[{"taxonomy":"category","embeddable":true,"href":"https:\/\/yeniterter.az\/index.php?rest_route=%2Fwp%2Fv2%2Fcategories&post=27176"},{"taxonomy":"post_tag","embeddable":true,"href":"https:\/\/yeniterter.az\/index.php?rest_route=%2Fwp%2Fv2%2Ftags&post=27176"}],"curies":[{"name":"wp","href":"https:\/\/api.w.org\/{rel}","templated":true}]}}