{"id":27167,"date":"2024-05-02T15:18:10","date_gmt":"2024-05-02T12:18:10","guid":{"rendered":"https:\/\/yeniterter.az\/?p=27167"},"modified":"2024-05-02T15:18:10","modified_gmt":"2024-05-02T12:18:10","slug":"ovladlarimizin-q%c9%99hr%c9%99manligini-q%c9%99l%c9%99m%c9%99-alan-%c9%99b%c9%99dil%c9%99sdir%c9%99n-insanlarin-q%c9%99lbimizd%c9%99-yeri-var","status":"publish","type":"post","link":"https:\/\/yeniterter.az\/?p=27167","title":{"rendered":"\u00d6vladlar\u0131m\u0131z\u0131n q\u0259hr\u0259manl\u0131\u011f\u0131n\u0131 q\u0259l\u0259m\u0259 alan, \u0259b\u0259dil\u0259\u015fdir\u0259n insanlar\u0131n q\u0259lbimizd\u0259 yeri var"},"content":{"rendered":"<p><img decoding=\"async\" loading=\"lazy\" class=\" wp-image-27168 alignright\" src=\"https:\/\/yeniterter.az\/wp-content\/uploads\/Vaqif-\u018fliyev-225x300.jpg\" alt=\"\" width=\"164\" height=\"219\" srcset=\"https:\/\/yeniterter.az\/wp-content\/uploads\/Vaqif-\u018fliyev-225x300.jpg 225w, https:\/\/yeniterter.az\/wp-content\/uploads\/Vaqif-\u018fliyev-767x1024.jpg 767w, https:\/\/yeniterter.az\/wp-content\/uploads\/Vaqif-\u018fliyev-768x1025.jpg 768w, https:\/\/yeniterter.az\/wp-content\/uploads\/Vaqif-\u018fliyev-1151x1536.jpg 1151w, https:\/\/yeniterter.az\/wp-content\/uploads\/Vaqif-\u018fliyev.jpg 1199w\" sizes=\"(max-width: 164px) 100vw, 164px\" \/>Xalq\u0131m\u0131z\u0131n milli maraqlar\u0131n\u0131 ya\u015fadan,\u00a0 inki\u015faf etdir\u0259n, maarifl\u0259ndir\u0259n,\u00a0 istedadl\u0131 insanlar\u0131m\u0131z\u0131n, \u0259m\u0259k v\u0259 m\u00fcharib\u0259 q\u0259hr\u0259manlar\u0131m\u0131z\u0131n ill\u0259rl\u0259 h\u0259yat yolunu i\u015f\u0131qland\u0131ran m\u0259tbuat, q\u0259zetl\u0259r, jurnallar,\u00a0 kitablar olmu\u015fdur.<\/p>\n<p>Ke\u00e7\u0259n \u0259srin 34-c\u00fc\u00a0 ill\u0259rind\u0259n f\u0259aliyy\u0259t\u0259 ba\u015flayan, \u0259n q\u0259dim T\u00fcrk tayfalar\u0131n\u0131n birinin ad\u0131 il\u0259 adlanan T\u0259rt\u0259r\u00a0 rayon q\u0259zeti\u00a0 \u201cKolxoz\u00e7ular\u0131n varlanmas\u0131\u201d, \u201cQ\u0131z\u0131l Bayraq\u201d, \u201cT\u0259rt\u0259r\u201d, \u201cYeni T\u0259rt\u0259r\u201d adlar\u0131 alt\u0131nda\u00a0 f\u0259aliyy\u0259t g\u00f6st\u0259rmi\u015f v\u0259\u00a0 z\u0259hm\u0259tke\u015fl\u0259rin h\u00f6rm\u0259t v\u0259 r\u0259\u011fb\u0259tini qazanm\u0131\u015fd\u0131r.<\/p>\n<p>\u018fvv\u0259lki ill\u0259rind\u0259 T\u0259rt\u0259r Rayon \u0130cra Hakimiyy\u0259tinin orqan\u0131 olan bu q\u0259zetin xalq\u0131m\u0131z\u0131n, T\u0259rt\u0259r camaat\u0131n\u0131n maarifl\u0259nm\u0259sind\u0259, m\u0259lumatland\u0131r\u0131lmas\u0131nda b\u00f6y\u00fck xidm\u0259tl\u0259ri olmu\u015fdur.\u00a0 Respublika x\u0259b\u0259rl\u0259ri,\u00a0 rayon x\u0259b\u0259rl\u0259ri, z\u0259hm\u0259tke\u015f xalq\u0131n \u0259m\u0259k f\u0259aliyy\u0259tl\u0259rini \u0259ks etdir\u0259n m\u0259qal\u0259l\u0259r, T\u0259rt\u0259rin ke\u00e7mi\u015fi v\u0259 bu g\u00fcn\u00fc haqq\u0131nda m\u0259lumatlar q\u0259zetin \u00f6z\u0259yini\u00a0 t\u0259\u015fkil etmi\u015fdir.<!--more--><\/p>\n<p>\u201cT\u0259rt\u0259rin s\u0259si\u201d\u00a0 \u018fd\u0259bi M\u0259clisi qona\u011f\u0131m\u0131zd\u0131r\u201d ba\u015fl\u0131\u011f\u0131 alt\u0131nda veril\u0259n poeziya s\u0259hif\u0259l\u0259rind\u0259 g\u0259nc yazarlar\u0131n \u015feirl\u0259rini, m\u0259qal\u0259l\u0259rini biz oxuculara vaxta\u015f\u0131r\u0131 \u00e7atd\u0131ran\u201dYeni T\u0259rt\u0259r\u201d q\u0259zetinin \u0259m\u0259kda\u015flar\u0131n\u0131 h\u0259mi\u015f\u0259 minn\u0259tdarl\u0131qla qar\u015f\u0131lam\u0131\u015f\u0131q.<\/p>\n<p>Ke\u00e7\u0259n \u0259srin 80-c\u0131 ill\u0259rinin sonlar\u0131,\u00a0 90-c\u0131 ill\u0259rinin \u0259vv\u0259ll\u0259rind\u0259n ba\u015flayan,\u00a0 Az\u0259rbaycan Respublikas\u0131na qar\u015f\u0131 torpaq iddialar\u0131 il\u0259 v\u00fcs\u0259t alan erm\u0259ni terroru n\u0259tic\u0259sind\u0259 g\u00fccl\u00fc da\u011f\u0131nt\u0131lara m\u0259ruz qalan T\u0259rt\u0259r rayonu ist\u0259r I Qaraba\u011f m\u00fcharib\u0259sind\u0259, ist\u0259r m\u0259lum Aprel hadis\u0259l\u0259rind\u0259, ist\u0259rs\u0259 d\u0259 44 g\u00fcnl\u00fck V\u0259t\u0259n m\u00fcharib\u0259sind\u0259 quldur d\u00fc\u015fm\u0259nl\u0259r\u0259 qar\u015f\u0131 vuru\u015fan, \u00f6z q\u0131z\u0131l qanlar\u0131 il\u0259 tarix yazan q\u0259hr\u0259man \u015f\u0259hid v\u0259 qazil\u0259rimizin, ordumuzun q\u0259hr\u0259manl\u0131\u011f\u0131n\u0131 vaxta\u015f\u0131r\u0131 bizl\u0259r\u0259 \u00e7atd\u0131ran\u201dYeni T\u0259rt\u0259r\u201dq\u0259zeti \u0259m\u0259kda\u015flar\u0131n\u0131n q\u0259lbimizd\u0259 \u00f6z yeri var.<\/p>\n<p>1991-ci ilin yaz\u0131ndan ba\u015flayan 1994-c\u00fc ilin may ay\u0131n\u0131n 10-a q\u0259d\u0259r davam ed\u0259n\u00a0 I Qaraba\u011f m\u00fcharib\u0259sind\u0259\u00a0 torpaqlar\u0131m\u0131z, rayonlar\u0131m\u0131z, d\u0259d\u0259-baba yurdlar\u0131m\u0131z i\u015f\u011fal olunduqdan sonra V\u0259t\u0259n h\u0259sr\u0259tiil\u0259 d\u00fcnyas\u0131n\u0131 yad qap\u0131larda d\u0259yi\u015f\u0259n, yad q\u0259biristanl\u0131qlarda d\u0259fn olunan valideynl\u0259rim, qohumlar\u0131m m\u0259cburi k\u00f6\u00e7k\u00fcnl\u00fck d\u00f6vr\u00fcnd\u0259 min-bir \u0259zab-\u0259ziyy\u0259tl\u0259r\u0259 d\u00fc\u00e7ar olmu\u015flar. M\u0259nim,\u00a0 el\u0259c\u0259 d\u0259 m\u0259nim kimi Az\u0259rbaycan v\u0259t\u0259nda\u015flar\u0131n\u0131n q\u0259lbind\u0259 \u0259n uca zirv\u0259d\u0259 duran ancaq \u201cintiqam\u201d hissl\u0259ri olmu\u015fdur.<\/p>\n<p>N\u0259hay\u0259t ki, h\u0259min g\u00fcn g\u0259lib \u00e7atd\u0131. V\u0259t\u0259n h\u0259sr\u0259ti il\u0259 d\u00fcnyas\u0131n\u0131 d\u0259yi\u015f\u0259n valideynl\u0259rimin, qohumlar\u0131m\u0131n, yaral\u0131 torpaqlar\u0131m\u0131z\u0131n, \u015f\u0259hid v\u0259 qazil\u0259rimizin qanlar\u0131 q\u00fcdr\u0259tli ordumuz t\u0259r\u0259find\u0259n al\u0131nd\u0131. Qisas qiyam\u0259t\u0259 qalmad\u0131. O\u011flum Anar \u018fliyev \u015eu\u015fan\u0131n a\u00e7ar\u0131 say\u0131lan\u00a0 Xocav\u0259nd rayonunun Tu\u011f y\u00fcks\u0259kliyind\u0259 q\u0259hr\u0259mancas\u0131na \u015f\u0259hid oldu. Briqada komandiri olmas\u0131na baxmayaraq,\u00a0 s\u0259ng\u0259rd\u0259 \u00f6z hey\u0259tinin qar\u015f\u0131s\u0131nda \u015f\u0259had\u0259t\u0259 y\u00fcks\u0259ldi.<\/p>\n<p>M\u0259nim \u00f6vlad\u0131m Az\u0259rbaycan Silahl\u0131 Q\u00fcvv\u0259l\u0259rinin polkovnik-leytenant\u0131, usta d\u0259r\u0259c\u0259li h\u0259rbi qulluq\u00e7u,\u00a0 Nax\u00e7\u0131van \u018flahidd\u0259 \u00dcmumqo\u015fun Ordusunun X\u00fcsusi T\u0259yinatl\u0131 briqadas\u0131n\u0131n h\u0259rbi hiss\u0259 komandiri,\u00a0 V\u0259t\u0259n M\u00fcharib\u0259si \u015f\u0259hidi, V\u0259t\u0259n M\u00fcharib\u0259si Q\u0259hr\u0259man\u0131\u00a0 Anar Vaqif o\u011flu \u018fliyev bar\u0259sind\u0259 \u201cH\u0259rb tariximizin \u0259fsan\u0259si\u201d, el\u0259c\u0259 d\u0259 h\u0259rb tariximiz\u0259 adlar\u0131n\u0131 q\u0131z\u0131l qanlar\u0131 il\u0259 yazan\u00a0 \u201cGizir Nicat \u0130sg\u0259nd\u0259rovun q\u0259hr\u0259manl\u0131q hekay\u0259si\u201d, \u201cBoyka l\u0259q\u0259bli d\u00f6y\u00fc\u015f\u00e7\u00fc\u201d, \u201cPulemyot\u00e7u El\u015fad\u201d,\u00a0 \u201cErm\u0259nil\u0259ri l\u0259rz\u0259y\u0259 salan Ruslan \u015eahbazov\u201d \u201cP\u0259hl\u0259van Elm\u0259ddin\u201d,\u00a0 \u201cC\u0259sur komandir Q\u0259mb\u0259r Q\u0259mb\u0259rli\u201d, \u201c\u0130lk Suqovu\u015fan \u015f\u0259hidi Hac\u0131yev Qubad C\u0259mil o\u011flu\u201d v\u0259 s. kimi \u00f6lm\u0259z,\u00a0 Az\u0259rbaycan v\u0259t\u0259nda\u015flar\u0131n\u0131n q\u00fcrur m\u0259nb\u0259yin\u0259 \u00e7evril\u0259n \u015f\u0259hidl\u0259rimiz bar\u0259sind\u0259 \u201cYeni T\u0259rt\u0259r\u201d q\u0259zetind\u0259 \u00e7ap olunmu\u015f m\u0259qal\u0259l\u0259r,\u00a0 V\u0259t\u0259n M\u00fcharib\u0259sind\u0259 g\u00f6st\u0259rdikl\u0259ri \u015f\u00fcca\u0259tl\u0259r\u0259 h\u0259sr olunmu\u015f tarixi m\u0259lumatlar verilmi\u015fdir ki, bu da \u0259ks\u0259r \u015f\u0259hid ail\u0259l\u0259rinin sa\u011falmaz yaralar\u0131na m\u0259lh\u0259m olmu\u015fdur.<\/p>\n<p>Yeri g\u0259lmi\u015fk\u0259n,\u00a0 1988-ci ill\u0259rd\u0259n \u00fcz\u00fcb\u0259ri I Qaraba\u011f M\u00fcharib\u0259sind\u0259, m\u0259lum Aprel d\u00f6y\u00fc\u015fl\u0259rind\u0259, 44 g\u00fcnl\u00fck V\u0259t\u0259n M\u00fcharib\u0259sind\u0259 q\u0259hr\u0259man \u015f\u0259hidl\u0259rimizin q\u0259hr\u0259manl\u0131q s\u0259lnam\u0259sini ara\u015fd\u0131ran, do\u011fru-d\u00fczg\u00fcn bizl\u0259r\u0259 \u00e7atd\u0131ran \u201cYeni T\u0259rt\u0259r\u201d q\u0259zetinin \u0259m\u0259kda\u015flar\u0131 t\u0259r\u0259find\u0259n toplan\u0131lan 500 tirajla 2022-ci ild\u0259 \u00e7ap olunan 237 s\u0259hif\u0259lik \u201cT\u0259rt\u0259rin tarix yazan o\u011fullar\u0131\u201dadl\u0131 kitab\u0131n m\u00fc\u0259llifi,\u00a0 \u201cYeni T\u0259rt\u0259r\u201d q\u0259zetinin redaktoru Svetlana Ba\u011f\u0131rovaya v\u0259 el\u0259c\u0259 d\u0259 kitab\u0131n redaktoru v\u0259 maliyy\u0259 d\u0259st\u0259yi il\u0259 \u0259rs\u0259y\u0259 g\u0259l\u0259n T\u0259rt\u0259r Rayon \u0130cra\u00a0 Hakimiyy\u0259tinin ba\u015f\u00e7\u0131s\u0131 M\u00fcst\u0259qim M\u0259mm\u0259dov S\u0259yyad o\u011fluna \u00f6z ad\u0131mdan, ail\u0259m ad\u0131mdan, el\u0259c\u0259 d\u0259 T\u0259rt\u0259r \u015f\u0259hidl\u0259rinin valideynl\u0259ri ad\u0131ndan minn\u0259tdarl\u0131\u011f\u0131m\u0131 bildirir\u0259m.<\/p>\n<p>\u201cYeni T\u0259rt\u0259r\u201d\u00a0 q\u0259zetinin redaksiya hey\u0259tini q\u0259zetin 90 illiyi m\u00fcnasib\u0259ti il\u0259 \u00fcr\u0259kd\u0259n t\u0259brik edir\u0259m, i\u015fl\u0259rind\u0259 nailiyy\u0259tl\u0259r\u00a0 arzulay\u0131ram. Arzu edir\u0259m ki,\u00a0 bundan sonra\u00a0 q\u0259zetin g\u0259l\u0259c\u0259k s\u0259hif\u0259l\u0259rind\u0259 yaln\u0131z xo\u015f x\u0259b\u0259rl\u0259r n\u0259\u015fr olunsun.<\/p>\n<p style=\"text-align: right;\"><strong><em>Vaqif \u018fliyev, <\/em><\/strong><\/p>\n<p style=\"text-align: right;\"><strong><em>\u015f\u0259hid atas\u0131\u00a0\u00a0\u00a0\u00a0\u00a0\u00a0\u00a0 <\/em><\/strong><\/p>\n","protected":false},"excerpt":{"rendered":"<p>Xalq\u0131m\u0131z\u0131n milli maraqlar\u0131n\u0131 ya\u015fadan,\u00a0 inki\u015faf etdir\u0259n, maarifl\u0259ndir\u0259n,\u00a0 istedadl\u0131 insanlar\u0131m\u0131z\u0131n, \u0259m\u0259k v\u0259 m\u00fcharib\u0259 q\u0259hr\u0259manlar\u0131m\u0131z\u0131n ill\u0259rl\u0259 h\u0259yat yolunu i\u015f\u0131qland\u0131ran m\u0259tbuat, q\u0259zetl\u0259r, jurnallar,\u00a0 kitablar olmu\u015fdur. Ke\u00e7\u0259n \u0259srin 34-c\u00fc\u00a0 ill\u0259rind\u0259n f\u0259aliyy\u0259t\u0259 ba\u015flayan, \u0259n q\u0259dim T\u00fcrk tayfalar\u0131n\u0131n birinin ad\u0131 il\u0259 adlanan T\u0259rt\u0259r\u00a0 rayon q\u0259zeti\u00a0 \u201cKolxoz\u00e7ular\u0131n varlanmas\u0131\u201d, \u201cQ\u0131z\u0131l Bayraq\u201d, \u201cT\u0259rt\u0259r\u201d, \u201cYeni T\u0259rt\u0259r\u201d adlar\u0131 alt\u0131nda\u00a0 f\u0259aliyy\u0259t g\u00f6st\u0259rmi\u015f v\u0259\u00a0 z\u0259hm\u0259tke\u015fl\u0259rin h\u00f6rm\u0259t v\u0259 r\u0259\u011fb\u0259tini [&hellip;]<\/p>\n","protected":false},"author":2,"featured_media":0,"comment_status":"closed","ping_status":"closed","sticky":false,"template":"","format":"standard","meta":[],"categories":[10],"tags":[],"_links":{"self":[{"href":"https:\/\/yeniterter.az\/index.php?rest_route=\/wp\/v2\/posts\/27167"}],"collection":[{"href":"https:\/\/yeniterter.az\/index.php?rest_route=\/wp\/v2\/posts"}],"about":[{"href":"https:\/\/yeniterter.az\/index.php?rest_route=\/wp\/v2\/types\/post"}],"author":[{"embeddable":true,"href":"https:\/\/yeniterter.az\/index.php?rest_route=\/wp\/v2\/users\/2"}],"replies":[{"embeddable":true,"href":"https:\/\/yeniterter.az\/index.php?rest_route=%2Fwp%2Fv2%2Fcomments&post=27167"}],"version-history":[{"count":1,"href":"https:\/\/yeniterter.az\/index.php?rest_route=\/wp\/v2\/posts\/27167\/revisions"}],"predecessor-version":[{"id":27169,"href":"https:\/\/yeniterter.az\/index.php?rest_route=\/wp\/v2\/posts\/27167\/revisions\/27169"}],"wp:attachment":[{"href":"https:\/\/yeniterter.az\/index.php?rest_route=%2Fwp%2Fv2%2Fmedia&parent=27167"}],"wp:term":[{"taxonomy":"category","embeddable":true,"href":"https:\/\/yeniterter.az\/index.php?rest_route=%2Fwp%2Fv2%2Fcategories&post=27167"},{"taxonomy":"post_tag","embeddable":true,"href":"https:\/\/yeniterter.az\/index.php?rest_route=%2Fwp%2Fv2%2Ftags&post=27167"}],"curies":[{"name":"wp","href":"https:\/\/api.w.org\/{rel}","templated":true}]}}