{"id":27102,"date":"2024-04-27T08:35:34","date_gmt":"2024-04-27T05:35:34","guid":{"rendered":"https:\/\/yeniterter.az\/?p=27102"},"modified":"2024-04-27T08:35:34","modified_gmt":"2024-04-27T05:35:34","slug":"az%c9%99rbaycan-qirgiz-respublikasi-il%c9%99-munasib%c9%99tl%c9%99r%c9%99-boyuk-on%c9%99m-verir","status":"publish","type":"post","link":"https:\/\/yeniterter.az\/?p=27102","title":{"rendered":"Az\u0259rbaycan Q\u0131r\u011f\u0131z Respublikas\u0131 il\u0259 m\u00fcnasib\u0259tl\u0259r\u0259 b\u00f6y\u00fck \u00f6n\u0259m verir"},"content":{"rendered":"<p><img decoding=\"async\" loading=\"lazy\" class=\"size-medium wp-image-27103 alignleft\" src=\"https:\/\/yeniterter.az\/wp-content\/uploads\/437695947_283399778157823_4275378957014133637_n-300x152.jpg\" alt=\"\" width=\"300\" height=\"152\" srcset=\"https:\/\/yeniterter.az\/wp-content\/uploads\/437695947_283399778157823_4275378957014133637_n-300x152.jpg 300w, https:\/\/yeniterter.az\/wp-content\/uploads\/437695947_283399778157823_4275378957014133637_n-1024x519.jpg 1024w, https:\/\/yeniterter.az\/wp-content\/uploads\/437695947_283399778157823_4275378957014133637_n-768x389.jpg 768w, https:\/\/yeniterter.az\/wp-content\/uploads\/437695947_283399778157823_4275378957014133637_n-1536x779.jpg 1536w, https:\/\/yeniterter.az\/wp-content\/uploads\/437695947_283399778157823_4275378957014133637_n.jpg 2048w\" sizes=\"(max-width: 300px) 100vw, 300px\" \/><img decoding=\"async\" loading=\"lazy\" class=\"size-medium wp-image-27104 alignright\" src=\"https:\/\/yeniterter.az\/wp-content\/uploads\/438913853_283399768157824_1487947329100706959_n-300x152.jpg\" alt=\"\" width=\"300\" height=\"152\" srcset=\"https:\/\/yeniterter.az\/wp-content\/uploads\/438913853_283399768157824_1487947329100706959_n-300x152.jpg 300w, https:\/\/yeniterter.az\/wp-content\/uploads\/438913853_283399768157824_1487947329100706959_n-1024x519.jpg 1024w, https:\/\/yeniterter.az\/wp-content\/uploads\/438913853_283399768157824_1487947329100706959_n-768x389.jpg 768w, https:\/\/yeniterter.az\/wp-content\/uploads\/438913853_283399768157824_1487947329100706959_n-1536x779.jpg 1536w, https:\/\/yeniterter.az\/wp-content\/uploads\/438913853_283399768157824_1487947329100706959_n.jpg 2048w\" sizes=\"(max-width: 300px) 100vw, 300px\" \/>24 aprel 2024-c\u00fc il tarixd\u0259 Az\u0259rbaycan Respublikas\u0131n\u0131n Prezidenti c\u0259nab \u0130lham \u018fliyev v\u0259 Q\u0131r\u011f\u0131z Respublikas\u0131n\u0131n Prezidenti c\u0259nab Sad\u0131r Japarov m\u0259tbuata b\u0259yanatlarla \u00e7\u0131x\u0131\u015f edibl\u0259r. D\u00f6vl\u0259timizin ba\u015f\u00e7\u0131s\u0131 b\u0259yanat\u0131nda bildirib: \u201cQar\u015f\u0131l\u0131ql\u0131 f\u0259aliyy\u0259timizin g\u00fcnd\u0259liyi kifay\u0259t q\u0259d\u0259r geni\u015fdir.<!--more--><\/p>\n<p><img decoding=\"async\" loading=\"lazy\" class=\"size-medium wp-image-27105 alignleft\" src=\"https:\/\/yeniterter.az\/wp-content\/uploads\/440414460_283399781491156_8823678194510536056_n-300x152.jpg\" alt=\"\" width=\"300\" height=\"152\" srcset=\"https:\/\/yeniterter.az\/wp-content\/uploads\/440414460_283399781491156_8823678194510536056_n-300x152.jpg 300w, https:\/\/yeniterter.az\/wp-content\/uploads\/440414460_283399781491156_8823678194510536056_n-1024x519.jpg 1024w, https:\/\/yeniterter.az\/wp-content\/uploads\/440414460_283399781491156_8823678194510536056_n-768x389.jpg 768w, https:\/\/yeniterter.az\/wp-content\/uploads\/440414460_283399781491156_8823678194510536056_n-1536x779.jpg 1536w, https:\/\/yeniterter.az\/wp-content\/uploads\/440414460_283399781491156_8823678194510536056_n.jpg 2048w\" sizes=\"(max-width: 300px) 100vw, 300px\" \/><img decoding=\"async\" loading=\"lazy\" class=\"size-medium wp-image-27106 alignright\" src=\"https:\/\/yeniterter.az\/wp-content\/uploads\/440424692_283399788157822_3019326828976292067_n-300x152.jpg\" alt=\"\" width=\"300\" height=\"152\" srcset=\"https:\/\/yeniterter.az\/wp-content\/uploads\/440424692_283399788157822_3019326828976292067_n-300x152.jpg 300w, https:\/\/yeniterter.az\/wp-content\/uploads\/440424692_283399788157822_3019326828976292067_n-1024x519.jpg 1024w, https:\/\/yeniterter.az\/wp-content\/uploads\/440424692_283399788157822_3019326828976292067_n-768x389.jpg 768w, https:\/\/yeniterter.az\/wp-content\/uploads\/440424692_283399788157822_3019326828976292067_n-1536x779.jpg 1536w, https:\/\/yeniterter.az\/wp-content\/uploads\/440424692_283399788157822_3019326828976292067_n.jpg 2048w\" sizes=\"(max-width: 300px) 100vw, 300px\" \/>D\u00f6vl\u0259tl\u0259raras\u0131 \u015euran\u0131n ikinci iclas\u0131 u\u011furla ke\u00e7di. \u0130mzalanm\u0131\u015f s\u0259n\u0259dl\u0259r qar\u015f\u0131l\u0131ql\u0131 f\u0259aliyy\u0259timizin m\u00f6hk\u0259ml\u0259ndirilm\u0259si, ticar\u0259t d\u00f6vriyy\u0259sinin artmas\u0131 v\u0259 b\u00fct\u00fcn istiqam\u0259tl\u0259r \u00fczr\u0259 \u0259m\u0259kda\u015fl\u0131\u011fa dair praktiki m\u00fcst\u0259vid\u0259 \u00f6z\u00fcn\u00fc ayd\u0131n \u015f\u0259kild\u0259 g\u00f6st\u0259r\u0259c\u0259k. Az\u0259rbaycan\u0131 M\u0259rk\u0259zi Asiya il\u0259 \u00e7ox\u0259srlik \u0259m\u0259kda\u015fl\u0131q, dostluq, qar\u015f\u0131l\u0131ql\u0131 f\u0259aliyy\u0259t ba\u011flar\u0131 birl\u0259\u015fdirir. Bu g\u00fcn M\u0259rk\u0259zi Asiya v\u0259 X\u0259z\u0259r regionlar\u0131, X\u0259z\u0259r v\u0259 C\u0259nubi Qafqaz regionlar\u0131n\u0131n bir hiss\u0259si olan Az\u0259rbaycan enerji resurslar\u0131, n\u0259qliyyat yollar\u0131, ticar\u0259t bax\u0131m\u0131ndan b\u00f6y\u00fck \u0259h\u0259miyy\u0259t k\u0259sb edir. Az\u0259rbaycan-Q\u0131r\u011f\u0131z \u0130nki\u015faf Fondunun Nizamnam\u0259 fondu 4 d\u0259f\u0259 &#8211; 25 milyon dollardan 100 milyon dollara q\u0259d\u0259r art\u0131b. 100 milyon dollar da son h\u0259dd deyil. M\u00fcvafiq h\u00f6kum\u0259t strukturlar\u0131na birg\u0259 investisiya fondu \u00e7\u0259r\u00e7iv\u0259sind\u0259 layih\u0259l\u0259rin h\u0259yata ke\u00e7irilm\u0259si mexanizmini daha tez realla\u015fd\u0131rmaq \u00fc\u00e7\u00fcn t\u0259dbirl\u0259r g\u00f6r\u00fcl\u00fcr. Q\u0131r\u011f\u0131z\u0131stan Prezidentinin t\u0259\u015f\u0259bb\u00fcs\u00fc il\u0259 Q\u0131r\u011f\u0131z\u0131stan A\u011fdam rayonunda orta m\u0259kt\u0259bin tikintisini \u00f6z v\u0259saiti hesab\u0131na h\u0259yata ke\u00e7ir\u0259c\u0259k. Bu qarda\u015f d\u0259st\u0259yin\u0259 g\u00f6r\u0259 \u00e7ox minn\u0259tdar\u0131q. Bu, bizim \u00fc\u00e7\u00fcn b\u00f6y\u00fck \u0259h\u0259miyy\u0259t\u0259 malikdir. Az\u0259rbaycanda Q\u0131r\u011f\u0131z\u0131stan M\u0259d\u0259niyy\u0259ti G\u00fcnl\u0259ri ke\u00e7iril\u0259c\u0259k. Q\u0131r\u011f\u0131z xalq\u0131n\u0131n b\u00f6y\u00fck o\u011flu \u00c7ingiz Aytmatovun Bak\u0131dak\u0131 abid\u0259sinin a\u00e7\u0131l\u0131\u015f\u0131 b\u00f6y\u00fck m\u0259d\u0259ni hadis\u0259dir. B\u00fct\u00fcn istiqam\u0259tl\u0259r \u00fczr\u0259 f\u0259al qar\u015f\u0131l\u0131ql\u0131 f\u0259aliyy\u0259ti davam etdirm\u0259k niyy\u0259tind\u0259yik. Bu m\u0259qs\u0259dl\u0259 m\u00fcnasib\u0259tl\u0259rimizin m\u00f6hk\u0259m qanunvericilik bazas\u0131n\u0131 yarad\u0131r\u0131q\u201d.<\/p>\n<p>Az\u0259rbaycan Respublikas\u0131n\u0131n Prezidenti c\u0259nab \u0130lham \u018fliyev v\u0259 Q\u0131r\u011f\u0131z Respublikas\u0131n\u0131n Prezidenti c\u0259nab Sad\u0131r Japarov Bak\u0131da g\u00f6rk\u0259mli q\u0131r\u011f\u0131z yaz\u0131\u00e7\u0131s\u0131 \u00c7ingiz Aytmatovun abid\u0259sinin a\u00e7\u0131l\u0131\u015f m\u0259rasimind\u0259 i\u015ftirak edibl\u0259r. D\u00f6vl\u0259timizin ba\u015f\u00e7\u0131s\u0131 m\u0259rasimd\u0259 \u00e7\u0131x\u0131\u015f ed\u0259r\u0259k bildirib: \u201cQ\u0131r\u011f\u0131z xalq\u0131n\u0131n b\u00f6y\u00fck o\u011flu \u00c7ingiz Aytmatovun abid\u0259sinin a\u00e7\u0131l\u0131\u015f\u0131 dostlu\u011fumuzun, qarda\u015fl\u0131\u011f\u0131m\u0131z\u0131n v\u0259 birliyimizin daha bir r\u0259mzi olacaq. \u00c7ingiz Aytmatov d\u00fcnya\u015f\u00f6hr\u0259tli yaz\u0131\u00e7\u0131, h\u0259yat\u0131 boyu h\u0259m Sovet \u0130ttifaq\u0131 m\u0259kan\u0131nda, h\u0259m d\u0259 d\u00fcnya miqyas\u0131nda \u00f6z xalq\u0131n\u0131 layiqinc\u0259 t\u0259msil etmi\u015f q\u0131r\u011f\u0131z xalq\u0131n\u0131n b\u00f6y\u00fck o\u011fludur. Az\u0259rbaycan xalq\u0131 \u00c7ingiz Aytmatovu sevir. Xalq onun yarad\u0131c\u0131l\u0131\u011f\u0131n\u0131 sevir v\u0259 f\u0259al v\u0259t\u0259nda\u015f m\u00f6vqeyin\u0259, milli ruhuna v\u0259 k\u00f6kl\u0259rin\u0259 sadiqliyin\u0259 g\u00f6r\u0259 l\u0259yaq\u0259tli insan kimi h\u00f6rm\u0259t b\u0259sl\u0259yir. \u00c7ingiz Aytmatov m\u00fcnasib\u0259tl\u0259rimizin m\u00f6hk\u0259ml\u0259nm\u0259si i\u015find\u0259 xidm\u0259tl\u0259rin\u0259 g\u00f6r\u0259 Az\u0259rbaycan d\u00f6vl\u0259tinin y\u00fcks\u0259k m\u00fckafat\u0131 olan \u201cDostluq\u201d ordeni il\u0259 t\u0259ltif edilmi\u015fdir. T\u0259sad\u00fcfi deyil ki, o, t\u0259kc\u0259 yaz\u0131\u00e7\u0131 kimi deyil, h\u0259m d\u0259 ictimai xadim kimi ke\u00e7mi\u015f SSR\u0130 m\u0259kan\u0131nda v\u0259 d\u00fcnya miqyas\u0131nda b\u00f6y\u00fck h\u00f6rm\u0259t qazanm\u0131\u015f \u015f\u0259xsiyy\u0259t idi v\u0259 onun xatir\u0259si, \u0259lb\u0259tt\u0259 ki, q\u0131r\u011f\u0131z xalq\u0131n\u0131n, b\u00fct\u00fcn qarda\u015f xalqlar\u0131n q\u0259lbind\u0259 ya\u015fay\u0131r. B\u00fct\u00fcn T\u00fcrk d\u00fcnyas\u0131 \u00f6z layiqli n\u00fcmay\u0259nd\u0259si il\u0259 f\u0259xr edir. \u00c7ingiz Aytmatovun Bak\u0131dak\u0131 abid\u0259si bizim birliyimizin, dostlu\u011fumuzun v\u0259 qarda\u015fl\u0131\u011f\u0131m\u0131z\u0131n r\u0259mzin\u0259 \u00e7evril\u0259c\u0259k.<\/p>\n<p>&nbsp;<\/p>\n","protected":false},"excerpt":{"rendered":"<p>24 aprel 2024-c\u00fc il tarixd\u0259 Az\u0259rbaycan Respublikas\u0131n\u0131n Prezidenti c\u0259nab \u0130lham \u018fliyev v\u0259 Q\u0131r\u011f\u0131z Respublikas\u0131n\u0131n Prezidenti c\u0259nab Sad\u0131r Japarov m\u0259tbuata b\u0259yanatlarla \u00e7\u0131x\u0131\u015f edibl\u0259r. D\u00f6vl\u0259timizin ba\u015f\u00e7\u0131s\u0131 b\u0259yanat\u0131nda bildirib: \u201cQar\u015f\u0131l\u0131ql\u0131 f\u0259aliyy\u0259timizin g\u00fcnd\u0259liyi kifay\u0259t q\u0259d\u0259r geni\u015fdir.<\/p>\n","protected":false},"author":2,"featured_media":0,"comment_status":"closed","ping_status":"closed","sticky":false,"template":"","format":"standard","meta":[],"categories":[10],"tags":[],"_links":{"self":[{"href":"https:\/\/yeniterter.az\/index.php?rest_route=\/wp\/v2\/posts\/27102"}],"collection":[{"href":"https:\/\/yeniterter.az\/index.php?rest_route=\/wp\/v2\/posts"}],"about":[{"href":"https:\/\/yeniterter.az\/index.php?rest_route=\/wp\/v2\/types\/post"}],"author":[{"embeddable":true,"href":"https:\/\/yeniterter.az\/index.php?rest_route=\/wp\/v2\/users\/2"}],"replies":[{"embeddable":true,"href":"https:\/\/yeniterter.az\/index.php?rest_route=%2Fwp%2Fv2%2Fcomments&post=27102"}],"version-history":[{"count":1,"href":"https:\/\/yeniterter.az\/index.php?rest_route=\/wp\/v2\/posts\/27102\/revisions"}],"predecessor-version":[{"id":27107,"href":"https:\/\/yeniterter.az\/index.php?rest_route=\/wp\/v2\/posts\/27102\/revisions\/27107"}],"wp:attachment":[{"href":"https:\/\/yeniterter.az\/index.php?rest_route=%2Fwp%2Fv2%2Fmedia&parent=27102"}],"wp:term":[{"taxonomy":"category","embeddable":true,"href":"https:\/\/yeniterter.az\/index.php?rest_route=%2Fwp%2Fv2%2Fcategories&post=27102"},{"taxonomy":"post_tag","embeddable":true,"href":"https:\/\/yeniterter.az\/index.php?rest_route=%2Fwp%2Fv2%2Ftags&post=27102"}],"curies":[{"name":"wp","href":"https:\/\/api.w.org\/{rel}","templated":true}]}}