{"id":26995,"date":"2024-03-28T13:43:37","date_gmt":"2024-03-28T10:43:37","guid":{"rendered":"https:\/\/yeniterter.az\/?p=26995"},"modified":"2024-03-28T13:43:37","modified_gmt":"2024-03-28T10:43:37","slug":"onlar-at%c9%99sk%c9%99s-dovrund%c9%99-s%c9%99hid-olublar","status":"publish","type":"post","link":"https:\/\/yeniterter.az\/?p=26995","title":{"rendered":"Onlar at\u0259\u015fk\u0259s d\u00f6vr\u00fcnd\u0259 \u015f\u0259hid olublar"},"content":{"rendered":"<p><strong>\u00a0 \u00a0 \u00a0 \u00a0 \u00a0 \u00a0 \u00a0 \u00a0 \u00a0 \u00a0 \u00a0 \u00a0 \u00a0 \u00a0 \u00a0 \u00a0 \u00a0 \u00a0 \u00a0 \u00a0 \u00a0 \u00a0 \u00a0 \u00a0 \u00a0 \u00a0 \u00a0 \u00a0 \u00a0 \u00a0 \u00a0 \u00a0 \u00a0 \u00a0 \u00a0 \u00a0 \u00a0 \u00a0 Quliyev Elm\u0259ddin C\u0259f\u0259r o\u011flu<\/strong><br \/>\n1987-ci il may ay\u0131n\u0131n 7-d\u0259 T\u0259rt\u0259r rayonunun Qapanl\u0131 k\u0259ndind\u0259 anadan olub. Orta t\u0259hsilini Qapanl\u0131 k\u0259nd orta m\u0259kt\u0259bind\u0259 al\u0131b. S\u0259hh\u0259tind\u0259 olan probleml\u0259 \u0259laq\u0259dar h\u0259rbi xidm\u0259t\u0259 getm\u0259sin\u0259 m\u00fcdd\u0259t verilib. Bu m\u00fcdd\u0259td\u0259 k\u0259ndd\u0259 t\u0259s\u0259rr\u00fcfat i\u015fl\u0259ri il\u0259 m\u0259\u015f\u011ful olub. 2012-ci il oktyabr\u0131n 26-da Qapanl\u0131 k\u0259ndinin erm\u0259ni k\u0259ndin\u0259 yax\u0131n hiss\u0259sind\u0259n qay\u0131dark\u0259n erm\u0259ni t\u0259cav\u00fcz\u00fc n\u0259tic\u0259sind\u0259 minaya d\u00fc\u015f\u0259r\u0259k \u015f\u0259hid olmu\u015fdur. Qapanl\u0131 k\u0259nd q\u0259biristanl\u0131\u011f\u0131nda d\u0259fn olunub.<br \/>\nEvli idi. Sadiq v\u0259 \u018fli adl\u0131 iki o\u011flu var. \u00d6vladlar\u0131 v\u0259 h\u0259yat yolda\u015f\u0131 Nuran\u0259 Elm\u0259ddinin valideynl\u0259ri il\u0259 birg\u0259 T\u0259rt\u0259r rayonunun Qapanl\u0131 k\u0259ndind\u0259 ya\u015fay\u0131rlar.<\/p>\n<p><strong>\u00a0 \u00a0 \u00a0 \u00a0 \u00a0 \u00a0 \u00a0 \u00a0 \u00a0 \u00a0 \u00a0 \u00a0 \u00a0 \u00a0 \u00a0 \u00a0 \u00a0 \u00a0 \u00a0 \u00a0 \u00a0 \u00a0 \u00a0 \u00a0 \u00a0 \u00a0 \u00a0 \u00a0 \u00a0 \u00a0 \u00a0 \u00a0 \u00a0 \u00a0 \u00a0 \u00a0 \u00a0 \u00a0\u015e\u0259milov Orxan F\u0259rhad o\u011flu<\/strong><br \/>\n1988-ci il noyabr\u0131n 22-d\u0259 T\u0259rt\u0259r rayonunun Buruc k\u0259ndind\u0259 anadan olub. Orta t\u0259hsilini Buruc k\u0259nd tam orta m\u0259kt\u0259bind\u0259 al\u0131b, h\u0259min m\u0259kt\u0259bin 9-cu sinfini bitirib. Ata-anas\u0131na t\u0259s\u0259rr\u00fcfat i\u015fl\u0259rind\u0259 k\u00f6m\u0259k edib. 2007-ci ild\u0259 h\u0259qiqi h\u0259rbi xidm\u0259t\u0259 \u00e7a\u011f\u0131r\u0131l\u0131b. H\u0259rbi xidm\u0259tini F\u00fczuli rayonunda \u00e7\u0259kib. 2008-ci il noyabr ay\u0131n\u0131n 17-d\u0259 postda dayanark\u0259n \u2013v\u0259zif\u0259 borcunu yerin\u0259 yetir\u0259rk\u0259n erm\u0259nil\u0259rin q\u0259fl\u0259ti h\u00fccumuna m\u0259ruz qal\u0131b. D\u00f6y\u00fc\u015f\u0259r\u0259k 2 erm\u0259ni quldurunu m\u0259hv edib, \u00f6z\u00fc is\u0259 neytral \u0259razid\u0259 \u015f\u0259hid olub. Meyiti 2 g\u00fcnd\u0259n sonra g\u00f6t\u00fcr\u00fcl\u00fcb. Buruc k\u0259nd q\u0259biristanl\u0131\u011f\u0131nda d\u0259fn olunub.<br \/>\nSubay idi. Atas\u0131 r\u0259hm\u0259t\u0259 gedib, anas\u0131 T\u0259rt\u0259r rayonunun Buruc k\u0259ndind\u0259 ya\u015fay\u0131r.<!--more--><\/p>\n<p><strong>\u00a0 \u00a0 \u00a0 \u00a0 \u00a0 \u00a0 \u00a0 \u00a0 \u00a0 \u00a0 \u00a0 \u00a0 \u00a0 \u00a0 \u00a0 \u00a0 \u00a0 \u00a0 \u00a0 \u00a0 \u00a0 \u00a0 \u00a0 \u00a0 \u00a0 \u00a0 \u00a0 \u00a0 \u00a0 \u00a0 \u00a0 \u00a0 \u00a0 \u00a0 \u00a0 \u00a0 \u00a0 \u00a0 M\u0259mm\u0259dov F\u0259rid Nof\u0259l o\u011flu<\/strong><br \/>\n1988-ci il oktyabr ay\u0131n\u0131n 11-d\u0259 T\u0259rt\u0259r rayonunun Xoruzlu k\u0259ndind\u0259 anadan olub. 1994-2005-ci ill\u0259rd\u0259 Xoruzlu k\u0259nd tam orta m\u0259kt\u0259bind\u0259 orta t\u0259hsil al\u0131b. Orta m\u0259kt\u0259bi bitirdikd\u0259n sonra k\u0259ndd\u0259 qalaraq t\u0259s\u0259rr\u00fcfat i\u015fl\u0259ri il\u0259 m\u0259\u015f\u011ful olub. 2007-ci il yanvar\u0131n 11-d\u0259 h\u0259qiqi h\u0259rbi xidm\u0259t\u0259 \u00e7a\u011f\u0131r\u0131l\u0131b. H\u0259rbi xidm\u0259ti Qazax rayonunda \u00e7\u0259kib. 2007-ci ilin 13 oktyabr\u0131nda gec\u0259 postda dayanark\u0259n erm\u0259ni h\u00fccumuna m\u0259ruz qalaraq ba\u015f\u0131ndan ald\u0131\u011f\u0131 yaradan \u015f\u0259hid olub. Oktyabr\u0131n 14-d\u0259 Xoruzlu k\u0259nd q\u0259bristanl\u0131\u011f\u0131nda d\u0259fn olunub.<br \/>\nSubay idi. Anas\u0131na T\u0259rt\u0259r \u015f\u0259h\u0259rind\u0259 \u015f\u0259hid ail\u0259l\u0259ri \u00fc\u00e7\u00fcn tikilmi\u015f binada 2 otaql\u0131 ev verilib.<\/p>\n<p><strong>\u00a0 \u00a0 \u00a0 \u00a0 \u00a0 \u00a0 \u00a0 \u00a0 \u00a0 \u00a0 \u00a0 \u00a0 \u00a0 \u00a0 \u00a0 \u00a0 \u00a0 \u00a0 \u00a0 \u00a0 \u00a0 \u00a0 \u00a0 \u00a0 \u00a0 \u00a0 \u00a0 \u00a0 \u00a0 \u00a0 \u00a0 \u00a0 \u00a0 \u00a0 \u00a0 \u00a0 \u00a0 \u00a0 \u00a0 \u00a0 Orucov El\u00e7in Raquf o\u011flu<\/strong><br \/>\n1991-ci il may\u0131n 17-d\u0259 T\u0259rt\u0259r rayonunun Seydimli k\u0259ndind\u0259 anadan olub. Orta t\u0259hsilini Seydimli k\u0259nd orta m\u0259kt\u0259bind\u0259 al\u0131b. 3 iyul 2009-cu ild\u0259 h\u0259qiqi h\u0259rbi xidm\u0259t\u0259 \u00e7a\u011f\u0131r\u0131l\u0131b. H\u0259rbi xidm\u0259ti Nax\u00e7\u0131van Respublikas\u0131nda ke\u00e7ib. 2011-ci ilin yanvar\u0131ndan h\u0259qiqi h\u0259rbi xidm\u0259ti ba\u015fa \u00e7at\u0131b. Az bir vaxtdan sonra m\u00fcdd\u0259td\u0259n art\u0131q xidm\u0259t\u0259 yaz\u0131l\u0131b. 2012\u2013ci il yanvar\u0131n 9-dan m\u00fcdd\u0259td\u0259n art\u0131q h\u0259rbi xidm\u0259t qulluq\u00e7usu kimi Tovuz rayonunda h\u0259rbi xidm\u0259t\u0259 ba\u015flay\u0131b. 2012\u2013ci ilin iyulun 18-d\u0259 v\u0259zif\u0259 borcunu yerin\u0259 yetir\u0259rk\u0259n erm\u0259nil\u0259r t\u0259r\u0259find\u0259n snayperl\u0259 vurularaq \u015f\u0259hid olub. Seydimli q\u0259biristanl\u0131\u011f\u0131nda d\u0259fn olunub.<br \/>\nSubay idi. Valideynl\u0259ri T\u0259rt\u0259r rayonunun Seydimli k\u0259ndin\u0259 ya\u015fay\u0131r.<\/p>\n<p style=\"text-align: right;\"><em><strong>\u201cYEN\u0130\u2008T\u018fRT\u018fR\u201d<\/strong><\/em><\/p>\n<p>&nbsp;<\/p>\n","protected":false},"excerpt":{"rendered":"<p>\u00a0 \u00a0 \u00a0 \u00a0 \u00a0 \u00a0 \u00a0 \u00a0 \u00a0 \u00a0 \u00a0 \u00a0 \u00a0 \u00a0 \u00a0 \u00a0 \u00a0 \u00a0 \u00a0 \u00a0 \u00a0 \u00a0 \u00a0 \u00a0 \u00a0 \u00a0 \u00a0 \u00a0 \u00a0 \u00a0 \u00a0 \u00a0 \u00a0 \u00a0 \u00a0 \u00a0 \u00a0 \u00a0 Quliyev Elm\u0259ddin C\u0259f\u0259r o\u011flu 1987-ci il may ay\u0131n\u0131n 7-d\u0259 T\u0259rt\u0259r rayonunun Qapanl\u0131 k\u0259ndind\u0259 anadan olub. Orta t\u0259hsilini [&hellip;]<\/p>\n","protected":false},"author":2,"featured_media":0,"comment_status":"closed","ping_status":"closed","sticky":false,"template":"","format":"standard","meta":[],"categories":[39],"tags":[],"_links":{"self":[{"href":"https:\/\/yeniterter.az\/index.php?rest_route=\/wp\/v2\/posts\/26995"}],"collection":[{"href":"https:\/\/yeniterter.az\/index.php?rest_route=\/wp\/v2\/posts"}],"about":[{"href":"https:\/\/yeniterter.az\/index.php?rest_route=\/wp\/v2\/types\/post"}],"author":[{"embeddable":true,"href":"https:\/\/yeniterter.az\/index.php?rest_route=\/wp\/v2\/users\/2"}],"replies":[{"embeddable":true,"href":"https:\/\/yeniterter.az\/index.php?rest_route=%2Fwp%2Fv2%2Fcomments&post=26995"}],"version-history":[{"count":1,"href":"https:\/\/yeniterter.az\/index.php?rest_route=\/wp\/v2\/posts\/26995\/revisions"}],"predecessor-version":[{"id":26996,"href":"https:\/\/yeniterter.az\/index.php?rest_route=\/wp\/v2\/posts\/26995\/revisions\/26996"}],"wp:attachment":[{"href":"https:\/\/yeniterter.az\/index.php?rest_route=%2Fwp%2Fv2%2Fmedia&parent=26995"}],"wp:term":[{"taxonomy":"category","embeddable":true,"href":"https:\/\/yeniterter.az\/index.php?rest_route=%2Fwp%2Fv2%2Fcategories&post=26995"},{"taxonomy":"post_tag","embeddable":true,"href":"https:\/\/yeniterter.az\/index.php?rest_route=%2Fwp%2Fv2%2Ftags&post=26995"}],"curies":[{"name":"wp","href":"https:\/\/api.w.org\/{rel}","templated":true}]}}