{"id":26974,"date":"2024-03-27T08:31:41","date_gmt":"2024-03-27T05:31:41","guid":{"rendered":"https:\/\/yeniterter.az\/?p=26974"},"modified":"2024-03-27T08:34:40","modified_gmt":"2024-03-27T05:34:40","slug":"biz-hamimiz-ikinci-qarabag-muharib%c9%99sind%c9%99n-sonra-qururla-yasayiriq","status":"publish","type":"post","link":"https:\/\/yeniterter.az\/?p=26974","title":{"rendered":"Biz ham\u0131m\u0131z \u0130kinci Qaraba\u011f m\u00fcharib\u0259sind\u0259n sonra q\u00fcrurla ya\u015fay\u0131r\u0131q"},"content":{"rendered":"<p><img decoding=\"async\" loading=\"lazy\" class=\" wp-image-26975 alignleft\" src=\"https:\/\/yeniterter.az\/wp-content\/uploads\/419257611_263624200135381_3356230966357708873_n-300x206.jpg\" alt=\"\" width=\"210\" height=\"144\" srcset=\"https:\/\/yeniterter.az\/wp-content\/uploads\/419257611_263624200135381_3356230966357708873_n-300x206.jpg 300w, https:\/\/yeniterter.az\/wp-content\/uploads\/419257611_263624200135381_3356230966357708873_n.jpg 588w\" sizes=\"(max-width: 210px) 100vw, 210px\" \/><img decoding=\"async\" loading=\"lazy\" class=\" wp-image-26976 alignleft\" src=\"https:\/\/yeniterter.az\/wp-content\/uploads\/418150472_263624240135377_2457975311528230180_n-300x152.jpg\" alt=\"\" width=\"282\" height=\"143\" srcset=\"https:\/\/yeniterter.az\/wp-content\/uploads\/418150472_263624240135377_2457975311528230180_n-300x152.jpg 300w, https:\/\/yeniterter.az\/wp-content\/uploads\/418150472_263624240135377_2457975311528230180_n.jpg 584w\" sizes=\"(max-width: 282px) 100vw, 282px\" \/>18 mart 2024-c\u00fc il tarixd\u0259 Az\u0259rbaycan Respublikas\u0131n\u0131n Prezidenti c\u0259nab \u0130lham \u018fliyev Xank\u0259ndi \u015f\u0259h\u0259rind\u0259 Novruz tonqal\u0131n\u0131 alovland\u0131r\u0131b. D\u00f6vl\u0259timizin ba\u015f\u00e7\u0131s\u0131 Az\u0259rbaycan xalq\u0131n\u0131 Novruz bayram\u0131 m\u00fcnasib\u0259til\u0259 t\u0259brik edib. Prezident c\u0259nab \u0130lham \u018fliyev t\u0259brikind\u0259 bildirib: \u201cD\u00f6rd\u00fcnc\u00fc d\u0259f\u0259dir ki, bayram tonqal\u0131 azad edilmi\u015f Qaraba\u011f torpa\u011f\u0131nda qalan\u0131r. 2021-ci ild\u0259 \u015eu\u015fada, 2022-ci ild\u0259 Suqovu\u015fanda, ke\u00e7\u0259n il Tal\u0131\u015f k\u0259ndind\u0259, bu d\u0259f\u0259 is\u0259 Xank\u0259ndi \u015f\u0259h\u0259rind\u0259 bayram tonqal\u0131 qalan\u0131r. Alt\u0131 ay bundan \u0259vv\u0259l c\u0259mi bir g\u00fcnd\u0259n az davam ed\u0259n antiterror \u0259m\u0259liyyat\u0131 n\u0259tic\u0259sind\u0259 biz \u00f6z suverenliyimizi tam b\u0259rpa etdik. Bu g\u00fcn Az\u0259rbaycan\u0131n \u0259razi b\u00fct\u00f6vl\u00fcy\u00fc tamamil\u0259 t\u0259min edilmi\u015fdir. Az\u0259rbaycan xalq\u0131 \u0130kinci Qaraba\u011f m\u00fcharib\u0259si zaman\u0131 v\u0259 antiterror \u0259m\u0259liyyat\u0131 n\u0259tic\u0259sind\u0259 b\u00f6y\u00fck q\u0259hr\u0259manl\u0131q g\u00f6st\u0259rib. Allah b\u00fct\u00fcn \u015f\u0259hidl\u0259rimiz\u0259 r\u0259hm\u0259t el\u0259sin! \u015e\u0259hidl\u0259rimizin, igid \u0259sg\u0259r v\u0259 zabitl\u0259rimizin f\u0259dakarl\u0131\u011f\u0131, pe\u015f\u0259karl\u0131\u011f\u0131, q\u0259hr\u0259manl\u0131\u011f\u0131 n\u0259tic\u0259sind\u0259 bu g\u00fcn biz bu torpaqlarda qururuq, yarad\u0131r\u0131q, bu torpaqlara h\u0259yat qay\u0131d\u0131r. B\u0259rpa-quruculuq i\u015fl\u0259ri davaml\u0131 olaraq apar\u0131l\u0131r. Geni\u015f quruculuq i\u015fl\u0259ri apar\u0131l\u0131r, biz art\u0131q ke\u00e7mi\u015f k\u00f6\u00e7k\u00fcnl\u0259ri \u00f6z d\u0259d\u0259-baba torpaqlar\u0131na qaytara bilmi\u015fik v\u0259 bu il bu proses davam ed\u0259c\u0259k. \u0130kinci Qaraba\u011f m\u00fcharib\u0259sinin n\u0259tic\u0259l\u0259ri Erm\u0259nistana d\u0259rs olmad\u0131. \u018fg\u0259r d\u0259rs olsayd\u0131, antiterror \u0259m\u0259liyyat\u0131n\u0131n ke\u00e7irilm\u0259sin\u0259 ehtiyac olmazd\u0131. Erm\u0259nistan \u0130kinci Qaraba\u011f m\u00fcharib\u0259sind\u0259n sonra ke\u00e7\u0259n \u00fc\u00e7 il \u0259rzind\u0259 d\u00fczg\u00fcn n\u0259tic\u0259 \u00e7\u0131xarmam\u0131\u015fd\u0131r, \u00f6z qanunsuz silahl\u0131 birl\u0259\u015fm\u0259l\u0259rini bizim torpa\u011f\u0131m\u0131zda \u0259b\u0259di saxlamaq ist\u0259yirdi, burada vaxtil\u0259 qanunsuz yarad\u0131lm\u0131\u015f qondarma d\u0131rnaqaras\u0131 Da\u011fl\u0131q Qaraba\u011f respublikas\u0131n\u0131 ya\u015fatmaq ist\u0259yirdi\u201d.<!--more--><\/p>\n<p>D\u00f6vl\u0259timizin ba\u015f\u00e7\u0131s\u0131 t\u0259brikind\u0259 qeyd edib: \u201cAz\u0259rbaycan\u0131n b\u00fct\u00fcn q\u0259rar v\u0259 add\u0131mlar\u0131 beyn\u0259lxalq h\u00fcquqa \u0259saslan\u0131r. Biz beyn\u0259lxalq h\u00fcquq \u00e7\u0259r\u00e7iv\u0259sind\u0259 \u00f6z \u0259razi b\u00fct\u00f6vl\u00fcy\u00fcm\u00fcz\u00fc, suverenliyimizi b\u0259rpa etmi\u015fik, BMT T\u0259hl\u00fck\u0259sizlik \u015euras\u0131n\u0131n d\u00f6rd q\u0259tnam\u0259sini \u00f6z\u00fcm\u00fcz d\u00f6y\u00fc\u015f meydan\u0131nda b\u0259rpa etmi\u015fik. Ordumuzun, b\u00fct\u00fcn Silahl\u0131 Q\u00fcvv\u0259l\u0259rimizin d\u00f6y\u00fc\u015f qabiliyy\u0259ti b\u00f6y\u00fck d\u0259r\u0259c\u0259d\u0259 artm\u0131\u015fd\u0131r, maddi-texniki t\u0259chizat \u0259n y\u00fcks\u0259k s\u0259viyy\u0259d\u0259 h\u0259ll olunurdu v\u0259 \u0130kinci Qaraba\u011f m\u00fcharib\u0259si v\u0259 antiterror \u0259m\u0259liyyat\u0131 bunu b\u00fct\u00fcn d\u00fcnyaya n\u00fcmayi\u015f etdirdi. El\u0259 bir g\u0259nc n\u0259sil yeti\u015fdirildi ki, bu g\u0259nc n\u0259sil bizim xalq\u0131m\u0131z \u00fc\u00e7\u00fcn \u0259b\u0259di q\u00fcrur m\u0259nb\u0259yi olacaq v\u0259 b\u00fct\u00fcn d\u00fcnyaya Az\u0259rbaycan xalq\u0131n\u0131n b\u00f6y\u00fckl\u00fcy\u00fcn\u00fc n\u00fcmayi\u015f etdirmi\u015fdir. Bizim g\u0259ncl\u0259rimiz v\u0259t\u0259np\u0259rv\u0259rlik ruhunda, milli ruhda yeti\u015fdirildi, \u00fc\u00e7 il bundan \u0259vv\u0259l torpaqlar\u0131m\u0131z\u0131 azad etm\u0259k \u00fc\u00e7\u00fcn \u00f6l\u00fcm\u0259 getm\u0259y\u0259 haz\u0131r idil\u0259r v\u0259 \u00f6l\u00fcm\u0259 gedirdil\u0259r. Biz b\u00fct\u00fcn \u015f\u0259hidl\u0259rimizin, g\u00fcnahs\u0131z Xocal\u0131 qurbanlar\u0131n\u0131n qan\u0131n\u0131 d\u00f6y\u00fc\u015f meydan\u0131nda ald\u0131q v\u0259 bununla f\u0259xr edirik. \u0130st\u0259nil\u0259n \u00f6lk\u0259, ist\u0259nil\u0259n xalq bununla f\u0259xr ed\u0259 bil\u0259r, o c\u00fcml\u0259d\u0259n biz. Biz \u0259razi b\u00fct\u00f6vl\u00fcy\u00fcm\u00fcz\u00fc, suverenliyimizi, beyn\u0259lxalq h\u00fcququmuzu, milli l\u0259yaq\u0259timizi b\u0259rpa etmi\u015fik v\u0259 bu g\u00fcn azad xalq kimi ya\u015fay\u0131r\u0131q, qururuq v\u0259 bundan sonra bu torpaqlarda \u0259b\u0259di ya\u015fayaca\u011f\u0131q. Biz ham\u0131m\u0131z \u0130kinci Qaraba\u011f m\u00fcharib\u0259sind\u0259n sonra q\u00fcrurla ya\u015fay\u0131r\u0131q. Biz ham\u0131m\u0131z f\u0259xr edirik ki, biz \u00f6z\u00fcm\u00fcz \u0259dal\u0259ti b\u0259rpa etdik, torpaqlar\u0131m\u0131z\u0131 i\u015f\u011fal\u00e7\u0131lardan azad etdik, \u00f6z g\u00fcc\u00fcm\u00fcz\u00fc g\u00f6st\u0259rdik v\u0259 bundan sonra h\u0259r k\u0259s biziml\u0259 hesabla\u015fmal\u0131d\u0131r, \u0259ks t\u0259qdird\u0259, \u00f6z\u00fc pe\u015fman olacaq\u201d.<\/p>\n<p>&nbsp;<\/p>\n","protected":false},"excerpt":{"rendered":"<p>18 mart 2024-c\u00fc il tarixd\u0259 Az\u0259rbaycan Respublikas\u0131n\u0131n Prezidenti c\u0259nab \u0130lham \u018fliyev Xank\u0259ndi \u015f\u0259h\u0259rind\u0259 Novruz tonqal\u0131n\u0131 alovland\u0131r\u0131b. D\u00f6vl\u0259timizin ba\u015f\u00e7\u0131s\u0131 Az\u0259rbaycan xalq\u0131n\u0131 Novruz bayram\u0131 m\u00fcnasib\u0259til\u0259 t\u0259brik edib. Prezident c\u0259nab \u0130lham \u018fliyev t\u0259brikind\u0259 bildirib: \u201cD\u00f6rd\u00fcnc\u00fc d\u0259f\u0259dir ki, bayram tonqal\u0131 azad edilmi\u015f Qaraba\u011f torpa\u011f\u0131nda qalan\u0131r. 2021-ci ild\u0259 \u015eu\u015fada, 2022-ci ild\u0259 Suqovu\u015fanda, ke\u00e7\u0259n il Tal\u0131\u015f k\u0259ndind\u0259, bu d\u0259f\u0259 is\u0259 Xank\u0259ndi [&hellip;]<\/p>\n","protected":false},"author":2,"featured_media":0,"comment_status":"closed","ping_status":"closed","sticky":false,"template":"","format":"standard","meta":[],"categories":[10],"tags":[],"_links":{"self":[{"href":"https:\/\/yeniterter.az\/index.php?rest_route=\/wp\/v2\/posts\/26974"}],"collection":[{"href":"https:\/\/yeniterter.az\/index.php?rest_route=\/wp\/v2\/posts"}],"about":[{"href":"https:\/\/yeniterter.az\/index.php?rest_route=\/wp\/v2\/types\/post"}],"author":[{"embeddable":true,"href":"https:\/\/yeniterter.az\/index.php?rest_route=\/wp\/v2\/users\/2"}],"replies":[{"embeddable":true,"href":"https:\/\/yeniterter.az\/index.php?rest_route=%2Fwp%2Fv2%2Fcomments&post=26974"}],"version-history":[{"count":3,"href":"https:\/\/yeniterter.az\/index.php?rest_route=\/wp\/v2\/posts\/26974\/revisions"}],"predecessor-version":[{"id":26979,"href":"https:\/\/yeniterter.az\/index.php?rest_route=\/wp\/v2\/posts\/26974\/revisions\/26979"}],"wp:attachment":[{"href":"https:\/\/yeniterter.az\/index.php?rest_route=%2Fwp%2Fv2%2Fmedia&parent=26974"}],"wp:term":[{"taxonomy":"category","embeddable":true,"href":"https:\/\/yeniterter.az\/index.php?rest_route=%2Fwp%2Fv2%2Fcategories&post=26974"},{"taxonomy":"post_tag","embeddable":true,"href":"https:\/\/yeniterter.az\/index.php?rest_route=%2Fwp%2Fv2%2Ftags&post=26974"}],"curies":[{"name":"wp","href":"https:\/\/api.w.org\/{rel}","templated":true}]}}