{"id":26969,"date":"2024-03-18T16:13:07","date_gmt":"2024-03-18T13:13:07","guid":{"rendered":"https:\/\/yeniterter.az\/?p=26969"},"modified":"2024-03-18T16:13:07","modified_gmt":"2024-03-18T13:13:07","slug":"olk%c9%99mizin-nato-il%c9%99-t%c9%99r%c9%99fdasligi-musb%c9%99t-olmusdur","status":"publish","type":"post","link":"https:\/\/yeniterter.az\/?p=26969","title":{"rendered":"\u00d6lk\u0259mizin NATO il\u0259 t\u0259r\u0259fda\u015fl\u0131\u011f\u0131 m\u00fcsb\u0259t olmu\u015fdur"},"content":{"rendered":"<div class=\"xdj266r x11i5rnm xat24cr x1mh8g0r x1vvkbs x126k92a\">\n<div dir=\"auto\"><img decoding=\"async\" loading=\"lazy\" class=\"size-medium wp-image-26970 alignleft\" src=\"https:\/\/yeniterter.az\/wp-content\/uploads\/417569900_259558393875295_277237602964499592_n-300x254.jpg\" alt=\"\" width=\"300\" height=\"254\" srcset=\"https:\/\/yeniterter.az\/wp-content\/uploads\/417569900_259558393875295_277237602964499592_n-300x254.jpg 300w, https:\/\/yeniterter.az\/wp-content\/uploads\/417569900_259558393875295_277237602964499592_n-1024x868.jpg 1024w, https:\/\/yeniterter.az\/wp-content\/uploads\/417569900_259558393875295_277237602964499592_n-768x651.jpg 768w, https:\/\/yeniterter.az\/wp-content\/uploads\/417569900_259558393875295_277237602964499592_n.jpg 1203w\" sizes=\"(max-width: 300px) 100vw, 300px\" \/><img decoding=\"async\" loading=\"lazy\" class=\"size-medium wp-image-26971 alignright\" src=\"https:\/\/yeniterter.az\/wp-content\/uploads\/418805642_259558403875294_4580098557217487105_n-300x152.jpg\" alt=\"\" width=\"300\" height=\"152\" srcset=\"https:\/\/yeniterter.az\/wp-content\/uploads\/418805642_259558403875294_4580098557217487105_n-300x152.jpg 300w, https:\/\/yeniterter.az\/wp-content\/uploads\/418805642_259558403875294_4580098557217487105_n-1024x519.jpg 1024w, https:\/\/yeniterter.az\/wp-content\/uploads\/418805642_259558403875294_4580098557217487105_n-768x389.jpg 768w, https:\/\/yeniterter.az\/wp-content\/uploads\/418805642_259558403875294_4580098557217487105_n-1536x779.jpg 1536w, https:\/\/yeniterter.az\/wp-content\/uploads\/418805642_259558403875294_4580098557217487105_n.jpg 2048w\" sizes=\"(max-width: 300px) 100vw, 300px\" \/>Prezident \u0130lham \u018fliyevin cari ilin 17 mart tarixind\u0259 NATO-nun Ba\u015f katibi Yens Stoltenberqin Az\u0259rbaycana s\u0259f\u0259ri il\u0259 \u0259laq\u0259dar m\u0259tbuata b\u0259yanat verib.<\/div>\n<\/div>\n<div class=\"x11i5rnm xat24cr x1mh8g0r x1vvkbs xtlvy1s x126k92a\">\n<div dir=\"auto\">\u00d6lk\u0259 ba\u015f\u00e7\u0131s\u0131 b\u0259yanat\u0131nda bildirib ki, NATO il\u0259 apar\u0131lan dialoq u\u011furla davam edir. Az\u0259rbaycan-NATO t\u0259r\u0259fda\u015fl\u0131\u011f\u0131n\u0131n 30 ild\u0259n art\u0131q davam ed\u0259n uzun tarixi var.<\/div>\n<div dir=\"auto\">\u00d6lk\u0259mizin NATO il\u0259 t\u0259r\u0259fda\u015fl\u0131\u011f\u0131 m\u00fcsb\u0259t olmu\u015fdur. Az\u0259rbaycan Kosovoda v\u0259 \u018ffqan\u0131standa s\u00fclhm\u0259raml\u0131 \u0259m\u0259liyyatlarda i\u015ftirak edib. Bu, \u00f6lk\u0259miz \u00fc\u00e7\u00fcn b\u00f6y\u00fck t\u0259cr\u00fcb\u0259 olub.<\/div>\n<\/div>\n<p><!--more--><\/p>\n<div class=\"x11i5rnm xat24cr x1mh8g0r x1vvkbs xtlvy1s x126k92a\">\n<div dir=\"auto\">2021-ci il avqustun sonlar\u0131nda \u018ffqan\u0131stan\u0131 t\u0259rk ed\u0259n sonuncu m\u00fctt\u0259fiq q\u00fcvv\u0259l\u0259r bizim h\u0259rbi qulluq\u00e7ular\u0131m\u0131z olmu\u015flar. Bu is\u0259 bir daha bizim \u0259m\u0259kda\u015fl\u0131\u011f\u0131m\u0131za g\u00fccl\u00fc sadiqliyimizi n\u00fcmayi\u015f etdirir.<\/div>\n<\/div>\n<div class=\"x11i5rnm xat24cr x1mh8g0r x1vvkbs xtlvy1s x126k92a\">\n<div dir=\"auto\">Silahl\u0131 Q\u00fcvv\u0259l\u0259rimizd\u0259 apar\u0131lan islahatlar yax\u015f\u0131 n\u0259tic\u0259l\u0259r vermi\u015fdir. Biz m\u00fcdafi\u0259 imkanlar\u0131m\u0131z\u0131 m\u00fcasirl\u0259\u015fdiririk v\u0259 bu g\u00fcn y\u00fcks\u0259k s\u0259viyy\u0259li pe\u015f\u0259karl\u0131q n\u00fcmayi\u015f etdiririk.<\/div>\n<div dir=\"auto\">Uzun ill\u0259r davam ed\u0259n m\u00fczakir\u0259l\u0259rimiz zaman\u0131 biz h\u0259mi\u015f\u0259 Az\u0259rbaycan torpaqlar\u0131n\u0131n Erm\u0259nistan t\u0259r\u0259find\u0259n i\u015f\u011fal\u0131 haqq\u0131nda dan\u0131\u015f\u0131rd\u0131q. Art\u0131q \u00fc\u00e7 ild\u0259n \u00e7oxdur ki, bu m\u0259s\u0259l\u0259 m\u00fczakir\u0259 m\u00f6vzular\u0131 s\u0131ras\u0131nda yer alm\u0131r. \u00c7\u00fcnki Az\u0259rbaycan 2020-ci ild\u0259 \u0130kinci Qaraba\u011f m\u00fcharib\u0259si v\u0259 \u00f6t\u0259n ilin sentyabr\u0131nda h\u0259yata ke\u00e7irilmi\u015f antiterror \u0259m\u0259liyyat\u0131 n\u0259tic\u0259sind\u0259 \u00f6z\u00fcn\u00fcn \u0259razi b\u00fct\u00f6vl\u00fcy\u00fcn\u00fc v\u0259 suverenliyini b\u0259rpa etdi.<\/div>\n<div dir=\"auto\">Uzun s\u00fcr\u0259n m\u00fcnaqi\u015f\u0259l\u0259rin nec\u0259 h\u0259ll edil\u0259 bil\u0259c\u0259yinin bariz n\u00fcmun\u0259si. \u00d6lk\u0259nin \u0259razisi \u00fcz\u0259rind\u0259 tam suverenlik b\u0259rpa edilib v\u0259 bu, uzun s\u00fcr\u0259n m\u00fcnaqi\u015f\u0259l\u0259rin nec\u0259 h\u0259ll edil\u0259 bil\u0259c\u0259yinin bariz n\u00fcmun\u0259sidir.<\/div>\n<\/div>\n<div class=\"x11i5rnm xat24cr x1mh8g0r x1vvkbs xtlvy1s x126k92a\">\n<div dir=\"auto\">Az\u0259rbaycan BMT Nizamnam\u0259sin\u0259 \u0259sas\u0259n \u00f6z\u00fcn\u00fcm\u00fcdafi\u0259 h\u00fcququndan istifad\u0259 etdi. M\u00fcnaqi\u015f\u0259 h\u0259rbi-siyasi yolla h\u0259ll edilib.<\/div>\n<\/div>\n<div class=\"x11i5rnm xat24cr x1mh8g0r x1vvkbs xtlvy1s x126k92a\">\n<div dir=\"auto\">Haz\u0131rda biz Erm\u0259nistanla s\u00fclh dan\u0131\u015f\u0131qlar\u0131n\u0131n f\u0259al m\u0259rh\u0259l\u0259sind\u0259yik. Az\u0259rbaycan bel\u0259 bir t\u0259\u015f\u0259bb\u00fcs ir\u0259li s\u00fcr\u00fcb v\u0259 Erm\u0259nistan\u0131n cavab\u0131n\u0131 g\u00f6zl\u0259yirik.<\/div>\n<\/div>\n<div class=\"x11i5rnm xat24cr x1mh8g0r x1vvkbs xtlvy1s x126k92a\">\n<div dir=\"auto\">S\u00fclh dan\u0131\u015f\u0131qlar\u0131na ba\u015flamaq Az\u0259rbaycan\u0131n t\u0259\u015f\u0259bb\u00fcs\u00fcd\u00fcr. Bu g\u00fcn\u0259d\u0259k s\u00fclh sazi\u015finin layih\u0259sin\u0259 dair erm\u0259nistanl\u0131 h\u0259mkarlarla 7 d\u0259f\u0259 \u015f\u0259rhl\u0259rin m\u00fcbadil\u0259si ba\u015f tutub;<\/div>\n<div dir=\"auto\">S\u00fclh\u0259 he\u00e7 vaxt olmad\u0131\u011f\u0131m\u0131z q\u0259d\u0259r yax\u0131n\u0131q. Xarici i\u015fl\u0259r nazirl\u0259ri v\u0259 s\u0259rh\u0259dl\u0259rin delimitasiyas\u0131 il\u0259 ba\u011fl\u0131 Ba\u015f nazirl\u0259rin m\u00fcavinl\u0259ri aras\u0131nda ke\u00e7irilmi\u015f g\u00f6r\u00fc\u015fl\u0259r m\u0259s\u0259l\u0259nin h\u0259lli \u00fc\u00e7\u00fcn yax\u015f\u0131 imkan\u0131n oldu\u011funu n\u00fcmayi\u015f etdirir.<\/div>\n<\/div>\n<div class=\"x11i5rnm xat24cr x1mh8g0r x1vvkbs xtlvy1s x126k92a\">\n<div dir=\"auto\">T\u0259\u0259ss\u00fcfl\u0259r olsun ki, i\u015f\u011fal d\u00f6vr\u00fcnd\u0259 dan\u0131\u015f\u0131qlar he\u00e7 bir n\u0259tic\u0259 verm\u0259di. 28 il \u0259rzind\u0259 AT\u018fT-in Minsk qrupunun f\u0259aliyy\u0259tinin n\u0259tic\u0259si olmad\u0131.<\/div>\n<\/div>\n<div class=\"x11i5rnm xat24cr x1mh8g0r x1vvkbs xtlvy1s x126k92a\">\n<div dir=\"auto\">Az\u0259rbaycan\u0131n \u0259razi b\u00fct\u00f6vl\u00fcy\u00fcn\u00fcn b\u0259rpas\u0131 say\u0259sind\u0259 apar\u0131lan dan\u0131\u015f\u0131qlar n\u0259hay\u0259t m\u00fcsb\u0259t n\u0259tic\u0259 ver\u0259 bil\u0259r. S\u00fclh\u00fcn b\u0259rq\u0259rar olunmas\u0131 C\u0259nubi Qafqazda \u00e7ox ciddi d\u0259yi\u015fiklikl\u0259r\u0259 g\u0259tirib \u00e7\u0131xaracaq;<\/div>\n<\/div>\n<div class=\"x11i5rnm xat24cr x1mh8g0r x1vvkbs xtlvy1s x126k92a\">\n<div dir=\"auto\">NATO-ya \u00fczv olan \u00f6lk\u0259l\u0259r qaz t\u0259chizat\u0131 bax\u0131m\u0131ndan Az\u0259rbaycan\u0131n t\u0259r\u0259fda\u015flar\u0131d\u0131r. Bu g\u00fcn Az\u0259rbaycan 8 \u00f6lk\u0259y\u0259 qaz n\u0259ql edir ki, onlar\u0131n 6-s\u0131 NATO-ya \u00fczv, dig\u0259r ikisi is\u0259 NATO-nun t\u0259r\u0259fda\u015f \u00f6lk\u0259sidir.<\/div>\n<\/div>\n<div class=\"x11i5rnm xat24cr x1mh8g0r x1vvkbs xtlvy1s x126k92a\">\n<div dir=\"auto\">Qar\u015f\u0131dan g\u0259l\u0259n ill\u0259rd\u0259 t\u0259r\u0259fda\u015flar\u0131m\u0131z\u0131n say\u0131 artacaq. Avropa Komissiyas\u0131 Az\u0259rbaycan\u0131 etibarl\u0131 t\u0259r\u0259fda\u015f v\u0259 \u00fcmumavropa qaz t\u0259chizat\u00e7\u0131s\u0131 adland\u0131r\u0131r. Bu is\u0259 h\u0259m b\u00f6y\u00fck \u00fcst\u00fcnl\u00fck, h\u0259m d\u0259 b\u00f6y\u00fck m\u0259suliyy\u0259tdir.<\/div>\n<\/div>\n<div class=\"x11i5rnm xat24cr x1mh8g0r x1vvkbs xtlvy1s x126k92a\">\n<div dir=\"auto\">Az\u0259rbaycan yekdillikl\u0259 COP29-a ev sahibliyi ed\u0259c\u0259k \u00f6lk\u0259 se\u00e7ilmi\u015fdir. Bu amil Az\u0259rbaycan\u0131n ya\u015f\u0131l ke\u00e7idl\u0259 ba\u011fl\u0131 s\u0259yl\u0259rinin tan\u0131nmas\u0131n\u0131n g\u00f6st\u0259ricisidir.<\/div>\n<div dir=\"auto\">Z\u0259ngin t\u0259bii ehtiyatlara, qaz\u0131nt\u0131 yanaca\u011f\u0131na malik \u00f6lk\u0259 olaraq Az\u0259rbaycan \u00f6z t\u0259r\u0259fda\u015flar\u0131 il\u0259 birlikd\u0259 b\u0259rpaolunan enerji m\u0259nb\u0259l\u0259rin\u0259 s\u0259rmay\u0259 yat\u0131r\u0131r.<\/div>\n<\/div>\n","protected":false},"excerpt":{"rendered":"<p>Prezident \u0130lham \u018fliyevin cari ilin 17 mart tarixind\u0259 NATO-nun Ba\u015f katibi Yens Stoltenberqin Az\u0259rbaycana s\u0259f\u0259ri il\u0259 \u0259laq\u0259dar m\u0259tbuata b\u0259yanat verib. \u00d6lk\u0259 ba\u015f\u00e7\u0131s\u0131 b\u0259yanat\u0131nda bildirib ki, NATO il\u0259 apar\u0131lan dialoq u\u011furla davam edir. Az\u0259rbaycan-NATO t\u0259r\u0259fda\u015fl\u0131\u011f\u0131n\u0131n 30 ild\u0259n art\u0131q davam ed\u0259n uzun tarixi var. \u00d6lk\u0259mizin NATO il\u0259 t\u0259r\u0259fda\u015fl\u0131\u011f\u0131 m\u00fcsb\u0259t olmu\u015fdur. Az\u0259rbaycan Kosovoda v\u0259 \u018ffqan\u0131standa s\u00fclhm\u0259raml\u0131 \u0259m\u0259liyyatlarda i\u015ftirak [&hellip;]<\/p>\n","protected":false},"author":2,"featured_media":0,"comment_status":"closed","ping_status":"closed","sticky":false,"template":"","format":"standard","meta":[],"categories":[10],"tags":[],"_links":{"self":[{"href":"https:\/\/yeniterter.az\/index.php?rest_route=\/wp\/v2\/posts\/26969"}],"collection":[{"href":"https:\/\/yeniterter.az\/index.php?rest_route=\/wp\/v2\/posts"}],"about":[{"href":"https:\/\/yeniterter.az\/index.php?rest_route=\/wp\/v2\/types\/post"}],"author":[{"embeddable":true,"href":"https:\/\/yeniterter.az\/index.php?rest_route=\/wp\/v2\/users\/2"}],"replies":[{"embeddable":true,"href":"https:\/\/yeniterter.az\/index.php?rest_route=%2Fwp%2Fv2%2Fcomments&post=26969"}],"version-history":[{"count":1,"href":"https:\/\/yeniterter.az\/index.php?rest_route=\/wp\/v2\/posts\/26969\/revisions"}],"predecessor-version":[{"id":26972,"href":"https:\/\/yeniterter.az\/index.php?rest_route=\/wp\/v2\/posts\/26969\/revisions\/26972"}],"wp:attachment":[{"href":"https:\/\/yeniterter.az\/index.php?rest_route=%2Fwp%2Fv2%2Fmedia&parent=26969"}],"wp:term":[{"taxonomy":"category","embeddable":true,"href":"https:\/\/yeniterter.az\/index.php?rest_route=%2Fwp%2Fv2%2Fcategories&post=26969"},{"taxonomy":"post_tag","embeddable":true,"href":"https:\/\/yeniterter.az\/index.php?rest_route=%2Fwp%2Fv2%2Ftags&post=26969"}],"curies":[{"name":"wp","href":"https:\/\/api.w.org\/{rel}","templated":true}]}}