{"id":26961,"date":"2024-03-18T16:08:52","date_gmt":"2024-03-18T13:08:52","guid":{"rendered":"https:\/\/yeniterter.az\/?p=26961"},"modified":"2024-03-18T16:10:27","modified_gmt":"2024-03-18T13:10:27","slug":"az%c9%99rbaycanin-qonsu-olk%c9%99l%c9%99rl%c9%99-bagli-siyas%c9%99tind%c9%99-gurcustanla-munasib%c9%99tl%c9%99r-xususi-%c9%99h%c9%99miyy%c9%99t-k%c9%99sb-edir","status":"publish","type":"post","link":"https:\/\/yeniterter.az\/?p=26961","title":{"rendered":"Az\u0259rbaycan\u0131n qon\u015fu \u00f6lk\u0259l\u0259rl\u0259 ba\u011fl\u0131 siyas\u0259tind\u0259 G\u00fcrc\u00fcstanla m\u00fcnasib\u0259tl\u0259r x\u00fcsusi \u0259h\u0259miyy\u0259t k\u0259sb edir"},"content":{"rendered":"<div class=\"x11i5rnm xat24cr x1mh8g0r x1vvkbs xtlvy1s x126k92a\">\n<div dir=\"auto\"><img decoding=\"async\" loading=\"lazy\" class=\"size-medium wp-image-26962 alignleft\" src=\"https:\/\/yeniterter.az\/wp-content\/uploads\/417548988_259543177210150_6912167400315167402_n-300x152.jpg\" alt=\"\" width=\"300\" height=\"152\" srcset=\"https:\/\/yeniterter.az\/wp-content\/uploads\/417548988_259543177210150_6912167400315167402_n-300x152.jpg 300w, https:\/\/yeniterter.az\/wp-content\/uploads\/417548988_259543177210150_6912167400315167402_n-1024x519.jpg 1024w, https:\/\/yeniterter.az\/wp-content\/uploads\/417548988_259543177210150_6912167400315167402_n-768x389.jpg 768w, https:\/\/yeniterter.az\/wp-content\/uploads\/417548988_259543177210150_6912167400315167402_n-1536x779.jpg 1536w, https:\/\/yeniterter.az\/wp-content\/uploads\/417548988_259543177210150_6912167400315167402_n.jpg 2048w\" sizes=\"(max-width: 300px) 100vw, 300px\" \/><img decoding=\"async\" loading=\"lazy\" class=\"size-medium wp-image-26963 alignright\" src=\"https:\/\/yeniterter.az\/wp-content\/uploads\/417557208_259543143876820_8544599944492337453_n-300x210.jpg\" alt=\"\" width=\"300\" height=\"210\" srcset=\"https:\/\/yeniterter.az\/wp-content\/uploads\/417557208_259543143876820_8544599944492337453_n-300x210.jpg 300w, https:\/\/yeniterter.az\/wp-content\/uploads\/417557208_259543143876820_8544599944492337453_n-1024x718.jpg 1024w, https:\/\/yeniterter.az\/wp-content\/uploads\/417557208_259543143876820_8544599944492337453_n-768x539.jpg 768w, https:\/\/yeniterter.az\/wp-content\/uploads\/417557208_259543143876820_8544599944492337453_n.jpg 1340w\" sizes=\"(max-width: 300px) 100vw, 300px\" \/>Prezident \u0130lham \u018fliyev cari ilin 16 mart tarixind\u0259 G\u00fcrc\u00fcstan\u0131n Ba\u015f naziri \u0130rakli Kobaxidzenin Az\u0259rbaycana r\u0259smi s\u0259f\u0259ri il\u0259 \u0259laq\u0259dar m\u0259tbuata b\u0259yanat verib.<\/div>\n<div dir=\"auto\">\u00d6lk\u0259 ba\u015f\u00e7\u0131s\u0131 b\u0259yanat\u0131nda bildirmi\u015fdir ki, Az\u0259rbaycan G\u00fcrc\u00fcstan \u0259laq\u0259l\u0259ri y\u00fcks\u0259l\u0259n x\u0259tt \u00fczr\u0259 inki\u015faf edir. \u00d6lk\u0259l\u0259rimiz aras\u0131ndak\u0131 dostluq \u0259laq\u0259l\u0259rinin q\u0259dim tarixi k\u00f6kl\u0259ri var. M\u00fcst\u0259qillik d\u00f6vr\u00fc d\u0259 bu \u0259laq\u0259l\u0259r g\u00fcnb\u0259 g\u00fcn d\u0259rinl\u0259\u015fir, inki\u015faf edir.<\/div>\n<\/div>\n<p><!--more--><\/p>\n<div class=\"x11i5rnm xat24cr x1mh8g0r x1vvkbs xtlvy1s x126k92a\">\n<div dir=\"auto\"><img decoding=\"async\" loading=\"lazy\" class=\"size-medium wp-image-26965 alignleft\" src=\"https:\/\/yeniterter.az\/wp-content\/uploads\/418171454_259543173876817_4861567671301832493_n-300x196.jpg\" alt=\"\" width=\"300\" height=\"196\" srcset=\"https:\/\/yeniterter.az\/wp-content\/uploads\/418171454_259543173876817_4861567671301832493_n-300x196.jpg 300w, https:\/\/yeniterter.az\/wp-content\/uploads\/418171454_259543173876817_4861567671301832493_n-1024x669.jpg 1024w, https:\/\/yeniterter.az\/wp-content\/uploads\/418171454_259543173876817_4861567671301832493_n-768x502.jpg 768w, https:\/\/yeniterter.az\/wp-content\/uploads\/418171454_259543173876817_4861567671301832493_n.jpg 1340w\" sizes=\"(max-width: 300px) 100vw, 300px\" \/><img decoding=\"async\" loading=\"lazy\" class=\"size-medium wp-image-26967 alignright\" src=\"https:\/\/yeniterter.az\/wp-content\/uploads\/419324719_259543147210153_4589614249096320094_n-300x193.jpg\" alt=\"\" width=\"300\" height=\"193\" srcset=\"https:\/\/yeniterter.az\/wp-content\/uploads\/419324719_259543147210153_4589614249096320094_n-300x193.jpg 300w, https:\/\/yeniterter.az\/wp-content\/uploads\/419324719_259543147210153_4589614249096320094_n-1024x660.jpg 1024w, https:\/\/yeniterter.az\/wp-content\/uploads\/419324719_259543147210153_4589614249096320094_n-768x495.jpg 768w, https:\/\/yeniterter.az\/wp-content\/uploads\/419324719_259543147210153_4589614249096320094_n.jpg 1340w\" sizes=\"(max-width: 300px) 100vw, 300px\" \/>C\u0259nab prezident b\u0259yanatda \u00f6lk\u0259l\u0259rimiz aras\u0131ndak\u0131 mehriban \u0259laq\u0259l\u0259rin h\u0259m\u00e7inin regionun inki\u015faf\u0131 \u00fc\u00e7\u00fcn n\u0259 q\u0259d\u0259r m\u00fch\u00fcm \u0259h\u0259miyy\u0259t k\u0259sb etdiyini bir daha vurgulam\u0131\u015fd\u0131r. Bildirmi\u015fdir ki, Yeni layih\u0259l\u0259r \u00fcz\u0259rind\u0259 i\u015fl\u0259r davaml\u0131 olaraq apar\u0131l\u0131r. Onlardan biri ya\u015f\u0131l enerji layih\u0259sidir. Burada da G\u00fcrc\u00fcstan v\u0259 Az\u0259rbaycan dig\u0259r \u00f6lk\u0259l\u0259rl\u0259 b\u0259rab\u0259r \u00e7ox b\u00f6y\u00fck v\u0259 geni\u015fmiqyasl\u0131 layih\u0259nin icras\u0131na ba\u015flam\u0131\u015fd\u0131r. Bak\u0131-Tbilisi-Ceyhan, Bak\u0131-Tbilisi-\u018frzurum, C\u0259nub Qaz D\u0259hlizi, Bak\u0131-Tbilisi-Qars kimi u\u011fur g\u0259tir\u0259n layih\u0259l\u0259r ya\u015f\u0131l enerji layih\u0259si \u00fc\u00e7\u00fcn \u00f6rn\u0259k olacaq v\u0259 ya\u015f\u0131l enerji layih\u0259si eyni m\u00fcv\u0259ff\u0259qiyy\u0259tl\u0259 icra edil\u0259c\u0259kdir. Buna b\u00f6y\u00fck t\u0259l\u0259bat var. H\u0259m G\u00fcrc\u00fcstan\u0131n, h\u0259m Az\u0259rbaycan\u0131n \u00e7ox b\u00f6y\u00fck b\u0259rpaolunan enerji potensial\u0131 var v\u0259 biz haz\u0131rda texniki-iqtisadi \u0259sasland\u0131rma \u00fcz\u0259rind\u0259 \u00e7al\u0131\u015f\u0131r\u0131q. \u0130lin sonuna q\u0259d\u0259r bu i\u015f ba\u015fa \u00e7atacaq v\u0259 ondan sonra praktiki add\u0131mlar at\u0131lacaqd\u0131r. \u00d6lk\u0259l\u0259rimiz aras\u0131nda ticar\u0259t d\u00f6vriyy\u0259sinin artmas\u0131n\u0131 da \u00d6lk\u0259 ba\u015f\u00e7\u0131m\u0131z m\u00fcb\u0259t qiym\u0259tl\u0259ndirmi\u015fdir:\u201dTicar\u0259t d\u00f6vriyy\u0259miz art\u0131q 900 milyon dollara yax\u0131nd\u0131r v\u0259 ke\u00e7\u0259n il t\u0259xmin\u0259n 15 faiz art\u0131b. G\u00fcrc\u00fcstan H\u00f6kum\u0259tinin d\u00fc\u015f\u00fcn\u00fclm\u00fc\u015f islahat siyas\u0259ti n\u0259tic\u0259sind\u0259 \u00f6lk\u0259d\u0259 \u00e7ox g\u00f6z\u0259l s\u0259rmay\u0259 iqlimi yarad\u0131lm\u0131\u015fd\u0131r. Az\u0259rbaycan investorlar\u0131 G\u00fcrc\u00fcstan iqtisadiyyat\u0131na 3,4 milyard dollar s\u0259rmay\u0259 qoymu\u015flar. Bunun \u0259sas s\u0259b\u0259bi g\u00f6z\u0259l investisiya iqliminin m\u00f6vcudlu\u011fudur\u201d. Prezident G\u00fcrc\u00fcstan\u0131n Az\u0259rbaycana v\u0259 qar\u015f\u0131l\u0131ql\u0131 veril\u0259n siyasi d\u0259st\u0259yi d\u0259 \u00f6n\u0259 \u00e7\u0259kmi\u015fdir:\u201d\u018frazi b\u00fct\u00f6vl\u00fcy\u00fc v\u0259 suverenliyi il\u0259 ba\u011fl\u0131 qar\u015f\u0131l\u0131ql\u0131 d\u0259st\u0259k. Biz b\u00fct\u00fcn d\u00f6vrl\u0259rd\u0259 bir-birimizin suverenliyini, \u0259razi b\u00fct\u00f6vl\u00fcy\u00fcn\u00fc, s\u0259rh\u0259dl\u0259rin toxunulmazl\u0131\u011f\u0131n\u0131 d\u0259st\u0259kl\u0259y\u0259n a\u00e7\u0131qlamalar vermi\u015fik, m\u00fcvafiq beyn\u0259lxalq t\u0259\u015fkilatlarda s\u0259sverm\u0259 zaman\u0131 bir-birimizi d\u0259st\u0259kl\u0259mi\u015fik, bundan sonra da bu d\u0259st\u0259k davam ed\u0259c\u0259k. He\u00e7 bir \u00f6lk\u0259nin suveren \u0259razisi zor g\u00fcc\u00fc il\u0259 d\u0259yi\u015fdiril\u0259 bilm\u0259z. Beyn\u0259lxalq h\u00fcququn normalar\u0131 h\u0259r bir \u00f6lk\u0259 \u00fc\u00e7\u00fcn \u0259sas olmal\u0131d\u0131r v\u0259 burada he\u00e7 bir ayr\u0131-se\u00e7kilik ola bilm\u0259z. BMT Nizamnam\u0259si h\u0259r bir \u00f6lk\u0259nin \u00f6z\u00fcn\u00fc m\u00fcdafi\u0259etm\u0259 h\u00fcququnu tan\u0131y\u0131b v\u0259 Az\u0259rbaycan m\u0259hz bu h\u00fcquqdan istifad\u0259 ed\u0259r\u0259k \u0259razi b\u00fct\u00f6vl\u00fcy\u00fcn\u00fc b\u0259rpa etmi\u015fdir. Az\u0259rbaycan uzun ill\u0259r \u0259rzind\u0259 i\u015f\u011faldan \u0259ziyy\u0259t \u00e7\u0259kmi\u015f, \u00f6z \u0259razi b\u00fct\u00f6vl\u00fcy\u00fcn\u00fc v\u0259 suverenliyini b\u0259rpa etmi\u015f \u00f6lk\u0259 kimi \u00e7ox yax\u015f\u0131 bilir ki, beyn\u0259lxalq h\u00fcququn normalar\u0131 b\u0259zi hallarda g\u00fcc t\u0259tbiq etm\u0259kl\u0259 b\u0259rpa olunur. Bu yol da tamamil\u0259 qanunidir. Dost, qon\u015fu v\u0259 qarda\u015f \u00f6lk\u0259nin r\u0259hb\u0259rinin s\u0259f\u0259ri b\u00f6y\u00fck \u0259h\u0259miyy\u0259t da\u015f\u0131y\u0131r. Bizim \u015f\u0259xsi tan\u0131\u015fl\u0131\u011f\u0131m\u0131z dostlu\u011fa \u00e7evril\u0259c\u0259k, \u00e7\u00fcnki xalqlar\u0131m\u0131z dost xalqlard\u0131r. \u0130ki qarda\u015f \u00f6lk\u0259 bundan sonra da \u0259l-\u0259l\u0259 ver\u0259r\u0259k, \u00e7iyin-\u00e7iyin\u0259 ir\u0259liy\u0259 ged\u0259c\u0259k v\u0259 qar\u015f\u0131da duran b\u00fct\u00fcn v\u0259zif\u0259l\u0259ri birlikd\u0259 h\u0259ll ed\u0259c\u0259kdir\u201d.<\/div>\n<\/div>\n","protected":false},"excerpt":{"rendered":"<p>Prezident \u0130lham \u018fliyev cari ilin 16 mart tarixind\u0259 G\u00fcrc\u00fcstan\u0131n Ba\u015f naziri \u0130rakli Kobaxidzenin Az\u0259rbaycana r\u0259smi s\u0259f\u0259ri il\u0259 \u0259laq\u0259dar m\u0259tbuata b\u0259yanat verib. \u00d6lk\u0259 ba\u015f\u00e7\u0131s\u0131 b\u0259yanat\u0131nda bildirmi\u015fdir ki, Az\u0259rbaycan G\u00fcrc\u00fcstan \u0259laq\u0259l\u0259ri y\u00fcks\u0259l\u0259n x\u0259tt \u00fczr\u0259 inki\u015faf edir. \u00d6lk\u0259l\u0259rimiz aras\u0131ndak\u0131 dostluq \u0259laq\u0259l\u0259rinin q\u0259dim tarixi k\u00f6kl\u0259ri var. M\u00fcst\u0259qillik d\u00f6vr\u00fc d\u0259 bu \u0259laq\u0259l\u0259r g\u00fcnb\u0259 g\u00fcn d\u0259rinl\u0259\u015fir, inki\u015faf edir.<\/p>\n","protected":false},"author":2,"featured_media":0,"comment_status":"closed","ping_status":"closed","sticky":false,"template":"","format":"standard","meta":[],"categories":[8,10],"tags":[],"_links":{"self":[{"href":"https:\/\/yeniterter.az\/index.php?rest_route=\/wp\/v2\/posts\/26961"}],"collection":[{"href":"https:\/\/yeniterter.az\/index.php?rest_route=\/wp\/v2\/posts"}],"about":[{"href":"https:\/\/yeniterter.az\/index.php?rest_route=\/wp\/v2\/types\/post"}],"author":[{"embeddable":true,"href":"https:\/\/yeniterter.az\/index.php?rest_route=\/wp\/v2\/users\/2"}],"replies":[{"embeddable":true,"href":"https:\/\/yeniterter.az\/index.php?rest_route=%2Fwp%2Fv2%2Fcomments&post=26961"}],"version-history":[{"count":3,"href":"https:\/\/yeniterter.az\/index.php?rest_route=\/wp\/v2\/posts\/26961\/revisions"}],"predecessor-version":[{"id":26968,"href":"https:\/\/yeniterter.az\/index.php?rest_route=\/wp\/v2\/posts\/26961\/revisions\/26968"}],"wp:attachment":[{"href":"https:\/\/yeniterter.az\/index.php?rest_route=%2Fwp%2Fv2%2Fmedia&parent=26961"}],"wp:term":[{"taxonomy":"category","embeddable":true,"href":"https:\/\/yeniterter.az\/index.php?rest_route=%2Fwp%2Fv2%2Fcategories&post=26961"},{"taxonomy":"post_tag","embeddable":true,"href":"https:\/\/yeniterter.az\/index.php?rest_route=%2Fwp%2Fv2%2Ftags&post=26961"}],"curies":[{"name":"wp","href":"https:\/\/api.w.org\/{rel}","templated":true}]}}