{"id":26876,"date":"2024-03-06T08:22:41","date_gmt":"2024-03-06T05:22:41","guid":{"rendered":"https:\/\/yeniterter.az\/?p=26876"},"modified":"2024-03-06T08:22:41","modified_gmt":"2024-03-06T05:22:41","slug":"az%c9%99rbaycan-yasil-enerjiy%c9%99-kecid-prosesinin-aktiv-fazasindadir","status":"publish","type":"post","link":"https:\/\/yeniterter.az\/?p=26876","title":{"rendered":"Az\u0259rbaycan ya\u015f\u0131l enerjiy\u0259 ke\u00e7id prosesinin aktiv fazas\u0131ndad\u0131r"},"content":{"rendered":"<p><img decoding=\"async\" loading=\"lazy\" class=\" wp-image-26877 alignleft\" src=\"https:\/\/yeniterter.az\/wp-content\/uploads\/431543537_252120191285782_873415729414164439_n-300x217.jpg\" alt=\"\" width=\"220\" height=\"159\" srcset=\"https:\/\/yeniterter.az\/wp-content\/uploads\/431543537_252120191285782_873415729414164439_n-300x217.jpg 300w, https:\/\/yeniterter.az\/wp-content\/uploads\/431543537_252120191285782_873415729414164439_n-1024x740.jpg 1024w, https:\/\/yeniterter.az\/wp-content\/uploads\/431543537_252120191285782_873415729414164439_n-768x555.jpg 768w, https:\/\/yeniterter.az\/wp-content\/uploads\/431543537_252120191285782_873415729414164439_n.jpg 1340w\" sizes=\"(max-width: 220px) 100vw, 220px\" \/><img decoding=\"async\" loading=\"lazy\" class=\" wp-image-26878 alignleft\" src=\"https:\/\/yeniterter.az\/wp-content\/uploads\/430727146_252120227952445_2823907835328103388_n-300x152.jpg\" alt=\"\" width=\"316\" height=\"160\" srcset=\"https:\/\/yeniterter.az\/wp-content\/uploads\/430727146_252120227952445_2823907835328103388_n-300x152.jpg 300w, https:\/\/yeniterter.az\/wp-content\/uploads\/430727146_252120227952445_2823907835328103388_n.jpg 584w\" sizes=\"(max-width: 316px) 100vw, 316px\" \/>Cari ilin 1 mart tarixind\u0259 C\u0259nub Qaz D\u0259hlizi M\u0259\u015fv\u0259r\u0259t \u015euras\u0131 \u00e7\u0259r\u00e7iv\u0259sind\u0259 nazirl\u0259rin 10-cu v\u0259 Ya\u015f\u0131l Enerji M\u0259\u015fv\u0259r\u0259t \u015euras\u0131 \u00e7\u0259r\u00e7iv\u0259sind\u0259 nazirl\u0259rin 2-ci iclaslar\u0131 olub. Prezident \u0130lham \u018fliyev iclaslarda \u00e7\u0131x\u0131\u015f edib.<\/p>\n<p>D\u00f6vl\u0259t ba\u00e7\u0131s\u0131 bildirib ki, Az\u0259rbaycan v\u0259 Albaniya iki dost \u00f6lk\u0259dir. \u00d6lk\u0259l\u0259rimiz m\u00fcxt\u0259lif sah\u0259l\u0259rd\u0259 f\u0259al \u0259m\u0259kda\u015fl\u0131q edir v\u0259 olduqca f\u0259al siyasi dialoqumuz var.<\/p>\n<p>H\u0259r iki \u00f6lk\u0259 bir-birini beyn\u0259lxalq t\u0259sisatlarda d\u0259st\u0259kl\u0259yir. \u00d6lk\u0259l\u0259rimiz enerji t\u0259hl\u00fck\u0259sizliyi m\u0259s\u0259l\u0259l\u0259rind\u0259 f\u0259al \u0259m\u0259kda\u015fl\u0131q edir. Albaniya C\u0259nub Qaz D\u0259hlizi layih\u0259sinin h\u0259yata ke\u00e7irilm\u0259sind\u0259 \u00e7ox vacib rol oynay\u0131b v\u0259 TAP hey\u0259tinin \u00fczv\u00fc qismind\u0259 vacib rol oynamaqda davam edir.<\/p>\n<p>Bildirilib ki, enerjinin \u015fax\u0259l\u0259ndirilm\u0259si v\u0259 enerji t\u0259hl\u00fck\u0259sizliyi m\u0259s\u0259l\u0259l\u0259rind\u0259 Az\u0259rbaycan-Avropa \u0130ttifaq\u0131 \u0259m\u0259kda\u015fl\u0131\u011f\u0131 yeni t\u0259chizat co\u011frafiyas\u0131n\u0131n yarad\u0131lmas\u0131na xidm\u0259t etmi\u015fdir.<\/p>\n<p>M\u0259\u015fv\u0259r\u0259t \u015euras\u0131n\u0131n \u00f6t\u0259n ill\u0259rd\u0259ki toplant\u0131lar\u0131 zaman\u0131 enerji t\u0259hl\u00fck\u0259sizliyi m\u0259s\u0259l\u0259l\u0259ri h\u0259mi\u015f\u0259 m\u00fczakir\u0259 olunub. Az\u0259rbaycan\u0131n burada m\u00f6vqeyi h\u0259r zaman ard\u0131c\u0131l olub. Enerji t\u0259hl\u00fck\u0259sizliyin t\u0259min olunmas\u0131 \u00f6lk\u0259nin milli t\u0259hl\u00fck\u0259sizlik m\u0259s\u0259l\u0259si hesab olunur.<img decoding=\"async\" loading=\"lazy\" class=\" wp-image-26880 alignright\" src=\"https:\/\/yeniterter.az\/wp-content\/uploads\/430657244_252120277952440_6387564960495153396_n-300x197.jpg\" alt=\"\" width=\"234\" height=\"154\" srcset=\"https:\/\/yeniterter.az\/wp-content\/uploads\/430657244_252120277952440_6387564960495153396_n-300x197.jpg 300w, https:\/\/yeniterter.az\/wp-content\/uploads\/430657244_252120277952440_6387564960495153396_n-1024x673.jpg 1024w, https:\/\/yeniterter.az\/wp-content\/uploads\/430657244_252120277952440_6387564960495153396_n-768x505.jpg 768w, https:\/\/yeniterter.az\/wp-content\/uploads\/430657244_252120277952440_6387564960495153396_n.jpg 1340w\" sizes=\"(max-width: 234px) 100vw, 234px\" \/><img decoding=\"async\" loading=\"lazy\" class=\" wp-image-26879 alignright\" src=\"https:\/\/yeniterter.az\/wp-content\/uploads\/430837114_252120207952447_6885770752805947502_n-300x195.jpg\" alt=\"\" width=\"238\" height=\"155\" srcset=\"https:\/\/yeniterter.az\/wp-content\/uploads\/430837114_252120207952447_6885770752805947502_n-300x195.jpg 300w, https:\/\/yeniterter.az\/wp-content\/uploads\/430837114_252120207952447_6885770752805947502_n-1024x664.jpg 1024w, https:\/\/yeniterter.az\/wp-content\/uploads\/430837114_252120207952447_6885770752805947502_n-768x498.jpg 768w, https:\/\/yeniterter.az\/wp-content\/uploads\/430837114_252120207952447_6885770752805947502_n.jpg 1340w\" sizes=\"(max-width: 238px) 100vw, 238px\" \/><\/p>\n<p>Bu g\u00fcn Avrasiyadak\u0131 geosiyasi v\u0259ziyy\u0259t g\u00f6rd\u00fcy\u00fcm\u00fcz i\u015fl\u0259rin n\u0259 d\u0259r\u0259c\u0259d\u0259 d\u00fczg\u00fcn oldu\u011funu s\u00fcbut edir. C\u0259nub Qaz D\u0259hlizi tamamil\u0259 yeni mar\u015frutdur. Bu g\u00fcn ona art\u0131q bir \u00e7ox mar\u015frutlar \u2013 interkonnektorlar \u0259lav\u0259 edilib.<\/p>\n<p>Diqq\u0259t\u0259 \u00e7atd\u0131r\u0131l\u0131b ki, \u00f6t\u0259n il ba\u015f ver\u0259n vacib hadis\u0259l\u0259rd\u0259n biri X\u0259z\u0259r d\u0259nizinin Az\u0259rbaycana m\u0259xsus sektorunda yerl\u0259\u015f\u0259n \u201cAb\u015feron\u201d qaz-kondensat yata\u011f\u0131nda t\u0259bii qaz\u0131n kommersiya hasilat\u0131 oldu. Bu \u201c\u015eahd\u0259niz\u201dd\u0259n sonra ikinci n\u0259h\u0259ng qaz ehtiyatlar\u0131n\u0131n k\u0259\u015ffi dem\u0259kdir. \u201cAb\u015feron\u201d qaz-kondensat yata\u011f\u0131 bizim g\u0259l\u0259c\u0259k \u015fax\u0259l\u0259ndirm\u0259 layih\u0259l\u0259rimizin resurs bazas\u0131n\u0131 t\u0259\u015fkil ed\u0259c\u0259k.<!--more--><\/p>\n<p>\u201cAb\u015feron\u201d layih\u0259sinin ilk fazas\u0131 art\u0131q t\u0259sdiq edilib. Orada illik hasilat\u0131n 1.5 milyard kubmetr h\u0259cmind\u0259 olmas\u0131n\u0131 g\u00f6zl\u0259yirik. \u0130kinci faza il\u0259 ba\u011fl\u0131 raz\u0131l\u0131q \u0259ld\u0259 edildikd\u0259n sonra daha 4-5 milyard kubmetr h\u0259cm \u0259lav\u0259 edil\u0259c\u0259kdir ki, onun b\u00f6y\u00fck \u0259ks\u0259riyy\u0259ti beyn\u0259lxalq bazarlara n\u0259ql olunacaq.<\/p>\n<p>Az\u0259rbaycan\u0131n Avropaya qaz t\u0259chizat\u0131n\u0131n co\u011frafiyas\u0131 geni\u015fl\u0259nir. Bu g\u00fcn Az\u0259rbaycan 8 \u00f6lk\u0259y\u0259 qaz n\u0259ql edir ki, onlardan alt\u0131s\u0131 Avropa \u00f6lk\u0259sidir. \u00d6t\u0259n il Avropada istifad\u0259y\u0259 verilmi\u015f interkonnektor layih\u0259l\u0259rinin t\u0259m\u0259lind\u0259, ilk n\u00f6vb\u0259d\u0259, C\u0259nub Qaz D\u0259hlizi layih\u0259si dayan\u0131r. \u0130kincisi is\u0259 onlar Avropada m\u00fcmk\u00fcn q\u0259d\u0259r \u00e7ox m\u0259nt\u0259q\u0259l\u0259ri \u0259hat\u0259 etm\u0259kl\u0259 ba\u011fl\u0131 s\u0259yl\u0259rimizi davam etdirm\u0259y\u0259 imkan ver\u0259c\u0259kdir.<\/p>\n<p>Az\u0259rbaycan qaz\u0131na olan m\u00f6vcud t\u0259l\u0259bat var, ixtiyar\u0131m\u0131zda m\u0259nb\u0259l\u0259r var v\u0259 n\u0259qliyyat mar\u015frutlar\u0131m\u0131z yerind\u0259dir. T\u00fcrkiy\u0259 vasit\u0259sil\u0259 Trans-Balkan boru k\u0259m\u0259ri sistemind\u0259n istifad\u0259 etm\u0259k raz\u0131l\u0131\u011f\u0131 \u0259ld\u0259 olunub. Bu is\u0259 \u015fax\u0259l\u0259ndirm\u0259 layih\u0259si daxilind\u0259 n\u00f6vb\u0259ti \u015fax\u0259l\u0259ndirm\u0259 dem\u0259kdir. Daha art\u0131q alternativl\u0259r v\u0259 se\u00e7iml\u0259r ola bil\u0259r.<\/p>\n<p>D\u00f6vl\u0259t ba\u015f\u00e7\u0131s\u0131 deyib ki, bizim s\u00f6z\u00fcm\u00fcz imzam\u0131z q\u0259d\u0259r d\u0259y\u0259rlidir. Qar\u015f\u0131m\u0131za qoydu\u011fumuz b\u00fct\u00fcn planlar h\u0259yata ke\u00e7iril\u0259c\u0259kdir, \u00e7\u00fcnki t\u0259kc\u0259 ke\u00e7\u0259n ilin g\u00f6st\u0259ricil\u0259ri bunun s\u00fcbutudur.<\/p>\n<p>Birl\u0259\u015fmi\u015f \u018fr\u0259b \u018fmirlikl\u0259rini t\u0259msil ed\u0259n ADNOC \u015firk\u0259ti Ab\u015feron layih\u0259sinin s\u0259hmdar\u0131 oldu. Bu, \u0259lav\u0259 maliyy\u0259l\u0259\u015fm\u0259, t\u0259cr\u00fcb\u0259 dem\u0259kdir v\u0259 beyn\u0259lxalq \u0259m\u0259kda\u015fl\u0131\u011f\u0131 geni\u015fl\u0259ndir\u0259c\u0259kdir.<\/p>\n<p>G\u0259l\u0259n ilin ilk r\u00fcb\u00fcnd\u0259n etibar\u0259n \u201cAz\u0259ri-\u00c7\u0131raq-G\u00fcn\u0259\u015fli\u201d d\u0259rin qaz layih\u0259si \u00e7\u0259r\u00e7iv\u0259sind\u0259 t\u0259bii qaz\u0131n hasilat\u0131n\u0131 g\u00f6zl\u0259yirik. Bu, \u00e7ox b\u00f6y\u00fck ehtiyata malik olmaqla \u00fcmidverici strukturdur.<\/p>\n<p>\u201c\u00dcmid\u201d qaz-kondensat yata\u011f\u0131n\u0131n ikinci fazas\u0131n\u0131n i\u015fl\u0259nilm\u0259si il\u0259 ba\u011fl\u0131 planlar\u0131m\u0131z var ki, potensial olaraq oradan da 3-4 il \u0259rzind\u0259 2-3 milyard kubmetr qaz \u0259ld\u0259 etm\u0259k olar.<\/p>\n<p>Layih\u0259l\u0259rin b\u0259zil\u0259ri investorlarla birlikd\u0259 icra olunacaq, b\u0259zil\u0259ri is\u0259 SOCAR-\u0131n \u00f6z\u00fc t\u0259r\u0259find\u0259n h\u0259yata ke\u00e7iril\u0259c\u0259k.<\/p>\n<p>Az\u0259rbaycan ya\u015f\u0131l enerjiy\u0259 ke\u00e7id prosesind\u0259 i\u015ftirak edir. Bu il Az\u0259rbaycanda \u201cYa\u015f\u0131l d\u00fcnya namin\u0259 h\u0259mr\u0259ylik ili\u201d elan olunmu\u015fdur. Bizim b\u0259rpaolunan enerji layih\u0259l\u0259rimiz y\u00fcks\u0259k g\u00f6st\u0259ricil\u0259r n\u00fcmayi\u015f etdirir.<\/p>\n<p>G\u00fcn\u0259\u015f Elektrik Stansiyan\u0131n g\u00fcc\u00fc 230 meqavatd\u0131r. Bu stansiya b\u0259rpaolunan enerji sah\u0259sind\u0259 apar\u0131c\u0131 \u015firk\u0259tl\u0259rd\u0259n biri \u201cMasdar\u201d t\u0259r\u0259find\u0259n in\u015fa olunmu\u015fdur v\u0259 bu, yaln\u0131z ba\u015flan\u011f\u0131cd\u0131r.<\/p>\n<p>\u018fsas investorlar\u0131m\u0131z Birl\u0259\u015fmi\u015f \u018fr\u0259b \u018fmirlikl\u0259rind\u0259n \u201cMasdar\u201d v\u0259 S\u0259udiyy\u0259 \u018fr\u0259bistan\u0131ndan olan \u201cACWA Power\u201d \u015firk\u0259tl\u0259ridir. H\u0259m\u00e7inin dig\u0259r \u00f6lk\u0259l\u0259rd\u0259n olan \u015firk\u0259tl\u0259r d\u0259 biziml\u0259 \u00e7al\u0131\u015f\u0131r. Bizim b\u0259rpaolunan enerji ehtiyatlar\u0131 bax\u0131m\u0131ndan n\u0259h\u0259ng pontensial\u0131m\u0131z var, ist\u0259r X\u0259z\u0259r d\u0259nizind\u0259, ist\u0259rs\u0259 d\u0259 qurudak\u0131 potensial olsun. N\u0259z\u0259rd\u0259 tutulur ki, \u201cQara D\u0259niz Ya\u015f\u0131l Kabel\u201d layih\u0259si il\u0259 Avropaya ya\u015f\u0131l enerjinin \u00f6n\u0259mli ixracat\u00e7\u0131lar\u0131ndan biri olaca\u011f\u0131q.<\/p>\n<p>Bildirilib ki, C\u0259nub Qaz D\u0259hlizi art\u0131q 3 ildir ki, f\u0259aliyy\u0259td\u0259dir. Bu layih\u0259 h\u0259qiq\u0259t\u0259n d\u0259 u\u011fur hekay\u0259sidir. Bu, Avrasiyada \u0259n b\u00f6y\u00fck infrastruktur layih\u0259l\u0259rind\u0259n biridir. Uzunlu\u011fu 3500 kilometr olan inteqrasiya edilmi\u015f boru k\u0259m\u0259ri sistemi olan bu layih\u0259 enerji t\u0259hl\u00fck\u0259sizliyi v\u0259 \u0259m\u0259kda\u015fl\u0131q layih\u0259sidir. C\u0259nub Qaz D\u0259hlizinin ke\u00e7diyi mar\u015frut boyunca yerl\u0259\u015f\u0259n b\u00fct\u00fcn \u00f6lk\u0259l\u0259r aras\u0131nda \u0259m\u0259kda\u015fl\u0131q olmasa, bu layih\u0259nin h\u0259yata ke\u00e7irilm\u0259si m\u00fcmk\u00fcn olmazd\u0131.<\/p>\n<p>Neft v\u0259 t\u0259bii qaz ehtiyatlar\u0131 il\u0259 z\u0259ngin olan \u00f6lk\u0259l\u0259r\u0259 m\u00fcnasib\u0259td\u0259 \u0259dal\u0259tli olmal\u0131y\u0131q. Bu \u00f6lk\u0259l\u0259rin g\u00fcnah\u0131 deyil ki, onlarda neft v\u0259 qaz var. Onlar buna g\u00f6r\u0259 g\u00fcnahland\u0131r\u0131lmamal\u0131 v\u0259 onlara qar\u015f\u0131 ayr\u0131-se\u00e7kilik olmamal\u0131d\u0131r.<\/p>\n<p>Qaz\u0131nt\u0131 yanaca\u011f\u0131na malik olan \u00f6lk\u0259l\u0259rin f\u0259aliyy\u0259ti onlar\u0131n \u0259traf m\u00fchitin m\u00fcdafi\u0259si, ya\u015f\u0131l enerjiy\u0259 ke\u00e7id m\u0259s\u0259l\u0259l\u0259rini nec\u0259 h\u0259ll etdikl\u0259ri bax\u0131m\u0131ndan qiym\u0259tl\u0259ndirilm\u0259lidir. Yaln\u0131z \u0259dal\u0259tli t\u0259hlild\u0259n sonra bu \u00f6lk\u0259l\u0259r bar\u0259d\u0259 m\u00fchakim\u0259 y\u00fcr\u00fctm\u0259k olar. \u018fks t\u0259qdird\u0259, neft v\u0259 qaz istehsal ed\u0259n \u00f6lk\u0259l\u0259r v\u0259 bu resurslara malik olmayan \u00f6lk\u0259l\u0259r aras\u0131nda sanki ay\u0131r\u0131c\u0131 x\u0259tl\u0259r g\u00f6r\u0259c\u0259yik.<\/p>\n<p>C\u0259nub Qaz D\u0259hlizinin geni\u015fl\u0259nm\u0259sinin v\u0259 t\u0259bii qaza aid ist\u0259nil\u0259n dig\u0259r layih\u0259nin maliyy\u0259l\u0259\u015fm\u0259si el\u0259 bir \u015f\u0259kild\u0259 apar\u0131lmal\u0131d\u0131r ki, bizim \u0259sas h\u0259d\u0259fimiz\u0259 mane olmas\u0131n.<\/p>\n<p>Qeyd olunub ki, Avropada Az\u0259rbaycan qaz\u0131na b\u00f6y\u00fck t\u0259l\u0259bat var idi v\u0259 olmaqda qal\u0131r. Biz\u0259 bir \u00e7ox \u00f6lk\u0259l\u0259r m\u00fcraci\u0259t etmi\u015fdir v\u0259 art\u0131q alt\u0131 \u00f6lk\u0259 bizim t\u0259bii qaz\u0131 al\u0131r. \u018flav\u0259 bir ne\u00e7\u0259 \u00f6lk\u0259 il\u0259 dan\u0131\u015f\u0131qlar apar\u0131l\u0131r.<\/p>\n<p>Qaza t\u0259l\u0259bat var, resurslar\u0131m\u0131z v\u0259 m\u00fcvafiq infrastrukturumuz da var. Avropa maliyy\u0259 institutlar\u0131n\u0131n maliyy\u0259l\u0259\u015fm\u0259si real yana\u015fmaya \u0259saslanmal\u0131d\u0131r v\u0259 \u00fcmumi hal alm\u0131\u015f qaz\u0131nt\u0131 yanaca\u011f\u0131na qar\u015f\u0131 meyill\u0259rin k\u00f6lg\u0259si alt\u0131na d\u00fc\u015fm\u0259m\u0259lidir.<\/p>\n<p>Az\u0259rbaycan ya\u015f\u0131l enerjiy\u0259 ke\u00e7id prosesinin aktiv fazas\u0131ndad\u0131r. Lakin, he\u00e7 kim bu fakt\u0131 dana bilm\u0259z ki, \u0259n az\u0131ndan yax\u0131n g\u0259l\u0259c\u0259kd\u0259 qaz\u0131nt\u0131 yanaca\u011f\u0131 olmadan d\u00fcnya inki\u015faf ed\u0259 bilm\u0259z.<\/p>\n<p>Az\u0259rbaycana COP29-a sahiblik ed\u0259n \u00f6lk\u0259 olmaq \u015f\u0259r\u0259fi n\u0259sib olmu\u015fdur. Ke\u00e7\u0259n ilin dekabr\u0131nda q\u0259rar q\u0259bul olunan kimi biz d\u0259rhal, yaln\u0131z bir s\u0259b\u0259bd\u0259n m\u00fcxt\u0259lif QHT-l\u0259r v\u0259 media t\u0259\u015fkilatlar\u0131n\u0131n h\u00fccumuna m\u0259ruz qald\u0131q. H\u00fccum ed\u0259r\u0259k dedil\u0259r ki, nec\u0259 ola bil\u0259r qaz\u0131nt\u0131 yanaca\u011f\u0131 il\u0259 z\u0259ngin olan bir \u00f6lk\u0259 COP-a ev sahibliyi ed\u0259 bil\u0259r.<\/p>\n<p>\u0130qlim d\u0259yi\u015fm\u0259l\u0259ri il\u0259 ba\u011fl\u0131 olan qlobal t\u0259dbir\u0259 ev sahibliyi etm\u0259k ist\u0259yimizin olmas\u0131 fakt\u0131 bizim irad\u0259mizi n\u00fcmayi\u015f etdirir. Buna g\u00f6r\u0259 \u00f6lk\u0259miz\u0259 h\u00fccum edilm\u0259m\u0259lidir, \u0259ksin\u0259 t\u0259qdir edilm\u0259liyik.<\/p>\n<p>\u018fvv\u0259lki ill\u0259rd\u0259 Az\u0259rbaycana qar\u015f\u0131 \u00e7oxlu h\u00fccumlar olmu\u015fdur, biz buna ad\u0259t etmi\u015fik, biz \u00f6z\u00fcm\u00fcz\u00fc m\u00fcdafi\u0259 ed\u0259 bil\u0259rik. COP29-un Az\u0259rbaycanda t\u0259\u015fkil edilm\u0259si q\u0259rar\u0131, yekdil q\u0259rar beyn\u0259lxalq birliyin \u00f6lk\u0259miz\u0259 h\u00f6rm\u0259tinin \u0259lam\u0259tidir v\u0259 bizim t\u0259dbir\u0259 ev sahibliyi etm\u0259k, bu i\u015f\u0259 t\u00f6hf\u0259 verm\u0259k ist\u0259yimiz ya\u015f\u0131l g\u00fcnd\u0259liyimizi n\u00fcmayi\u015f etdirir.<\/p>\n<p>\u018fminik ki, bu t\u0259dbird\u0259 d\u0259 d\u00fcnya Az\u0259rbaycan\u0131n h\u0259m qonaqp\u0259rv\u0259rliyinin, h\u0259m d\u0259 ya\u015f\u0131l enerjiy\u0259 m\u00fcnasib\u0259tinin \u015fahidi olacaqd\u0131r.<\/p>\n<p>&nbsp;<\/p>\n","protected":false},"excerpt":{"rendered":"<p>Cari ilin 1 mart tarixind\u0259 C\u0259nub Qaz D\u0259hlizi M\u0259\u015fv\u0259r\u0259t \u015euras\u0131 \u00e7\u0259r\u00e7iv\u0259sind\u0259 nazirl\u0259rin 10-cu v\u0259 Ya\u015f\u0131l Enerji M\u0259\u015fv\u0259r\u0259t \u015euras\u0131 \u00e7\u0259r\u00e7iv\u0259sind\u0259 nazirl\u0259rin 2-ci iclaslar\u0131 olub. Prezident \u0130lham \u018fliyev iclaslarda \u00e7\u0131x\u0131\u015f edib. D\u00f6vl\u0259t ba\u00e7\u0131s\u0131 bildirib ki, Az\u0259rbaycan v\u0259 Albaniya iki dost \u00f6lk\u0259dir. \u00d6lk\u0259l\u0259rimiz m\u00fcxt\u0259lif sah\u0259l\u0259rd\u0259 f\u0259al \u0259m\u0259kda\u015fl\u0131q edir v\u0259 olduqca f\u0259al siyasi dialoqumuz var. H\u0259r iki \u00f6lk\u0259 bir-birini [&hellip;]<\/p>\n","protected":false},"author":2,"featured_media":0,"comment_status":"closed","ping_status":"closed","sticky":false,"template":"","format":"standard","meta":[],"categories":[10],"tags":[],"_links":{"self":[{"href":"https:\/\/yeniterter.az\/index.php?rest_route=\/wp\/v2\/posts\/26876"}],"collection":[{"href":"https:\/\/yeniterter.az\/index.php?rest_route=\/wp\/v2\/posts"}],"about":[{"href":"https:\/\/yeniterter.az\/index.php?rest_route=\/wp\/v2\/types\/post"}],"author":[{"embeddable":true,"href":"https:\/\/yeniterter.az\/index.php?rest_route=\/wp\/v2\/users\/2"}],"replies":[{"embeddable":true,"href":"https:\/\/yeniterter.az\/index.php?rest_route=%2Fwp%2Fv2%2Fcomments&post=26876"}],"version-history":[{"count":1,"href":"https:\/\/yeniterter.az\/index.php?rest_route=\/wp\/v2\/posts\/26876\/revisions"}],"predecessor-version":[{"id":26881,"href":"https:\/\/yeniterter.az\/index.php?rest_route=\/wp\/v2\/posts\/26876\/revisions\/26881"}],"wp:attachment":[{"href":"https:\/\/yeniterter.az\/index.php?rest_route=%2Fwp%2Fv2%2Fmedia&parent=26876"}],"wp:term":[{"taxonomy":"category","embeddable":true,"href":"https:\/\/yeniterter.az\/index.php?rest_route=%2Fwp%2Fv2%2Fcategories&post=26876"},{"taxonomy":"post_tag","embeddable":true,"href":"https:\/\/yeniterter.az\/index.php?rest_route=%2Fwp%2Fv2%2Ftags&post=26876"}],"curies":[{"name":"wp","href":"https:\/\/api.w.org\/{rel}","templated":true}]}}