{"id":26872,"date":"2024-03-06T08:16:06","date_gmt":"2024-03-06T05:16:06","guid":{"rendered":"https:\/\/yeniterter.az\/?p=26872"},"modified":"2024-03-06T08:23:32","modified_gmt":"2024-03-06T05:23:32","slug":"neft-inkisafa-cevrildi-s%c9%99rv%c9%99tin-%c9%99dal%c9%99tli-paylanmasi-t%c9%99min-edildi","status":"publish","type":"post","link":"https:\/\/yeniterter.az\/?p=26872","title":{"rendered":"Neft inki\u015fafa \u00e7evrildi, s\u0259rv\u0259tin \u0259dal\u0259tli paylanmas\u0131 t\u0259min edildi"},"content":{"rendered":"<p><img decoding=\"async\" loading=\"lazy\" class=\" wp-image-26873 alignleft\" src=\"https:\/\/yeniterter.az\/wp-content\/uploads\/430782372_252121041285697_1498459659574684101_n-300x221.jpg\" alt=\"\" width=\"248\" height=\"183\" srcset=\"https:\/\/yeniterter.az\/wp-content\/uploads\/430782372_252121041285697_1498459659574684101_n-300x221.jpg 300w, https:\/\/yeniterter.az\/wp-content\/uploads\/430782372_252121041285697_1498459659574684101_n.jpg 600w\" sizes=\"(max-width: 248px) 100vw, 248px\" \/><img decoding=\"async\" loading=\"lazy\" class=\" wp-image-26874 alignleft\" src=\"https:\/\/yeniterter.az\/wp-content\/uploads\/430751394_252121064619028_4105264272270799196_n-300x152.jpg\" alt=\"\" width=\"361\" height=\"183\" srcset=\"https:\/\/yeniterter.az\/wp-content\/uploads\/430751394_252121064619028_4105264272270799196_n-300x152.jpg 300w, https:\/\/yeniterter.az\/wp-content\/uploads\/430751394_252121064619028_4105264272270799196_n.jpg 584w\" sizes=\"(max-width: 361px) 100vw, 361px\" \/><\/p>\n<p>&nbsp;<\/p>\n<p>&nbsp;<\/p>\n<p>&nbsp;<\/p>\n<p>&nbsp;<\/p>\n<p>&nbsp;<\/p>\n<p>&nbsp;<\/p>\n<p>&nbsp;<\/p>\n<p>&nbsp;<\/p>\n<p>Prezident \u0130lham \u018fliyev cari ilin 1 mart tarixind\u0259 C\u0259nub Qaz D\u0259hlizi M\u0259\u015fv\u0259r\u0259t \u015euras\u0131 \u00e7\u0259r\u00e7iv\u0259sind\u0259 nazirl\u0259rin 10-cu v\u0259 Ya\u015f\u0131l Enerji M\u0259\u015fv\u0259r\u0259t \u015euras\u0131 \u00e7\u0259r\u00e7iv\u0259sind\u0259 nazirl\u0259rin 2-ci iclaslar\u0131 zaman\u0131 \u201cEuronews\u201d televiziyas\u0131na m\u00fcsahib\u0259 verib. D\u00f6vl\u0259t ba\u015f\u00e7\u0131s\u0131 deyib ki, C\u0259nub Qaz D\u0259hlizi layih\u0259si il\u0259 \u0259laq\u0259dar \u00e7oxlu m\u00fcxt\u0259lif ideyalar var idi. Nikbin d\u00fc\u015f\u00fcn\u0259nl\u0259r d\u0259, b\u0259dbin d\u00fc\u015f\u00fcn\u0259nl\u0259r d\u0259 var idi. H\u0259m\u00e7inin el\u0259l\u0259ri d\u0259 var idi ki, d\u00fc\u015f\u00fcn\u00fcrd\u00fcl\u0259r, biz bunu h\u0259yata ke\u00e7ir\u0259 bilm\u0259y\u0259c\u0259yik.<\/p>\n<p>Layih\u0259ni realla\u015fd\u0131rmaq \u00fc\u00e7\u00fcn geni\u015f beyn\u0259lxalq \u0259m\u0259kda\u015fl\u0131\u011fa ehtiyac var idi. Ona g\u00f6r\u0259 d\u0259 biz\u0259 \u00f6z maliyy\u0259 imkanlar\u0131 il\u0259 d\u0259st\u0259k g\u00f6st\u0259rm\u0259l\u0259ri \u00fc\u00e7\u00fcn apar\u0131c\u0131 beyn\u0259lxalq maliyy\u0259 institutlar\u0131n\u0131 d\u0259v\u0259t ed\u0259r\u0259k, \u00f6lk\u0259l\u0259r aras\u0131nda, \u015firk\u0259tl\u0259r aras\u0131nda bu \u0259m\u0259kda\u015fl\u0131\u011f\u0131 qurma\u011fa ba\u015flad\u0131q.<\/p>\n<p>Uzunlu\u011fu 3500 kilometr olan k\u0259m\u0259r art\u0131q arzu deyil, reall\u0131qd\u0131r. Layih\u0259 getdikc\u0259 daha \u00e7ox \u00f6lk\u0259l\u0259ri \u0259hat\u0259 edir. \u00c7\u00fcnki bizim t\u0259bii qaz\u0131 yeni t\u0259yinat n\u00f6qt\u0259l\u0259rin\u0259 n\u0259ql etm\u0259y\u0259 imkan ver\u0259n yeni interkonnektorlar\u0131m\u0131z var.<\/p>\n<p>Layih\u0259 h\u0259qiq\u0259t\u0259n d\u0259 enerji t\u0259chizat\u0131n\u0131n, enerji t\u0259hl\u00fck\u0259sizliyi il\u0259 ba\u011fl\u0131 m\u0259s\u0259l\u0259l\u0259rin co\u011frafiyas\u0131n\u0131 tamamil\u0259 d\u0259yi\u015fir. On il bundan \u0259vv\u0259l ba\u015flad\u0131lan t\u0259\u015f\u0259bb\u00fcs\u00fcn yax\u015f\u0131 n\u0259tic\u0259l\u0259rini g\u00f6r\u0259nd\u0259, \u0259lb\u0259tt\u0259 ki, insan \u00f6z\u00fcn\u00fc h\u0259r zaman xo\u015fb\u0259xt hiss edir.<\/p>\n<p>Prezident \u0130lham \u018fliyev bildirib ki, COP29 bizim \u00fcmumi ya\u015f\u0131l enerji g\u00fcnd\u0259liyimizin v\u0259 m\u0259suliyy\u0259t hissimizin bir hiss\u0259sini t\u0259\u015fkil edir. \u00c7\u00fcnki qaz\u0131nt\u0131 yanaca\u011f\u0131 il\u0259 z\u0259ngin \u00f6lk\u0259l\u0259r ya\u015f\u0131l enerjiy\u0259 ke\u00e7idd\u0259 \u00f6n s\u0131ralarda olmal\u0131d\u0131r. Biz bunu \u0259n\u0259n\u0259vi ehtiyatlar\u0131m\u0131z \u00e7at\u0131\u015fmad\u0131\u011f\u0131na g\u00f6r\u0259 etmirik, ona g\u00f6r\u0259 edirik ki, neft-qaz sat\u0131\u015f\u0131ndan \u0259ld\u0259 etdiyimiz maliyy\u0259d\u0259n, g\u0259lirl\u0259rd\u0259n b\u0259rpaolunan enerjiy\u0259 s\u0259rmay\u0259 yat\u0131rmaq \u00fc\u00e7\u00fcn istifad\u0259 etm\u0259kl\u0259 t\u00f6hf\u0259 verm\u0259k v\u0259 buna ehtiyac\u0131n oldu\u011funa dair \u00fcmumi bir anlay\u0131\u015f yaratmaq ist\u0259yirik.<\/p>\n<p>Biz iqlim d\u0259yi\u015fikliyinin f\u0259sadlar\u0131n\u0131, t\u0259hl\u00fck\u0259li f\u0259sadlar\u0131n\u0131 g\u00f6r\u00fcr\u00fck, \u00e7aylar\u0131m\u0131zda su azal\u0131r, da\u011flar\u0131m\u0131zda qar azal\u0131r, X\u0259z\u0259r d\u0259nizind\u0259 suyun s\u0259viyy\u0259si azal\u0131r. \u018fg\u0259r biz enerji v\u0259 \u0259zml\u0259 bu m\u0259s\u0259l\u0259 il\u0259 m\u0259\u015f\u011ful olmasaq, ham\u0131m\u0131z \u0259ziyy\u0259t \u00e7\u0259k\u0259c\u0259yik.<!--more--><\/p>\n<p>Az\u0259rbaycan\u0131n b\u0259rpaolunan enerji layih\u0259l\u0259ri g\u00fcnd\u0259liyi \u00e7ox iddial\u0131d\u0131r. Beyn\u0259lxalq Maliyy\u0259 Korporasiyas\u0131n\u0131n hesablamalar\u0131na \u0259sas\u0259n, X\u0259z\u0259r d\u0259nizinin Az\u0259rbaycan sektorunda potensial\u0131m\u0131z 157 giqavat t\u0259\u015fkil edir.<\/p>\n<p>Art\u0131q m\u00fch\u00fcm yolu q\u0259t etm\u0259y\u0259 ba\u015flam\u0131\u015f\u0131q. Ola bilsin ki, 10 il\u0259 \u00f6lk\u0259d\u0259 b\u0259rpaolunan enerjid\u0259n maksimum d\u0259r\u0259c\u0259d\u0259 istifad\u0259 etm\u0259yi v\u0259 daxili bazarda t\u0259bii qaz istehlak\u0131n\u0131 azaltma\u011f\u0131 planla\u015fd\u0131r\u0131r\u0131q.<\/p>\n<p>Prezident qeyd edib ki, Az\u0259rbaycan neft v\u0259 qaz ehtiyatlar\u0131 olan bir \u00e7ox \u00f6lk\u0259nin \u00fczl\u0259\u015fdiyi \u201cneft l\u0259n\u0259tin\u0259\u201d d\u00fc\u00e7ar olmama\u011f\u0131 bacard\u0131. Neft v\u0259 qaza malik \u00f6lk\u0259l\u0259r g\u00fcnahland\u0131r\u0131lmamal\u0131d\u0131r, qaz\u0131nt\u0131 yanaca\u011f\u0131na sahib olmaq onlar\u0131n g\u00fcnah\u0131 deyil.<\/p>\n<p>G\u00f6r\u00fcl\u0259n i\u015f\u0259 g\u0259lirl\u0259rd\u0259n insanlar\u0131n ehtiyaclar\u0131n\u0131 t\u0259min etm\u0259k v\u0259 ya\u015f\u0131l enerji g\u00fcnd\u0259liyin\u0259 t\u0259kan verm\u0259k \u00fc\u00e7\u00fcn nec\u0259 istifad\u0259 etdiyimiz\u0259 g\u00f6r\u0259 qiym\u0259t verilm\u0259lidir. Nefti inki\u015fafa \u00e7evirdik, s\u0259rv\u0259tin \u0259dal\u0259tli paylanmas\u0131n\u0131 t\u0259min etm\u0259y\u0259 nail olduq. Son 20 ild\u0259 Az\u0259rbaycanda yoxsullu\u011fun s\u0259viyy\u0259sini 50 faizd\u0259n 5 faiz\u0259 enib.<\/p>\n<p>&nbsp;<\/p>\n","protected":false},"excerpt":{"rendered":"<p>&nbsp; &nbsp; &nbsp; &nbsp; &nbsp; &nbsp; &nbsp; &nbsp; Prezident \u0130lham \u018fliyev cari ilin 1 mart tarixind\u0259 C\u0259nub Qaz D\u0259hlizi M\u0259\u015fv\u0259r\u0259t \u015euras\u0131 \u00e7\u0259r\u00e7iv\u0259sind\u0259 nazirl\u0259rin 10-cu v\u0259 Ya\u015f\u0131l Enerji M\u0259\u015fv\u0259r\u0259t \u015euras\u0131 \u00e7\u0259r\u00e7iv\u0259sind\u0259 nazirl\u0259rin 2-ci iclaslar\u0131 zaman\u0131 \u201cEuronews\u201d televiziyas\u0131na m\u00fcsahib\u0259 verib. D\u00f6vl\u0259t ba\u015f\u00e7\u0131s\u0131 deyib ki, C\u0259nub Qaz D\u0259hlizi layih\u0259si il\u0259 \u0259laq\u0259dar \u00e7oxlu m\u00fcxt\u0259lif ideyalar var idi. Nikbin d\u00fc\u015f\u00fcn\u0259nl\u0259r [&hellip;]<\/p>\n","protected":false},"author":2,"featured_media":0,"comment_status":"closed","ping_status":"closed","sticky":false,"template":"","format":"standard","meta":[],"categories":[10],"tags":[],"_links":{"self":[{"href":"https:\/\/yeniterter.az\/index.php?rest_route=\/wp\/v2\/posts\/26872"}],"collection":[{"href":"https:\/\/yeniterter.az\/index.php?rest_route=\/wp\/v2\/posts"}],"about":[{"href":"https:\/\/yeniterter.az\/index.php?rest_route=\/wp\/v2\/types\/post"}],"author":[{"embeddable":true,"href":"https:\/\/yeniterter.az\/index.php?rest_route=\/wp\/v2\/users\/2"}],"replies":[{"embeddable":true,"href":"https:\/\/yeniterter.az\/index.php?rest_route=%2Fwp%2Fv2%2Fcomments&post=26872"}],"version-history":[{"count":2,"href":"https:\/\/yeniterter.az\/index.php?rest_route=\/wp\/v2\/posts\/26872\/revisions"}],"predecessor-version":[{"id":26882,"href":"https:\/\/yeniterter.az\/index.php?rest_route=\/wp\/v2\/posts\/26872\/revisions\/26882"}],"wp:attachment":[{"href":"https:\/\/yeniterter.az\/index.php?rest_route=%2Fwp%2Fv2%2Fmedia&parent=26872"}],"wp:term":[{"taxonomy":"category","embeddable":true,"href":"https:\/\/yeniterter.az\/index.php?rest_route=%2Fwp%2Fv2%2Fcategories&post=26872"},{"taxonomy":"post_tag","embeddable":true,"href":"https:\/\/yeniterter.az\/index.php?rest_route=%2Fwp%2Fv2%2Ftags&post=26872"}],"curies":[{"name":"wp","href":"https:\/\/api.w.org\/{rel}","templated":true}]}}