{"id":26635,"date":"2024-01-31T10:57:06","date_gmt":"2024-01-31T07:57:06","guid":{"rendered":"https:\/\/yeniterter.az\/?p=26635"},"modified":"2024-01-31T10:57:06","modified_gmt":"2024-01-31T07:57:06","slug":"19-yasi-m%c9%99zari-onund%c9%99-qeyd-olundu","status":"publish","type":"post","link":"https:\/\/yeniterter.az\/?p=26635","title":{"rendered":"19 ya\u015f\u0131 m\u0259zar\u0131 \u00f6n\u00fcnd\u0259 qeyd olundu"},"content":{"rendered":"<p><img decoding=\"async\" loading=\"lazy\" class=\" wp-image-26636 alignleft\" src=\"https:\/\/yeniterter.az\/wp-content\/uploads\/47f8a8a2adc28789f55f0ffd08d64aea-282x300.jpg\" alt=\"\" width=\"174\" height=\"185\" srcset=\"https:\/\/yeniterter.az\/wp-content\/uploads\/47f8a8a2adc28789f55f0ffd08d64aea-282x300.jpg 282w, https:\/\/yeniterter.az\/wp-content\/uploads\/47f8a8a2adc28789f55f0ffd08d64aea-963x1024.jpg 963w, https:\/\/yeniterter.az\/wp-content\/uploads\/47f8a8a2adc28789f55f0ffd08d64aea-768x816.jpg 768w, https:\/\/yeniterter.az\/wp-content\/uploads\/47f8a8a2adc28789f55f0ffd08d64aea.jpg 1191w\" sizes=\"(max-width: 174px) 100vw, 174px\" \/>Az\u0259rbaycan Silahl\u0131 Q\u00fcvv\u0259l\u0259ri t\u0259r\u0259find\u0259n Qaraba\u011f iqtisadi rayonunda ke\u00e7iril\u0259n lokal xarakterli antiterror t\u0259dbirl\u0259ri zaman\u0131 \u015f\u0259hid olmu\u015f ordumuzun h\u0259rbi qulluq\u00e7usu, 2005-ci il t\u0259v\u0259ll\u00fcdl\u00fc, rayonun Seydimli k\u0259nd sakini S\u0259f\u0259rov Cavid R\u00f6v\u015f\u0259n o\u011flunun do\u011fum g\u00fcn\u00fc m\u0259zar\u0131 \u00f6n\u00fcnd\u0259 qeyd olunub.<br \/>\nBu m\u00fcnasib\u0259tl\u0259 T\u0259rt\u0259r Rayon \u0130cra Hakimiyy\u0259tinin V\u0259t\u0259n m\u00fcharib\u0259si i\u015ftirak\u00e7\u0131lar\u0131 v\u0259 \u015f\u0259hid ail\u0259l\u0259ri il\u0259 i\u015fin t\u0259\u015fkili \u015f\u00f6b\u0259sinin m\u00fcdiri \u00dclvi N\u0259c\u0259fov, Qafqaz M\u00fcs\u0259lmanlar\u0131 \u0130dar\u0259sinin s\u0259lahiyy\u0259tli n\u00fcmay\u0259nd\u0259si, T\u0259rt\u0259r C\u00fcm\u0259 M\u0259scidinin imam\u0131 Sadiq C\u0259f\u0259rov, \u015f\u0259hidin yax\u0131nlar\u0131, d\u00f6y\u00fc\u015f yolda\u015flar\u0131, k\u0259nd sakinl\u0259ri \u015f\u0259hidin m\u0259zar\u0131n\u0131 ziyar\u0259t ed\u0259r\u0259k, \u00f6n\u00fcn\u0259 g\u00fcl d\u0259st\u0259l\u0259ri d\u00fcz\u00fcb, ruhuna dualar oxuyublar.<br \/>\nQeyd ed\u0259k ki, \u015f\u0259hid Cavid S\u0259f\u0259rov 2005-ci il yanvar ay\u0131n\u0131n 24-d\u0259 T\u0259rt\u0259r rayonunun Seydimli k\u0259ndind\u0259 anadan olub. Az\u0259rbaycan Silahl\u0131 Q\u00fcvv\u0259l\u0259rinin \u0259sg\u0259ri Cavid S\u0259f\u0259rov 19 sentyabr 2023-c\u00fc il tarixd\u0259 Az\u0259rbaycan Ordusunun h\u0259yata ke\u00e7irdiyi lokal xarakterli antiterror t\u0259dbirl\u0259ri zaman\u0131 \u015f\u0259hidlik zirv\u0259sin\u0259 ucal\u0131b. \u015e\u0259hid Seydimli k\u0259nd q\u0259biristanl\u0131\u011f\u0131nda torpa\u011fa tap\u015f\u0131r\u0131l\u0131b.<br \/>\n\u015e\u0259hid S\u0259f\u0259rov Cavid R\u00f6v\u015f\u0259n o\u011flu d\u00f6y\u00fc\u015fl\u0259rd\u0259 g\u00f6st\u0259rdiyi igidliy\u0259 g\u00f6r\u0259 \u00f6l\u00fcm\u00fcnd\u0259n sonra Az\u0259rbaycan Respublikas\u0131n\u0131n Prezidenti c\u0259nab \u0130lham \u018fliyevin m\u00fcvafiq S\u0259r\u0259ncamlar\u0131na \u0259sas\u0259n 3-c\u00fc d\u0259r\u0259c\u0259li \u201cV\u0259t\u0259n\u0259 xidm\u0259t\u0259 g\u00f6r\u0259\u201d ordeni v\u0259 \u201cV\u0259t\u0259n u\u011frunda\u201d medal\u0131 il\u0259 t\u0259ltif edilib.<\/p>\n<p>&nbsp;<\/p>\n","protected":false},"excerpt":{"rendered":"<p>Az\u0259rbaycan Silahl\u0131 Q\u00fcvv\u0259l\u0259ri t\u0259r\u0259find\u0259n Qaraba\u011f iqtisadi rayonunda ke\u00e7iril\u0259n lokal xarakterli antiterror t\u0259dbirl\u0259ri zaman\u0131 \u015f\u0259hid olmu\u015f ordumuzun h\u0259rbi qulluq\u00e7usu, 2005-ci il t\u0259v\u0259ll\u00fcdl\u00fc, rayonun Seydimli k\u0259nd sakini S\u0259f\u0259rov Cavid R\u00f6v\u015f\u0259n o\u011flunun do\u011fum g\u00fcn\u00fc m\u0259zar\u0131 \u00f6n\u00fcnd\u0259 qeyd olunub. Bu m\u00fcnasib\u0259tl\u0259 T\u0259rt\u0259r Rayon \u0130cra Hakimiyy\u0259tinin V\u0259t\u0259n m\u00fcharib\u0259si i\u015ftirak\u00e7\u0131lar\u0131 v\u0259 \u015f\u0259hid ail\u0259l\u0259ri il\u0259 i\u015fin t\u0259\u015fkili \u015f\u00f6b\u0259sinin m\u00fcdiri \u00dclvi N\u0259c\u0259fov, Qafqaz [&hellip;]<\/p>\n","protected":false},"author":2,"featured_media":0,"comment_status":"closed","ping_status":"closed","sticky":false,"template":"","format":"standard","meta":[],"categories":[39],"tags":[],"_links":{"self":[{"href":"https:\/\/yeniterter.az\/index.php?rest_route=\/wp\/v2\/posts\/26635"}],"collection":[{"href":"https:\/\/yeniterter.az\/index.php?rest_route=\/wp\/v2\/posts"}],"about":[{"href":"https:\/\/yeniterter.az\/index.php?rest_route=\/wp\/v2\/types\/post"}],"author":[{"embeddable":true,"href":"https:\/\/yeniterter.az\/index.php?rest_route=\/wp\/v2\/users\/2"}],"replies":[{"embeddable":true,"href":"https:\/\/yeniterter.az\/index.php?rest_route=%2Fwp%2Fv2%2Fcomments&post=26635"}],"version-history":[{"count":1,"href":"https:\/\/yeniterter.az\/index.php?rest_route=\/wp\/v2\/posts\/26635\/revisions"}],"predecessor-version":[{"id":26637,"href":"https:\/\/yeniterter.az\/index.php?rest_route=\/wp\/v2\/posts\/26635\/revisions\/26637"}],"wp:attachment":[{"href":"https:\/\/yeniterter.az\/index.php?rest_route=%2Fwp%2Fv2%2Fmedia&parent=26635"}],"wp:term":[{"taxonomy":"category","embeddable":true,"href":"https:\/\/yeniterter.az\/index.php?rest_route=%2Fwp%2Fv2%2Fcategories&post=26635"},{"taxonomy":"post_tag","embeddable":true,"href":"https:\/\/yeniterter.az\/index.php?rest_route=%2Fwp%2Fv2%2Ftags&post=26635"}],"curies":[{"name":"wp","href":"https:\/\/api.w.org\/{rel}","templated":true}]}}