{"id":26626,"date":"2024-01-31T10:40:45","date_gmt":"2024-01-31T07:40:45","guid":{"rendered":"https:\/\/yeniterter.az\/?p=26626"},"modified":"2024-01-31T10:40:45","modified_gmt":"2024-01-31T07:40:45","slug":"m%c9%99is%c9%99t-zorakiliginin-qarsisinin-alinmasi-v%c9%99-onunla-mubariz%c9%99","status":"publish","type":"post","link":"https:\/\/yeniterter.az\/?p=26626","title":{"rendered":"M\u0259i\u015f\u0259t zorak\u0131l\u0131\u011f\u0131n\u0131n qar\u015f\u0131s\u0131n\u0131n  al\u0131nmas\u0131 v\u0259 onunla m\u00fcbariz\u0259"},"content":{"rendered":"<p><img decoding=\"async\" loading=\"lazy\" class=\" wp-image-26627 alignleft\" src=\"https:\/\/yeniterter.az\/wp-content\/uploads\/722059a9f834069f6c9d06dbf0c1a522-300x200.jpg\" alt=\"\" width=\"237\" height=\"158\" srcset=\"https:\/\/yeniterter.az\/wp-content\/uploads\/722059a9f834069f6c9d06dbf0c1a522-300x200.jpg 300w, https:\/\/yeniterter.az\/wp-content\/uploads\/722059a9f834069f6c9d06dbf0c1a522-1024x683.jpg 1024w, https:\/\/yeniterter.az\/wp-content\/uploads\/722059a9f834069f6c9d06dbf0c1a522-768x512.jpg 768w, https:\/\/yeniterter.az\/wp-content\/uploads\/722059a9f834069f6c9d06dbf0c1a522.jpg 1152w\" sizes=\"(max-width: 237px) 100vw, 237px\" \/>T\u0259rt\u0259r Rayon \u0130cra Hakimiyy\u0259ti t\u0259r\u0259find\u0259n \u015eikar \u015eikarov ad\u0131na \u015f\u0259h\u0259r 5 sayl\u0131 tam orta m\u0259kt\u0259bin inzibati binas\u0131nda \u201cM\u0259i\u015f\u0259t zorak\u0131l\u0131\u011f\u0131n\u0131n qar\u015f\u0131s\u0131n\u0131n al\u0131nmas\u0131 v\u0259 onunla m\u00fcbariz\u0259\u201d m\u00f6vzusunda maarifl\u0259ndirici t\u0259dbir ke\u00e7irilib.<br \/>\nT\u0259dbird\u0259 T\u0259rt\u0259r Rayon \u0130cra Hakimiyy\u0259ti Ba\u015f\u00e7\u0131s\u0131 aparat\u0131nda \u0130ctimai-siyasi v\u0259 humanitar m\u0259s\u0259l\u0259l\u0259r \u015f\u00f6b\u0259sinin ba\u015f m\u0259sl\u0259h\u0259t\u00e7isi R\u0259qsan\u0259 M\u0259mm\u0259dli, Yetkinlik ya\u015f\u0131na \u00e7atmayanlar\u0131n i\u015fl\u0259ri v\u0259 h\u00fcquqlar\u0131n\u0131n m\u00fcdafi\u0259si \u00fczr\u0259 komissiyan\u0131n m\u0259sul katibi R\u0259van H\u0259s\u0259nov, \u015f\u0259h\u0259r 5 sayl\u0131 tam orta m\u0259kt\u0259bin t\u0259lim-t\u0259rbiy\u0259 i\u015fl\u0259ri \u00fczr\u0259 direktor m\u00fcavini Cavan\u015fir Musayev i\u015ftirak edibl\u0259r.<br \/>\n\u018fvv\u0259lc\u0259 \u00dcmummilli Lider Heyd\u0259r \u018fliyevin v\u0259 torpaqlar\u0131m\u0131z\u0131n \u0259razi b\u00fct\u00f6vl\u00fcy\u00fc u\u011frunda canlar\u0131ndan ke\u00e7mi\u015f \u015f\u0259hidl\u0259rin xatir\u0259si bir d\u0259qiq\u0259lik s\u00fckutla yad edilib. Daha sonra T\u0259rt\u0259r Rayon \u0130cra Hakimiyy\u0259ti Ba\u015f\u00e7\u0131s\u0131 aparat\u0131nda \u0130ctimai-siyasi v\u0259 humanitar m\u0259s\u0259l\u0259l\u0259r \u015f\u00f6b\u0259sinin ba\u015f m\u0259sl\u0259h\u0259t\u00e7isi R\u0259qsan\u0259 M\u0259mm\u0259dli m\u0259i\u015f\u0259t zorak\u0131l\u0131\u011f\u0131n\u0131n qar\u015f\u0131s\u0131n\u0131 almaq \u00fc\u00e7\u00fcn qabaqlay\u0131c\u0131 t\u0259dbirl\u0259rin g\u00f6r\u00fclm\u0259sinin z\u0259ruriliyind\u0259n dan\u0131\u015f\u0131b. Qeyd olunub ki, m\u0259i\u015f\u0259t zorak\u0131l\u0131\u011f\u0131 v\u0259 ya ail\u0259d\u0259 zorak\u0131l\u0131q hallar\u0131 yanl\u0131z bir ail\u0259 \u00fc\u00e7\u00fcn deyil, b\u00fct\u00f6vl\u00fckd\u0259 c\u0259miyy\u0259t \u00fc\u00e7\u00fcn t\u0259hl\u00fck\u0259lidir. M\u0259i\u015f\u0259t zorak\u0131l\u0131\u011f\u0131 probleminin h\u0259lli h\u0259rt\u0259r\u0259fli yana\u015fma v\u0259 m\u0259qs\u0259dli t\u0259dbirl\u0259rin h\u0259yata ke\u00e7irilm\u0259sini t\u0259l\u0259b edir.<!--more--><br \/>\nT\u0259rt\u0259r Rayon \u0130cra Hakimiyy\u0259ti ba\u015f\u00e7\u0131s\u0131 aparat\u0131nda Yetkinlik ya\u015f\u0131na \u00e7atma-yanlar\u0131n i\u015fl\u0259ri v\u0259 h\u00fcquqlar\u0131n\u0131n m\u00fcdafi\u0259si \u00fczr\u0259 komissiyan\u0131n m\u0259sul katibi R\u0259van H\u0259s\u0259nov, psixoloq v\u0259 m\u00fc\u0259lliml\u0259r \u201cM\u0259i\u015f\u0259t zorak\u0131l\u0131\u011f\u0131n\u0131n qar\u015f\u0131s\u0131n\u0131n al\u0131nmas\u0131 haqq\u0131nda\u201d Az\u0259rbaycan Respublikas\u0131 Qanununun m\u00fcdd\u0259alar\u0131 bar\u0259d\u0259 \u0259t-rafl\u0131 m\u0259lumat veribl\u0259r. T\u0259dbir diskussiya \u015f\u0259klind\u0259 davam etdirilib, i\u015ftirak\u00e7\u0131lar\u0131n suallar\u0131 cavabland\u0131r\u0131l\u0131b.<\/p>\n","protected":false},"excerpt":{"rendered":"<p>T\u0259rt\u0259r Rayon \u0130cra Hakimiyy\u0259ti t\u0259r\u0259find\u0259n \u015eikar \u015eikarov ad\u0131na \u015f\u0259h\u0259r 5 sayl\u0131 tam orta m\u0259kt\u0259bin inzibati binas\u0131nda \u201cM\u0259i\u015f\u0259t zorak\u0131l\u0131\u011f\u0131n\u0131n qar\u015f\u0131s\u0131n\u0131n al\u0131nmas\u0131 v\u0259 onunla m\u00fcbariz\u0259\u201d m\u00f6vzusunda maarifl\u0259ndirici t\u0259dbir ke\u00e7irilib. T\u0259dbird\u0259 T\u0259rt\u0259r Rayon \u0130cra Hakimiyy\u0259ti Ba\u015f\u00e7\u0131s\u0131 aparat\u0131nda \u0130ctimai-siyasi v\u0259 humanitar m\u0259s\u0259l\u0259l\u0259r \u015f\u00f6b\u0259sinin ba\u015f m\u0259sl\u0259h\u0259t\u00e7isi R\u0259qsan\u0259 M\u0259mm\u0259dli, Yetkinlik ya\u015f\u0131na \u00e7atmayanlar\u0131n i\u015fl\u0259ri v\u0259 h\u00fcquqlar\u0131n\u0131n m\u00fcdafi\u0259si \u00fczr\u0259 komissiyan\u0131n m\u0259sul katibi R\u0259van [&hellip;]<\/p>\n","protected":false},"author":2,"featured_media":0,"comment_status":"closed","ping_status":"closed","sticky":false,"template":"","format":"standard","meta":[],"categories":[10],"tags":[],"_links":{"self":[{"href":"https:\/\/yeniterter.az\/index.php?rest_route=\/wp\/v2\/posts\/26626"}],"collection":[{"href":"https:\/\/yeniterter.az\/index.php?rest_route=\/wp\/v2\/posts"}],"about":[{"href":"https:\/\/yeniterter.az\/index.php?rest_route=\/wp\/v2\/types\/post"}],"author":[{"embeddable":true,"href":"https:\/\/yeniterter.az\/index.php?rest_route=\/wp\/v2\/users\/2"}],"replies":[{"embeddable":true,"href":"https:\/\/yeniterter.az\/index.php?rest_route=%2Fwp%2Fv2%2Fcomments&post=26626"}],"version-history":[{"count":1,"href":"https:\/\/yeniterter.az\/index.php?rest_route=\/wp\/v2\/posts\/26626\/revisions"}],"predecessor-version":[{"id":26628,"href":"https:\/\/yeniterter.az\/index.php?rest_route=\/wp\/v2\/posts\/26626\/revisions\/26628"}],"wp:attachment":[{"href":"https:\/\/yeniterter.az\/index.php?rest_route=%2Fwp%2Fv2%2Fmedia&parent=26626"}],"wp:term":[{"taxonomy":"category","embeddable":true,"href":"https:\/\/yeniterter.az\/index.php?rest_route=%2Fwp%2Fv2%2Fcategories&post=26626"},{"taxonomy":"post_tag","embeddable":true,"href":"https:\/\/yeniterter.az\/index.php?rest_route=%2Fwp%2Fv2%2Ftags&post=26626"}],"curies":[{"name":"wp","href":"https:\/\/api.w.org\/{rel}","templated":true}]}}