{"id":26621,"date":"2024-01-31T10:21:24","date_gmt":"2024-01-31T07:21:24","guid":{"rendered":"https:\/\/yeniterter.az\/?p=26621"},"modified":"2024-01-31T10:32:49","modified_gmt":"2024-01-31T07:32:49","slug":"t%c9%99rt%c9%99r-rayon-q%c9%99zetinin-90-illiyi-qarsisinda-15","status":"publish","type":"post","link":"https:\/\/yeniterter.az\/?p=26621","title":{"rendered":"T\u0259rt\u0259r rayon q\u0259zetinin 90 illiyi qar\u015f\u0131s\u0131nda"},"content":{"rendered":"<p style=\"text-align: center;\"><strong>TORPAQDAN PAY OLMAZ<\/strong><\/p>\n<p style=\"text-align: center;\"><strong>M\u0259ktubu oldu\u011fu kimi d\u0259rc edirik<\/strong><\/p>\n<p><img decoding=\"async\" loading=\"lazy\" class=\" wp-image-26622 alignright\" src=\"https:\/\/yeniterter.az\/wp-content\/uploads\/333gjgbj-300x147.jpg\" alt=\"\" width=\"162\" height=\"79\" srcset=\"https:\/\/yeniterter.az\/wp-content\/uploads\/333gjgbj-300x147.jpg 300w, https:\/\/yeniterter.az\/wp-content\/uploads\/333gjgbj-768x377.jpg 768w, https:\/\/yeniterter.az\/wp-content\/uploads\/333gjgbj.jpg 772w\" sizes=\"(max-width: 162px) 100vw, 162px\" \/>M\u0259n milliy\u0259tc\u0259 erm\u0259niy\u0259m. Az\u0259rbaycan\u0131n tabeliyind\u0259 olan Xan k\u0259ndind\u0259 anadan olmu\u015fam. Do\u011fma Qaraba\u011fda ba\u015f ver\u0259n hadis\u0259l\u0259r m\u0259ni sonsuz d\u0259r\u0259c\u0259d\u0259 sars\u0131d\u0131r. \u0130ki ild\u0259n \u00e7oxdur ki, u\u015faq da, b\u00f6y\u00fck d\u0259 g\u0259rgin v\u0259ziyy\u0259td\u0259dir.<br \/>\nDeyirl\u0259r h\u0259qiq\u0259t yer \u00fcz\u0259rind\u0259 \u0259n qalib, \u0259n ye-nilm\u0259z amildir. Son iki ild\u0259 Az\u0259rbaycan xalq\u0131n\u0131n ba\u015f\u0131na g\u0259tiril\u0259n m\u00fcsib\u0259tl\u0259ri he\u00e7 k\u0259s\u0259 arzulam\u0131ram. Uydurulmu\u015f \u201cQaraba\u011f problemi\u201d n\u0259hay\u0259t 15-20 yanvar 1990-c\u0131 il faci\u0259sin\u0259 g\u0259tirib \u00e7\u0131xartd\u0131. Faci\u0259ni t\u00f6r\u0259d\u0259nl\u0259r n\u0259 vaxt \u00f6z c\u0259zalar\u0131n\u0131 alacaqlar? M\u0259tbuatda h\u0259mi\u015f\u0259 bel\u0259 yaz\u0131rlar: \u201cBir qrup erm\u0259ni ekstremistl\u0259ri\u201d. Balam, bu bir qrup n\u0259 q\u0259d\u0259r g\u00fccl\u00fc oldu ki, 200 min\u0259 yax\u0131n az\u0259rbaycanl\u0131n\u0131 \u00f6z evind\u0259n did\u0259rgin sald\u0131, minl\u0259rl\u0259 az\u0259rbaycanl\u0131n\u0131n qan\u0131n\u0131 ax\u0131td\u0131? N\u0259 vaxta q\u0259d\u0259r m\u0259rk\u0259z birt\u0259r\u0259fli \u00e7\u0131x\u0131\u015f ed\u0259c\u0259k? M\u0259rk\u0259z t\u0259r\u0259fd\u0259n Qaraba\u011f problemi h\u0259lledilm\u0259z bir problem\u0259 \u00e7evrilib. Arutyunyanlara b\u0259sdir dey\u0259n olmad\u0131. N\u0259hay\u0259t, Qaraba\u011f\u0131 bu v\u0259ziyy\u0259t\u0259 g\u0259tirib \u00e7\u0131xardan Volski c\u0259nablar\u0131 aradan \u00e7\u0131xd\u0131lar.<br \/>\nAz\u0259rbaycan xalq\u0131 yax\u015f\u0131 bilir ki, zaman \u0259n ac\u0131 m\u0259hk\u0259m\u0259dir. \u0130ll\u0259r \u00f6t\u0259r, \u00e7ox sular durular, tarix h\u0259r \u015fey\u0259 \u0259dal\u0259tli h\u00f6km ver\u0259r.<!--more--><br \/>\nDeyil\u0259n\u0259 g\u00f6r\u0259, q\u0259dim zamanlarda Qaraba\u011fda bir Fil\u0259nk\u0259syan ya\u015fay\u0131rm\u015f. O quldur \u0259riz\u0259 yaz\u0131b \u00f6z\u00fcn\u00fc yetirir Yelizavetpol quberniya m\u0259hk\u0259m\u0259sin\u0259, bildirir ki, b\u0259 Xan k\u0259ndi v\u0259 Xan ba\u011f\u0131 m\u0259nimdir. Qaraba\u011f xan\u0131 \u00e7\u0131x\u0131lmaz bir v\u0259ziyy\u0259td\u0259 qal\u0131r. Xan fikirl\u0259\u015fir n\u0259 ed\u0259k? Xan\u0131n adamlar\u0131 deyirl\u0259r ki, b\u0259s bir v\u0259kil var, onu raz\u0131 salsan i\u015f d\u00fcz\u0259l\u0259r. V\u0259kili tap\u0131b g\u0259tirirl\u0259r xan\u0131n h\u00fczuruna v\u0259 i\u015fl\u0259 tan\u0131\u015f edirl\u0259r. V\u0259kil azac\u0131q fikirl\u0259\u015f\u0259nd\u0259n sonra \u00e7ox az bir m\u0259bl\u0259\u011f ist\u0259yir. O bildirir ki, m\u0259hk\u0259m\u0259d\u0259 bir d\u0259qiq\u0259 \u00e7\u0131x\u0131\u015f ed\u0259c\u0259k. B\u0259li, m\u0259hk\u0259m\u0259 ba\u015flan\u0131r, hakim v\u0259kili sor\u011fuya tutur: \u201cC\u0259nab\u0131n\u0131z\u0131n m\u00fcdafi\u0259si \u00fc\u00e7\u00fcn etibar edil\u0259n i\u015fl\u0259 tan\u0131\u015f oldunuzmu?\u201d V\u0259kil ba\u015f\u0131n\u0131 t\u0259nb\u0259l-t\u0259nb\u0259l d\u00f6nd\u0259rib soru\u015fur: \u201cHans\u0131 i\u015fl\u0259?\u201d Hakimin g\u00f6zl\u0259ri b\u0259r\u0259lir, yenid\u0259n nec\u0259 var hakim eynil\u0259 t\u0259krar edir. V\u0259kil \u0259lini sol qula\u011f\u0131n\u0131n arxas\u0131na qoyub soru\u015fur: \u201dZ\u0259hm\u0259t olmasa b\u0259rkd\u0259n deyin hans\u0131 i\u015fl\u0259?\u201d Salondak\u0131lar g\u00fcl\u00fc\u015f\u00fcr, xan\u0131n is\u0259 r\u0259ngi qaral\u0131r. Hakim sual\u0131 hikk\u0259 il\u0259 t\u0259krar edir. V\u0259kil g\u00f6zl\u0259rini geni\u015f a\u00e7\u0131b deyir: \u201cM\u00fclkl\u0259rin ki, ad\u0131 Xan ba\u011f\u0131 v\u0259 Xan k\u0259ndi ola, sahibi d\u0259 \u0259lb\u0259tt\u0259, Xan olar. Fil\u0259nk\u0259syan\u0131n he\u00e7 bir iddias\u0131 ola bilm\u0259z\u201d. Hakim yer\u0259 bax\u0131r v\u0259 susur.<br \/>\nQaraba\u011f Az\u0259rbaycan\u0131n d\u00f6y\u00fcn\u0259n \u00fcr\u0259yidir. D\u00fc\u015fm\u0259nin is\u0259 g\u00f6z da\u011f\u0131d\u0131r.<br \/>\nTorpaqdan he\u00e7 vaxt pay olmaz.<\/p>\n<p style=\"text-align: right;\"><em><strong>Evelina B\u0259dirova, <\/strong><\/em><br \/>\n<em><strong>S\u00fclh k\u00fc\u00e7\u0259si, 23 n\u00f6mr\u0259li <\/strong><\/em><br \/>\n<em><strong>evin sakini<\/strong><\/em><br \/>\n<em><strong>12 iyun 1990-c\u0131 il <\/strong><\/em><br \/>\n<em><strong>\u201cQ\u0131z\u0131l Bayraq\u201d<\/strong><\/em><\/p>\n<p><strong>Redaksiyadan:<\/strong> Sular duruldu, tarix h\u0259r \u015fey\u0259 \u0259dal\u0259tli h\u00f6km verdi.<\/p>\n","protected":false},"excerpt":{"rendered":"<p>TORPAQDAN PAY OLMAZ M\u0259ktubu oldu\u011fu kimi d\u0259rc edirik M\u0259n milliy\u0259tc\u0259 erm\u0259niy\u0259m. Az\u0259rbaycan\u0131n tabeliyind\u0259 olan Xan k\u0259ndind\u0259 anadan olmu\u015fam. Do\u011fma Qaraba\u011fda ba\u015f ver\u0259n hadis\u0259l\u0259r m\u0259ni sonsuz d\u0259r\u0259c\u0259d\u0259 sars\u0131d\u0131r. \u0130ki ild\u0259n \u00e7oxdur ki, u\u015faq da, b\u00f6y\u00fck d\u0259 g\u0259rgin v\u0259ziyy\u0259td\u0259dir. Deyirl\u0259r h\u0259qiq\u0259t yer \u00fcz\u0259rind\u0259 \u0259n qalib, \u0259n ye-nilm\u0259z amildir. Son iki ild\u0259 Az\u0259rbaycan xalq\u0131n\u0131n ba\u015f\u0131na g\u0259tiril\u0259n m\u00fcsib\u0259tl\u0259ri he\u00e7 [&hellip;]<\/p>\n","protected":false},"author":2,"featured_media":0,"comment_status":"closed","ping_status":"closed","sticky":false,"template":"","format":"standard","meta":[],"categories":[38],"tags":[],"_links":{"self":[{"href":"https:\/\/yeniterter.az\/index.php?rest_route=\/wp\/v2\/posts\/26621"}],"collection":[{"href":"https:\/\/yeniterter.az\/index.php?rest_route=\/wp\/v2\/posts"}],"about":[{"href":"https:\/\/yeniterter.az\/index.php?rest_route=\/wp\/v2\/types\/post"}],"author":[{"embeddable":true,"href":"https:\/\/yeniterter.az\/index.php?rest_route=\/wp\/v2\/users\/2"}],"replies":[{"embeddable":true,"href":"https:\/\/yeniterter.az\/index.php?rest_route=%2Fwp%2Fv2%2Fcomments&post=26621"}],"version-history":[{"count":1,"href":"https:\/\/yeniterter.az\/index.php?rest_route=\/wp\/v2\/posts\/26621\/revisions"}],"predecessor-version":[{"id":26623,"href":"https:\/\/yeniterter.az\/index.php?rest_route=\/wp\/v2\/posts\/26621\/revisions\/26623"}],"wp:attachment":[{"href":"https:\/\/yeniterter.az\/index.php?rest_route=%2Fwp%2Fv2%2Fmedia&parent=26621"}],"wp:term":[{"taxonomy":"category","embeddable":true,"href":"https:\/\/yeniterter.az\/index.php?rest_route=%2Fwp%2Fv2%2Fcategories&post=26621"},{"taxonomy":"post_tag","embeddable":true,"href":"https:\/\/yeniterter.az\/index.php?rest_route=%2Fwp%2Fv2%2Ftags&post=26621"}],"curies":[{"name":"wp","href":"https:\/\/api.w.org\/{rel}","templated":true}]}}