{"id":26587,"date":"2024-01-18T09:55:14","date_gmt":"2024-01-18T06:55:14","guid":{"rendered":"https:\/\/yeniterter.az\/?p=26587"},"modified":"2024-01-18T09:55:14","modified_gmt":"2024-01-18T06:55:14","slug":"duzgun-secim-etm%c9%99liyik","status":"publish","type":"post","link":"https:\/\/yeniterter.az\/?p=26587","title":{"rendered":"D\u00fczg\u00fcn se\u00e7im etm\u0259liyik"},"content":{"rendered":"<p><img decoding=\"async\" loading=\"lazy\" class=\" wp-image-26588 alignright\" src=\"https:\/\/yeniterter.az\/wp-content\/uploads\/3d214c3c-afc2-4101-8e65-a466d74283ad-135x300.jpg\" alt=\"\" width=\"94\" height=\"209\" srcset=\"https:\/\/yeniterter.az\/wp-content\/uploads\/3d214c3c-afc2-4101-8e65-a466d74283ad-135x300.jpg 135w, https:\/\/yeniterter.az\/wp-content\/uploads\/3d214c3c-afc2-4101-8e65-a466d74283ad-461x1024.jpg 461w, https:\/\/yeniterter.az\/wp-content\/uploads\/3d214c3c-afc2-4101-8e65-a466d74283ad.jpg 576w\" sizes=\"(max-width: 94px) 100vw, 94px\" \/>Qar\u015f\u0131dan 7 fevral \u2013 Prezident se\u00e7kil\u0259ri g\u00fcn\u00fc g\u0259lir. Bir ziyal\u0131, eyni zamanda \u015f\u0259hid bac\u0131s\u0131 kimi m\u0259n q\u0259rar\u0131m\u0131 n\u00f6vb\u0259d\u0259nk\u0259nar se\u00e7kil\u0259rin ke\u00e7irilm\u0259si bar\u0259d\u0259 x\u0259b\u0259r verildiyi ilk g\u00fcnd\u0259n m\u00fc\u0259yy\u0259n etmi\u015f\u0259m.<br \/>\nHesab edir\u0259m ki, v\u0259t\u0259nda\u015flar\u0131mz\u0131n \u0259ks\u0259riyy\u0259ti d\u0259 m\u0259nim kimi d\u00fc\u015f\u00fcn\u00fcr. Biz 30 ild\u0259n art\u0131q bir m\u00fcdd\u0259td\u0259 s\u0259mam\u0131z\u0131 b\u00fcr\u00fcy\u0259n qara buludlar\u0131 da\u011f\u0131dan, \u00f6z siyas\u0259til\u0259 \u00f6lk\u0259mizd\u0259 s\u00fclh\u00fc v\u0259 \u0259min-amanl\u0131\u011f\u0131 b\u0259rq\u0259rar ed\u0259n m\u00f6ht\u0259r\u0259m Prezidentimiz\u0259, c\u0259nab \u0130lham \u018fliyev\u0259 s\u0259s ver\u0259c\u0259yik.<br \/>\n\u201cM\u0259n h\u0259r bir v\u0259t\u0259nda\u015f\u0131n Prezidentiy\u0259m\u201d, \u2013 dey\u0259n c\u0259nab \u0130lham \u018fliyev \u00f6z f\u0259aliyy\u0259ti il\u0259 h\u0259r g\u00fcn bunu t\u0259sdiq edir. H\u0259r d\u0259f\u0259 onu i\u015f\u011faldan azad olunmu\u015f yerl\u0259rd\u0259 g\u00f6r\u0259nd\u0259, burada apar\u0131lan abadl\u0131q-quruculuq i\u015fl\u0259rinin \u015fahidi olanda, \u00fcr\u0259yimiz da\u011fa d\u00f6n\u00fcr, q\u00fcrur hissi ke\u00e7iririk. Ona g\u00f6r\u0259 ki, erm\u0259nil\u0259rin biz\u0259 qar\u015f\u0131 t\u00f6r\u0259tdikl\u0259ri vandall\u0131q h\u0259r\u0259k\u0259tl\u0259rinin izl\u0259ri s\u00fcr\u0259tl\u0259 aradan qald\u0131r\u0131l\u0131r, da\u011f\u0131d\u0131lm\u0131\u015f, viran qoyulmu\u015f k\u0259ndl\u0259r, \u015f\u0259h\u0259rl\u0259r m\u00fcasir qaydada yenid\u0259n tikilir.<br \/>\nM\u0259n g\u00f6r\u00fclm\u00fc\u015f v\u0259 g\u0259l\u0259c\u0259kd\u0259 g\u00f6r\u00fcl\u0259n i\u015fl\u0259r\u0259 s\u0259s ver\u0259c\u0259y\u0259m. Ona g\u00f6r\u0259 ki, Prezident se\u00e7kil\u0259rind\u0259n sonra Az\u0259rbaycan tarixinin yeni, \u00e7ox m\u00fch\u00fcm v\u0259 \u0259h\u0259miyy\u0259tli bir m\u0259rh\u0259l\u0259sini ya\u015fayacaq.<br \/>\nBir \u015f\u0259hid bac\u0131s\u0131 kimi bildirm\u0259k ist\u0259yir\u0259m ki, \u00f6vladlar\u0131m\u0131z, \u0259zizl\u0259rimiz, do\u011fmalar\u0131m\u0131z bu V\u0259t\u0259n, torpaq yolunda \u015firin canlar\u0131ndan ke\u00e7ibl\u0259r. \u0130ndi V\u0259t\u0259nin g\u0259l\u0259c\u0259k taleyi bizim v\u0259t\u0259nda\u015fl\u0131q m\u00f6vqeyimizd\u0259n, birliyimizd\u0259n, se\u00e7kil\u0259rd\u0259 f\u0259al i\u015ftirak\u0131m\u0131zdan as\u0131l\u0131d\u0131r.<br \/>\nT\u0259rt\u0259rlil\u0259r h\u0259r zaman \u00f6z v\u0259t\u0259np\u0259rv\u0259rlikl\u0259ril\u0259 se\u00e7ilibl\u0259r. D\u00fczg\u00fcn se\u00e7im etm\u0259k d\u0259 v\u0259t\u0259np\u0259rv\u0259rliyin n\u00fcmun\u0259sidir. \u018fmin\u0259m ki, rayonumuzda Prezident se\u00e7kil\u0259ri y\u00fcks\u0259k s\u0259viyy\u0259d\u0259 ke\u00e7iril\u0259c\u0259k.<\/p>\n<p style=\"text-align: right;\"><em><strong>Ziyaf\u0259t R\u00fcst\u0259mova, <\/strong><\/em><br \/>\n<em><strong>\u015f\u0259h\u0259r 1 sayl\u0131 tam orta m\u0259kt\u0259bin <\/strong><\/em><br \/>\n<em><strong>direktor m\u00fcavini<\/strong><\/em><\/p>\n","protected":false},"excerpt":{"rendered":"<p>Qar\u015f\u0131dan 7 fevral \u2013 Prezident se\u00e7kil\u0259ri g\u00fcn\u00fc g\u0259lir. Bir ziyal\u0131, eyni zamanda \u015f\u0259hid bac\u0131s\u0131 kimi m\u0259n q\u0259rar\u0131m\u0131 n\u00f6vb\u0259d\u0259nk\u0259nar se\u00e7kil\u0259rin ke\u00e7irilm\u0259si bar\u0259d\u0259 x\u0259b\u0259r verildiyi ilk g\u00fcnd\u0259n m\u00fc\u0259yy\u0259n etmi\u015f\u0259m. Hesab edir\u0259m ki, v\u0259t\u0259nda\u015flar\u0131mz\u0131n \u0259ks\u0259riyy\u0259ti d\u0259 m\u0259nim kimi d\u00fc\u015f\u00fcn\u00fcr. Biz 30 ild\u0259n art\u0131q bir m\u00fcdd\u0259td\u0259 s\u0259mam\u0131z\u0131 b\u00fcr\u00fcy\u0259n qara buludlar\u0131 da\u011f\u0131dan, \u00f6z siyas\u0259til\u0259 \u00f6lk\u0259mizd\u0259 s\u00fclh\u00fc v\u0259 \u0259min-amanl\u0131\u011f\u0131 b\u0259rq\u0259rar ed\u0259n [&hellip;]<\/p>\n","protected":false},"author":2,"featured_media":0,"comment_status":"closed","ping_status":"closed","sticky":false,"template":"","format":"standard","meta":[],"categories":[10],"tags":[],"_links":{"self":[{"href":"https:\/\/yeniterter.az\/index.php?rest_route=\/wp\/v2\/posts\/26587"}],"collection":[{"href":"https:\/\/yeniterter.az\/index.php?rest_route=\/wp\/v2\/posts"}],"about":[{"href":"https:\/\/yeniterter.az\/index.php?rest_route=\/wp\/v2\/types\/post"}],"author":[{"embeddable":true,"href":"https:\/\/yeniterter.az\/index.php?rest_route=\/wp\/v2\/users\/2"}],"replies":[{"embeddable":true,"href":"https:\/\/yeniterter.az\/index.php?rest_route=%2Fwp%2Fv2%2Fcomments&post=26587"}],"version-history":[{"count":1,"href":"https:\/\/yeniterter.az\/index.php?rest_route=\/wp\/v2\/posts\/26587\/revisions"}],"predecessor-version":[{"id":26589,"href":"https:\/\/yeniterter.az\/index.php?rest_route=\/wp\/v2\/posts\/26587\/revisions\/26589"}],"wp:attachment":[{"href":"https:\/\/yeniterter.az\/index.php?rest_route=%2Fwp%2Fv2%2Fmedia&parent=26587"}],"wp:term":[{"taxonomy":"category","embeddable":true,"href":"https:\/\/yeniterter.az\/index.php?rest_route=%2Fwp%2Fv2%2Fcategories&post=26587"},{"taxonomy":"post_tag","embeddable":true,"href":"https:\/\/yeniterter.az\/index.php?rest_route=%2Fwp%2Fv2%2Ftags&post=26587"}],"curies":[{"name":"wp","href":"https:\/\/api.w.org\/{rel}","templated":true}]}}