{"id":26579,"date":"2024-01-18T09:36:29","date_gmt":"2024-01-18T06:36:29","guid":{"rendered":"https:\/\/yeniterter.az\/?p=26579"},"modified":"2024-01-18T09:36:29","modified_gmt":"2024-01-18T06:36:29","slug":"qanli-yanvardan-34-il-otur","status":"publish","type":"post","link":"https:\/\/yeniterter.az\/?p=26579","title":{"rendered":"Qanl\u0131 Yanvardan 34 il \u00f6t\u00fcr"},"content":{"rendered":"<p style=\"text-align: center;\"><strong>Tarix n\u0259 unudur, n\u0259 d\u0259 unutdurur<\/strong><\/p>\n<p><em><strong> <img decoding=\"async\" loading=\"lazy\" class=\"wp-image-26580 alignleft\" src=\"https:\/\/yeniterter.az\/wp-content\/uploads\/qvozdika.jpg\" alt=\"\" width=\"184\" height=\"93\" \/><img decoding=\"async\" loading=\"lazy\" class=\"wp-image-26581 alignright\" src=\"https:\/\/yeniterter.az\/wp-content\/uploads\/62373adac7488-300x210.jpg\" alt=\"\" width=\"150\" height=\"105\" srcset=\"https:\/\/yeniterter.az\/wp-content\/uploads\/62373adac7488-300x210.jpg 300w, https:\/\/yeniterter.az\/wp-content\/uploads\/62373adac7488.jpg 603w\" sizes=\"(max-width: 150px) 100vw, 150px\" \/>1990-c\u0131 il yanvar ay\u0131n\u0131n 19-dan 20-n\u0259 ke\u00e7\u0259n gec\u0259 ke\u00e7mi\u015f sovet qo\u015funlar\u0131n\u0131n Bak\u0131 \u015f\u0259h\u0259rin\u0259 h\u00fccumu n\u0259tic\u0259sind\u0259 131 n\u0259f\u0259r h\u0259lak olmu\u015f, 400 n\u0259f\u0259r h\u0259bs edil-mi\u015f, 744 n\u0259f\u0259r yaralanm\u0131\u015f, 4 n\u0259f\u0259r soyda\u015f\u0131m\u0131z is\u0259 itkin d\u00fc\u015fm\u00fc\u015fd\u00fcr. Az\u0259rbaycan xalq\u0131n\u0131n irad\u0259sini, azadl\u0131q ist\u0259yini bo\u011fma\u011fa h\u0259d\u0259fl\u0259nmi\u015f Yanvar faci\u0259si onlar\u0131n d\u00fc\u015f\u00fcnd\u00fcy\u00fcn\u00fcn tam \u0259ksin\u0259 olaraq milli irad\u0259ni, xalq\u0131m\u0131z\u0131n qorxmazl\u0131\u011f\u0131n\u0131, azadl\u0131\u011fa can atd\u0131\u011f\u0131n\u0131, Az\u0259rbaycan xalq\u0131n\u0131n \u0259srl\u0259r boyu n\u00fcmayi\u015f etdirdiyi m\u0259rdliyi, c\u0259sar\u0259ti bir daha g\u00f6zl\u0259r \u00f6n\u00fcnd\u0259 s\u0259rgil\u0259di.<\/strong><\/em><br \/>\nTariximizin xalq, mill\u0259t \u00fc\u00e7\u00fcn \u0259n ag\u0131r s\u0259hif\u0259l\u0259rind\u0259n birin\u0259 \u00e7evril\u0259n \u201cQanl\u0131 Yanvar\u201d hadis\u0259l\u0259ri Az\u0259rbaycan\u0131n m\u00fcs\u0259qilliyinin h\u0259qiq\u0259t\u0259 \u00e7evrilm\u0259si namin\u0259 qurban ged\u0259n insanlar\u0131n haqq\u0131n\u0131n t\u0259c\u0259ss\u00fcm etdirilm\u0259si m\u0259qs\u0259dil\u0259 \u0259d\u0259biyyat\u0131m\u0131zda, kinomuzda, musiqimizd\u0259, t\u0259sviri inc\u0259s\u0259n\u0259td\u0259 d\u0259 \u00f6z\u00fcn\u00fc g\u00f6st\u0259rmisdir.<!--more--><br \/>\n\u015e\u0259hidl\u0259r Xiyaban\u0131nda \u201c\u018fb\u0259di m\u0259\u015f\u0259l\u201d abid\u0259 kompleksi, \u201cQalx aya\u011fa, Az\u0259rbaycan!\u201d adl\u0131 tama\u015fa, Tamara V\u0259liyevan\u0131n Qara Yanvara h\u0259sr olunmu\u015f \u201cM\u0259nim a\u011f g\u00f6y\u0259r\u00e7inim\u201d, B\u0259xtiyar Vahabzad\u0259nin \u201c\u015e\u0259hidl\u0259r\u201d v\u0259 \u201cLarisa\u201d , X\u0259lil Rza Ulut\u00fcrk\u00fcn \u201cQan\u0131m bayra\u011f\u0131mdad\u0131r\u201d \u015feirl\u0259ri, M. Abdullayevin \u201cNakamlar\u0131n d\u0259fni\u201d, Q. Quluyevin \u201dMat\u0259m\u201d, \u0130. \u0130smay\u0131lovun \u201cHaqq t\u0259r\u0259zisi\u201d r\u0259sml\u0259ri, Az\u0259rbaycan kinematoqraf\u0131nda 20 Yanvar hadis\u0259sin\u0259 h\u0259sr olunmu\u015f \u201cAzadl\u0131\u011fa ged\u0259n yollar\u201d, \u201cBak\u0131da insan izi\u201d, \u201cQanl\u0131 Bak\u0131\u201d filml\u0259ri o d\u00f6vr\u00fcn faci\u0259sinin izl\u0259rini Az\u0259rbaycan xalq\u0131n\u0131n yadda\u015f\u0131na n\u0259q\u015f etdi. Toy-d\u00fcy\u00fcnl\u0259rimizi b\u0259z\u0259y\u0259n q\u0259r\u0259nfil d\u0259 o hadis\u0259d\u0259n sonra \u00f6z missiyas\u0131n\u0131 d\u0259yi\u015fdi. Q\u0131\u015f aylar\u0131nda a\u00e7an q\u0259r\u0259nfil 20 Yanvar qurbanlar\u0131n\u0131n m\u0259zar\u0131n\u0131 b\u0259z\u0259di. M\u0259mm\u0259d Aslan\u0131n \u00f6z \u015feirind\u0259 q\u0259r\u0259nfil\u0259 xitab\u0131 h\u0259r il an\u0131m g\u00fcn\u00fcnd\u0259 bir daha a\u011flad\u0131r b\u0259xtin\u0259 m\u0259zarlar yaz\u0131lan q\u0131rm\u0131z\u0131 q\u0259r\u0259nfili:<br \/>\n<em><strong>Q\u0259r\u0259nfil \u2013 \u015f\u0259hid qan\u0131!<\/strong><\/em><br \/>\n<em><strong>Qan g\u00f6t\u00fcrd\u00fc d\u00fcnyan\u0131&#8230;<\/strong><\/em><br \/>\n<em><strong>A\u011flat, inl\u0259t meydan\u0131,<\/strong><\/em><br \/>\n<em><strong>A\u011fla, q\u0259r\u0259nfil, a\u011fla!<\/strong><\/em><br \/>\nTarix n\u0259 unudur, n\u0259 d\u0259 unutdurur! Dostunu da, d\u00fc\u015fm\u0259nini d\u0259, yas\u0131n\u0131 da, z\u0259f\u0259rini d\u0259. M\u00fcst\u0259qillik arzusunun h\u0259qiq\u0259t olmas\u0131 \u00fc\u00e7\u00fcn \u00f6z\u00fcn\u00fc qurban ver\u0259nl\u0259r o h\u0259qiq\u0259t \u00fc\u00e7\u00fcn bir qap\u0131, bir yol oldular. H\u0259m d\u0259 30 il \u00e7\u0259k\u0259n uzun bir yol. O yol ki, son m\u0259nzili musiqi be\u015fiyimiz olan \u015eu\u015fada bitdi. B\u0259li, \u015eu\u015fada&#8230;<br \/>\nBu torpaq, bu yurd \u00fc\u00e7\u00fcn canlar\u0131n\u0131 qurban ver\u0259nl\u0259rin m\u0259zarlar\u0131n\u0131 b\u0259z\u0259y\u0259n q\u0259r\u0259nfil\u0259 qan qarda\u015f\u0131 olan Xar\u0131b\u00fclb\u00fcl\u00fcn yeti\u015fdiyi \u015eu\u015fada. Az\u0259rbaycan \u0259sg\u0259rinin s\u0131ld\u0131r\u0131m qayalardan a\u015f\u0131b azad etdiyi \u015eu\u015fada.<br \/>\n\u018fmin\u0259m ki, bu g\u00fcn b\u00fct\u00fcn Az\u0259rbaycanda, Qaraba\u011fda dal\u011falanan bayra\u011f\u0131m\u0131z 20 Yanvar \u015f\u0259hidl\u0259rinin ruhunu sevindirir. \u0130ll\u0259r ke\u00e7s\u0259 d\u0259 torpaq \u00fc\u00e7\u00fcn, azadl\u0131q \u00fc\u00e7\u00fcn can\u0131n\u0131 qurban ver\u0259nl\u0259rin f\u0259dakarl\u0131\u011f\u0131 q\u0259tiyy\u0259n unudulmayacaq.<\/p>\n<p style=\"text-align: right;\"><em><strong>Esmira Q\u0259hr\u0259manova, <\/strong><\/em><br \/>\n<em><strong>Sar\u0131cal\u0131 k\u0259nd tam orta <\/strong><\/em><br \/>\n<em><strong>m\u0259kt\u0259binin m\u00fc\u0259llimi<\/strong><\/em><\/p>\n","protected":false},"excerpt":{"rendered":"<p>Tarix n\u0259 unudur, n\u0259 d\u0259 unutdurur 1990-c\u0131 il yanvar ay\u0131n\u0131n 19-dan 20-n\u0259 ke\u00e7\u0259n gec\u0259 ke\u00e7mi\u015f sovet qo\u015funlar\u0131n\u0131n Bak\u0131 \u015f\u0259h\u0259rin\u0259 h\u00fccumu n\u0259tic\u0259sind\u0259 131 n\u0259f\u0259r h\u0259lak olmu\u015f, 400 n\u0259f\u0259r h\u0259bs edil-mi\u015f, 744 n\u0259f\u0259r yaralanm\u0131\u015f, 4 n\u0259f\u0259r soyda\u015f\u0131m\u0131z is\u0259 itkin d\u00fc\u015fm\u00fc\u015fd\u00fcr. Az\u0259rbaycan xalq\u0131n\u0131n irad\u0259sini, azadl\u0131q ist\u0259yini bo\u011fma\u011fa h\u0259d\u0259fl\u0259nmi\u015f Yanvar faci\u0259si onlar\u0131n d\u00fc\u015f\u00fcnd\u00fcy\u00fcn\u00fcn tam \u0259ksin\u0259 olaraq milli irad\u0259ni, xalq\u0131m\u0131z\u0131n [&hellip;]<\/p>\n","protected":false},"author":2,"featured_media":0,"comment_status":"closed","ping_status":"closed","sticky":false,"template":"","format":"standard","meta":[],"categories":[10],"tags":[],"_links":{"self":[{"href":"https:\/\/yeniterter.az\/index.php?rest_route=\/wp\/v2\/posts\/26579"}],"collection":[{"href":"https:\/\/yeniterter.az\/index.php?rest_route=\/wp\/v2\/posts"}],"about":[{"href":"https:\/\/yeniterter.az\/index.php?rest_route=\/wp\/v2\/types\/post"}],"author":[{"embeddable":true,"href":"https:\/\/yeniterter.az\/index.php?rest_route=\/wp\/v2\/users\/2"}],"replies":[{"embeddable":true,"href":"https:\/\/yeniterter.az\/index.php?rest_route=%2Fwp%2Fv2%2Fcomments&post=26579"}],"version-history":[{"count":1,"href":"https:\/\/yeniterter.az\/index.php?rest_route=\/wp\/v2\/posts\/26579\/revisions"}],"predecessor-version":[{"id":26582,"href":"https:\/\/yeniterter.az\/index.php?rest_route=\/wp\/v2\/posts\/26579\/revisions\/26582"}],"wp:attachment":[{"href":"https:\/\/yeniterter.az\/index.php?rest_route=%2Fwp%2Fv2%2Fmedia&parent=26579"}],"wp:term":[{"taxonomy":"category","embeddable":true,"href":"https:\/\/yeniterter.az\/index.php?rest_route=%2Fwp%2Fv2%2Fcategories&post=26579"},{"taxonomy":"post_tag","embeddable":true,"href":"https:\/\/yeniterter.az\/index.php?rest_route=%2Fwp%2Fv2%2Ftags&post=26579"}],"curies":[{"name":"wp","href":"https:\/\/api.w.org\/{rel}","templated":true}]}}