{"id":26561,"date":"2024-01-12T13:57:45","date_gmt":"2024-01-12T10:57:45","guid":{"rendered":"https:\/\/yeniterter.az\/?p=26561"},"modified":"2024-01-12T13:58:01","modified_gmt":"2024-01-12T10:58:01","slug":"gucumuz-c%c9%99miyy%c9%99tin-v%c9%99-xalqin-birliyind%c9%99dir","status":"publish","type":"post","link":"https:\/\/yeniterter.az\/?p=26561","title":{"rendered":"G\u00fcc\u00fcm\u00fcz c\u0259miyy\u0259tin v\u0259 xalq\u0131n birliyind\u0259dir"},"content":{"rendered":"<p><img decoding=\"async\" loading=\"lazy\" class=\" wp-image-26562 alignleft\" src=\"https:\/\/yeniterter.az\/wp-content\/uploads\/419185913_220181097813025_552544334264382681_n-300x170.jpg\" alt=\"\" width=\"390\" height=\"221\" srcset=\"https:\/\/yeniterter.az\/wp-content\/uploads\/419185913_220181097813025_552544334264382681_n-300x170.jpg 300w, https:\/\/yeniterter.az\/wp-content\/uploads\/419185913_220181097813025_552544334264382681_n-768x436.jpg 768w, https:\/\/yeniterter.az\/wp-content\/uploads\/419185913_220181097813025_552544334264382681_n.jpg 952w\" sizes=\"(max-width: 390px) 100vw, 390px\" \/>Prezident \u0130lham \u018fliyev cari ilin 10 yanvar tarixind\u0259 yerli televiziya kanallar\u0131na m\u00fcsahib\u0259 verib.<\/p>\n<p>D\u00f6vl\u0259t ba\u015f\u00e7\u0131s\u0131 bildirib ki, son 20 ilin tarixi g\u00f6z qaba\u011f\u0131ndad\u0131r v\u0259 \u0259sas m\u0259s\u0259l\u0259 ondad\u0131r ki, 2003-c\u00fc ild\u0259 Az\u0259rbaycan xalq\u0131 d\u00fczg\u00fcn se\u00e7im etmi\u015fdi. M\u00fcst\u0259qil tariximizin \u0259n h\u0259lledici m\u0259qam\u0131 m\u0259hz 2003-c\u00fc il idi. \u00c7\u00fcnki o vaxt \u00f6lk\u0259mizin g\u0259l\u0259c\u0259yi il\u0259 ba\u011fl\u0131 konseptual yana\u015fma tam \u00f6z\u00fcn\u00fc t\u0259sdiql\u0259mi\u015fdi, y\u0259ni, Heyd\u0259r \u018fliyev siyas\u0259ti davam etdirildi. \u018fg\u0259r tarix ba\u015fqa istiqam\u0259td\u0259 gets\u0259ydi, bilm\u0259k olmaz, xalq\u0131m\u0131z, d\u00f6vl\u0259timiz hans\u0131 b\u0259lalar, faci\u0259l\u0259rl\u0259 \u00fczl\u0259\u015f\u0259 bil\u0259rdi.<\/p>\n<p>M\u00fcst\u0259qilliyimizin ilk iki ili \u0259yani \u015f\u0259kild\u0259 g\u00f6st\u0259rir ki, g\u00fccl\u00fc lider olmadan v\u0259 d\u00fc\u015f\u00fcn\u00fclm\u00fc\u015f siyas\u0259t olmadan ist\u0259nil\u0259n \u00f6lk\u0259, x\u00fcsusil\u0259 g\u0259nc m\u00fcst\u0259qil \u00f6lk\u0259 \u00e7ox ciddi t\u0259hl\u00fck\u0259l\u0259rl\u0259 \u00fczl\u0259\u015f\u0259 bil\u0259r.<\/p>\n<p>2003-c\u00fc ild\u0259 \u0259sas\u0131 1993-c\u00fc ild\u0259 qoyulmu\u015f siyas\u0259t\u0259 bir daha d\u0259st\u0259k verildi. Bug\u00fcnk\u00fc reall\u0131qlar\u0131 biz 2003-c\u00fc ill\u0259 yox, 1993-c\u00fc ill\u0259 m\u00fcqayis\u0259 etm\u0259liyik, \u00e7\u00fcnki m\u0259hz o tarixd\u0259n ba\u015flayaraq Az\u0259rbaycan inki\u015faf yoluna q\u0259d\u0259m qoydu, sabitlik t\u0259min edildi, v\u0259t\u0259nda\u015f m\u00fcharib\u0259sin\u0259 son qoyuldu v\u0259 \u00f6lk\u0259miz beyn\u0259lxalq t\u0259cridd\u0259n \u00e7\u0131xd\u0131.<\/p>\n<p>1993-2003-c\u00fc ill\u0259rin hadis\u0259l\u0259rin\u0259 n\u0259z\u0259r salsaq g\u00f6r\u0259rik ki, m\u0259hz bu ill\u0259r \u0259rzind\u0259 bug\u00fcnk\u00fc d\u00f6vl\u0259t\u00e7ilik prinsipl\u0259ri b\u0259rq\u0259rar olundu v\u0259 Az\u0259rbaycanda v\u0259t\u0259nda\u015f c\u0259miyy\u0259ti yarad\u0131ld\u0131, eyni zamanda, xalq-iqtidar birliyi art\u0131q \u00f6n\u0259mli bir amil\u0259 \u00e7evrildi.<\/p>\n<p>Prezident \u0130lham \u018fliyev deyib ki, m\u00fcasir tariximizin yeni d\u00f6vr\u00fc m\u0259hz sentyabr\u0131n 20-d\u0259n sonra ba\u015flay\u0131r. Sentyabra q\u0259d\u0259r getdiyimiz yol m\u0259qs\u0259dy\u00f6nl\u00fc yol idi, m\u0259qs\u0259d\u0259 hesablanm\u0131\u015f yol idi, d\u00fczg\u00fcn yol idi. \u0130st\u0259r siyasi m\u00fcst\u0259vid\u0259, ist\u0259r h\u0259rbi m\u00fcst\u0259vid\u0259, ist\u0259r \u00f6lk\u0259mizd\u0259 ged\u0259n prosesl\u0259r n\u00f6qteyi-n\u0259z\u0259rind\u0259n bu hadis\u0259 b\u00fct\u00fcn i\u015fl\u0259rimizin son nidas\u0131 idi.<!--more--><\/p>\n<p>\u018fdal\u0259t\u0259 inanmaq laz\u0131md\u0131r. Sa\u011flam c\u0259miyy\u0259tin yaranmas\u0131 v\u0259 m\u00f6hk\u0259ml\u0259nm\u0259si \u00fc\u00e7\u00fcn bu amil \u00e7ox \u00f6n\u0259mlidir. Ona g\u00f6r\u0259 \u0259dal\u0259t\u0259 inanmaq \u00fc\u00e7\u00fcn \u0259sas olmal\u0131d\u0131r. \u018fdal\u0259t \u00f6z\u00fc-\u00f6z\u00fcn\u0259 g\u0259lmir, \u0259dal\u0259ti s\u0259n g\u0259r\u0259k t\u0259min ed\u0259s\u0259n. M\u00fcasir d\u00fcnyada biz bunu art\u0131q \u00e7oxdan ba\u015fa d\u00fc\u015fm\u00fc\u015f\u00fck.<\/p>\n<p>D\u00fcnyada beyn\u0259lxalq h\u00fcquq i\u015fl\u0259mir. Bu mexanizml\u0259r ancaq z\u0259if \u00f6lk\u0259l\u0259r \u00fc\u00e7\u00fcn i\u015f\u0259 sal\u0131n\u0131r. B\u00f6y\u00fck d\u00f6vl\u0259tl\u0259r buna m\u0259h\u0259l qoymur.<\/p>\n<p>Beyn\u0259lxalq al\u0259min \u0259sas oyun\u00e7ular\u0131 bizi ittiham etm\u0259y\u0259, biz\u0259 qar\u015f\u0131 m\u00fcxt\u0259lif t\u0259zyiq mexanizml\u0259rini i\u015f\u0259 salma\u011fa \u00e7al\u0131\u015fd\u0131lar. Odur ki, biz \u0259dal\u0259ti, eyni zamanda, beyn\u0259lxalq m\u00fcst\u0259vid\u0259 siyasi v\u0259 diplomatik sava\u015f apararaq \u0259ld\u0259 etmi\u015fik. Ona g\u00f6r\u0259 bizim Z\u0259f\u0259rimizin \u0259h\u0259miyy\u0259ti daha \u00f6n\u0259mlidir.<\/p>\n<p>Xocal\u0131da bayra\u011f\u0131 qald\u0131randan sonra biz tam \u0259minlikl\u0259 dey\u0259 bil\u0259rik ki, Xocal\u0131 qurbanlar\u0131n\u0131n qan\u0131 yerd\u0259 qalmad\u0131. Xank\u0259ndid\u0259 is\u0259 bayra\u011f\u0131n qald\u0131r\u0131lmas\u0131 \u0259dal\u0259tin tam b\u0259rpas\u0131 idi v\u0259 Z\u0259f\u0259rimizin son n\u00f6qt\u0259si idi.<\/p>\n<p>Qeyd olunub ki, xalq\u0131m\u0131z\u0131n b\u00fct\u00fcn t\u0259b\u0259q\u0259l\u0259ri \u00f6z i\u015fi il\u0259 Q\u0259l\u0259b\u0259ni yax\u0131nla\u015fd\u0131r\u0131rd\u0131lar. Q\u0259l\u0259b\u0259y\u0259 haz\u0131rl\u0131q \u00fcmummilli bir m\u0259s\u0259l\u0259y\u0259, \u00fcmummilli h\u0259r\u0259kata \u00e7evrildi v\u0259 30 il \u0259rzind\u0259 bir \u00e7ox beyn\u0259lxalq t\u0259r\u0259fda\u015flar\u0131m\u0131z\u0131n s\u0259yl\u0259rin\u0259 baxmayaraq, bu m\u00f6vzu unudulmad\u0131.<\/p>\n<p>Dan\u0131\u015f\u0131qlar prosesinin \u00f6z strategiyas\u0131, \u00f6z taktikas\u0131 var idi. Biz dan\u0131\u015f\u0131qlar\u0131 el\u0259 apar\u0131rd\u0131q ki, \u00f6z m\u0259qs\u0259dl\u0259rimiz\u0259 \u00e7atmaq \u00fc\u00e7\u00fcn minimum xarici t\u0259zyiql\u0259 \u00fczl\u0259\u015f\u0259k.<\/p>\n<p>8 noyabrda \u00dc\u00e7t\u0259r\u0259fli B\u0259yanat\u0131n q\u0259bul edilm\u0259si bizim b\u00f6y\u00fck siyasi u\u011furumuzdur. \u015eu\u015fa i\u015f\u011faldan azad olunmasayd\u0131, laz\u0131m olan \u015f\u0259rtl\u0259ri biz o B\u0259yanata sald\u0131ra bilm\u0259zdik.<\/p>\n<p>23 aprel hadis\u0259l\u0259ri \u00e7ox \u00f6n\u0259mli bir tarixdir. 23 aprel tarixind\u0259 bizim \u0259razi b\u00fct\u00f6vl\u00fcy\u00fcm\u00fcz tam b\u0259rpa edildi. B\u00fct\u00fcn s\u0259rh\u0259dl\u0259r\u0259 biz n\u0259zar\u0259t etm\u0259y\u0259 ba\u015flam\u0131\u015fd\u0131q v\u0259 bir daha g\u00f6st\u0259rdik ki, bu torpaqlar\u0131n sahibl\u0259ri bizik.<\/p>\n<p>D\u00f6vl\u0259t ba\u015f\u00e7\u0131s\u0131 bildirib ki, Az\u0259rbaycan b\u00fct\u00fcn \u0259razil\u0259ri v\u0259 ya\u015fay\u0131\u015f m\u0259nt\u0259q\u0259l\u0259ri \u00f6z\u00fc b\u0259rpa edir. Zabux k\u0259ndind\u0259 erm\u0259nil\u0259r t\u0259r\u0259find\u0259n tikilmi\u015f b\u00fct\u00fcn evl\u0259ri biz s\u00f6kd\u00fck, yerl\u0259-yeksan etdik v\u0259 Zabuxda indi yerl\u0259\u015f\u0259n Az\u0259rbaycan v\u0259t\u0259nda\u015flar\u0131 bizim t\u0259r\u0259fimizd\u0259n tikilmi\u015f evl\u0259rd\u0259 ya\u015fay\u0131rlar.<\/p>\n<p>Antiterror \u0259m\u0259liyyat\u0131 \u00e7ox u\u011furla, pe\u015f\u0259karl\u0131qla ke\u00e7irilmi\u015fdir, h\u0259rb\u00e7il\u0259rimiz b\u00f6y\u00fck q\u0259hr\u0259manl\u0131q g\u00f6st\u0259rmi\u015fdil\u0259r. Biz b\u00fct\u00fcn n\u0259z\u0259rd\u0259 tutdu\u011fumuz m\u00f6vqel\u0259r\u0259 \u00e7\u0131xd\u0131q, b\u00fct\u00fcn kommunikasiyalara sahib olduq, b\u00fct\u00fcn t\u0259p\u0259l\u0259ri g\u00f6t\u00fcrd\u00fck v\u0259 faktiki olaraq separat\u00e7\u0131lar\u0131n t\u0259slim olmalar\u0131 qa\u00e7\u0131lmaz idi, lab\u00fcd idi, t\u0259slim olmasayd\u0131lar m\u0259hv olacaqd\u0131lar.<\/p>\n<p>Xank\u0259ndid\u0259 t\u0259qrib\u0259n 15 min\u0259 yax\u0131n h\u0259rb\u00e7i xidm\u0259t g\u00f6st\u0259rirdi. Onlar daha tez t\u0259slim oldular. Ondan sonra, sad\u0259c\u0259 olaraq, bizim \u015f\u0259rtl\u0259rimizi onlar m\u00fczakir\u0259 edirdil\u0259r. Ancaq biz hans\u0131 \u015f\u0259rt qoymu\u015fduqsa, o \u015f\u0259rt d\u0259 t\u0259min edildi, o c\u00fcml\u0259d\u0259n separatist qurumun burax\u0131lmas\u0131 v\u0259 b\u00fct\u00fcn dig\u0259r \u015f\u0259rtl\u0259r. Bizim m\u0259qs\u0259dimiz orada Erm\u0259nistan ordusunu m\u0259hv etm\u0259k yox, oradan Erm\u0259nistan ordusunun \u00e7\u0131xar\u0131lmas\u0131 idi v\u0259 biz bu m\u00fcraci\u0259ti d\u0259f\u0259l\u0259rl\u0259 etmi\u015fdik.<\/p>\n<p>Az\u0259rbaycan-Fransa m\u00fcnasib\u0259tl\u0259rinin tarixin\u0259 n\u0259z\u0259r salan d\u00f6vl\u0259t ba\u015f\u00e7\u0131s\u0131 deyib ki, Fransa art\u0131q he\u00e7 bir ba\u015fqa amill\u0259rl\u0259 maskalanmayaraq a\u00e7\u0131q \u015f\u0259kild\u0259 anti-Az\u0259rbaycan f\u0259aliyy\u0259ti aparma\u011fa ba\u015flad\u0131. Prezident Makronun Praqadak\u0131 g\u00f6r\u00fc\u015fd\u0259 i\u015ftirak\u0131na raz\u0131l\u0131q verdik v\u0259 ba\u015fqa s\u0259viyy\u0259l\u0259rd\u0259 d\u0259 t\u0259maslar oldu &#8211; h\u0259m Fransa xarici i\u015fl\u0259r nazirinin Az\u0259rbaycana s\u0259f\u0259ri, h\u0259m d\u0259 bizim n\u00fcmay\u0259nd\u0259l\u0259rin s\u0259f\u0259rl\u0259ri. Y\u0259ni, m\u00fcnasib\u0259tl\u0259r davam edirdi, amma antiterror \u0259m\u0259liyyat\u0131ndan sonra bu m\u00fcnasib\u0259tl\u0259r mahiyy\u0259tc\u0259 dayand\u0131r\u0131ld\u0131.<\/p>\n<p>Fransada Nat\u0259van\u0131n heyk\u0259linin t\u0259hqir edilm\u0259si vandalizm akt\u0131d\u0131r. Burada onlar praktik olaraq erm\u0259nil\u0259rd\u0259n az f\u0259rql\u0259nirl\u0259r. \u00c7\u00fcnki erm\u0259nil\u0259r Nat\u0259van\u0131n A\u011fdamdak\u0131 m\u0259zar\u0131n\u0131 qaz\u0131blar, heyk\u0259lini m\u0259hv edibl\u0259r.<\/p>\n<p>Erm\u0259nistan 10 noyabr \u00fc\u00e7t\u0259r\u0259fli B\u0259yanat\u0131n\u0131n bir m\u00fcdd\u0259as\u0131n\u0131 yerin\u0259 yetirmir v\u0259 faktiki olaraq \u00f6z \u00f6hd\u0259liyin\u0259 laqeyd yana\u015f\u0131r. \u201cZ\u0259ng\u0259zur d\u0259hlizi\u201d s\u00f6z\u00fc onlar\u0131 \u00e7ox q\u0131c\u0131qland\u0131r\u0131r. D\u0259hliz h\u0259r hans\u0131 bir \u00f6lk\u0259nin suverenliyini \u015f\u00fcbh\u0259 alt\u0131na alm\u0131r. Onlar, ilk n\u00f6vb\u0259d\u0259, Z\u0259ngilanla Ordubad aras\u0131ndak\u0131 \u0259razid\u0259 biz\u0259 mane\u0259siz ke\u00e7id verm\u0259lidirl\u0259r. Bu, onlar\u0131n \u00f6hd\u0259liyidir.<\/p>\n<p>10 noyabr B\u0259yanat\u0131nda g\u00f6st\u0259rilmi\u015fdi ki, Rusiya s\u0259rh\u0259d\u00e7il\u0259ri 42-43 kilometr \u0259razid\u0259 t\u0259hl\u00fck\u0259sizliyi v\u0259 n\u0259zar\u0259ti h\u0259yata ke\u00e7irirl\u0259r v\u0259 bu \u00f6hd\u0259lik yerin\u0259 yetirilm\u0259lidir. Erm\u0259nistan is\u0259 bundan indi boyun qa\u00e7\u0131rmaq ist\u0259yir. Halbuki bu da m\u0259ntiqli deyil. \u00c7\u00fcnki Rusiya s\u0259rh\u0259d\u00e7il\u0259ri Erm\u0259nistan\u0131n, \u0130r\u0259van\u0131n aeroportundad\u0131rlar, Erm\u0259nistan-\u0130ran, Erm\u0259nistan-T\u00fcrkiy\u0259 s\u0259rh\u0259dind\u0259dirl\u0259r.<\/p>\n<p>Az\u0259rbaycandan Az\u0259rbaycana he\u00e7 bir yoxlama apar\u0131lmadan insanlar v\u0259 y\u00fckl\u0259r ke\u00e7m\u0259lidir. Bu g\u00fcn Az\u0259rbaycan\u0131n \u0259sas hiss\u0259si il\u0259 Nax\u00e7\u0131van aras\u0131nda \u0259laq\u0259 yen\u0259 d\u0259 \u0130ran \u0259razisind\u0259n h\u0259yata ke\u00e7irilir.<\/p>\n<p>Prezident \u0130lham \u018fliyev bildirib ki, se\u00e7kil\u0259r bir d\u00f6vr\u0259 yekun vurur. Suverenliyimiz tam b\u0259rpa olunub. Sentyabr ay\u0131nda biz el\u0259 bir d\u00f6vr\u0259 yekun vurmu\u015fuq ki, bu, epoxal bir hadis\u0259dir. Y\u0259ni, Az\u0259rbaycan\u0131n \u00e7ox\u0259srlik tarixind\u0259 buna ox\u015far Z\u0259f\u0259r olmam\u0131\u015fd\u0131r. B\u00fct\u00fcn amill\u0259ri &#8211; siyasi, h\u0259rbi v\u0259 30 illik i\u015f\u011fal\u0131, \u0259razinin relyefini, m\u00fcdafi\u0259 x\u0259tl\u0259rinin \u00e7ox olmas\u0131n\u0131 n\u0259z\u0259r\u0259 alsaq bu, xalq\u0131m\u0131z\u0131n, d\u00f6vl\u0259timizin \u0259n parlaq Q\u0259l\u0259b\u0259sidir. 30 il \u0259rzind\u0259 i\u015f\u011fal alt\u0131nda olmu\u015f \u0259razil\u0259rin i\u015f\u011faldan azad edilm\u0259si v\u0259 suverenliyi tam b\u0259rpa etm\u0259yimiz yeni d\u00f6vr\u00fcn ba\u015flan\u011f\u0131c\u0131 idi.<\/p>\n<p>\u0130lk d\u0259f\u0259 olaraq m\u00fcst\u0259qil h\u0259yat\u0131m\u0131zda se\u00e7kil\u0259r \u0259razil\u0259rimizin h\u0259r bir yerind\u0259 ke\u00e7iril\u0259c\u0259k. Prezident se\u00e7kil\u0259ri b\u00fct\u00fcn dig\u0259r se\u00e7kil\u0259rl\u0259 m\u00fcqayis\u0259d\u0259 \u0259n vacib se\u00e7kil\u0259r oldu\u011fu \u00fc\u00e7\u00fcn b\u00fct\u00fcn \u0259razil\u0259rd\u0259 ke\u00e7iril\u0259c\u0259k birinci se\u00e7kil\u0259r prezident se\u00e7kil\u0259ri olmal\u0131d\u0131r.<\/p>\n<p>Yeni d\u00f6vr\u00fcn yeni h\u0259d\u0259fl\u0259ri olmal\u0131d\u0131r. Biz yeni d\u00f6vr\u0259 k\u00f6hn\u0259 h\u0259d\u0259fl\u0259rl\u0259 ged\u0259 bilm\u0259rik, \u00e7\u00fcnki o h\u0259d\u0259fl\u0259r art\u0131q \u0259ld\u0259 edildi v\u0259 indi b\u0259zi \u00f6lk\u0259l\u0259r var ki, \u00f6z tarixi ke\u00e7mi\u015fini, tarixi u\u011furlar\u0131 ill\u0259r boyunca, onillikl\u0259r \u0259rzind\u0259 istismar edirl\u0259r. Biz n\u0259 etmi\u015fiks\u0259 etmi\u015fik, xalq da bunu qiym\u0259tl\u0259ndirir v\u0259 qiym\u0259tl\u0259ndir\u0259c\u0259k.<\/p>\n<p>Tarixi Z\u0259f\u0259ri bundan sonra daim istismar etm\u0259k d\u00fczg\u00fcn olmaz. \u00c7\u00fcnki birincisi, siyasi n\u00f6qteyi-n\u0259z\u0259rd\u0259n d\u00fczg\u00fcn olmaz. \u0130kincisi, c\u0259miyy\u0259td\u0259 el\u0259 bir sakitl\u0259\u015fm\u0259 ovqat\u0131 da yarad\u0131lmamal\u0131d\u0131r.<\/p>\n<p>Biz h\u0259r zaman \u00e7ox ay\u0131q olmal\u0131y\u0131q, \u00e7\u00fcnki biz\u0259 qar\u015f\u0131 olan h\u0259r\u0259k\u0259t bundan sonra da davam ed\u0259c\u0259k. Biz\u0259 qar\u015f\u0131 olan m\u0259nfi m\u00fcnasib\u0259t, \u0259n\u0259n\u0259vi m\u0259nb\u0259l\u0259rd\u0259n g\u0259l\u0259n m\u0259nfi m\u00fcnasib\u0259t dayanmayacaq. Erm\u0259nistan\u0131 silahland\u0131rma c\u0259hdl\u0259ri bu m\u0259qs\u0259di da\u015f\u0131y\u0131r ki, bizi daim t\u0259zyiq alt\u0131nda saxlas\u0131nlar. Bu, bizi bundan sonra da rahat ya\u015fama\u011fa qoymamaq \u00fc\u00e7\u00fcn s\u0259yl\u0259rdir v\u0259 \u0259fsuslar olsun ki, burada da Fransa yen\u0259 d\u0259 \u00f6n plandad\u0131r.<\/p>\n<p>Fransan\u0131n siyas\u0259ti Qafqazda g\u0259rginliyin artmas\u0131na s\u0259b\u0259b olur. Bu g\u00fcn Erm\u0259nistan\u0131 silahland\u0131ran, onlara \u00fcr\u0259k-dir\u0259k ver\u0259n, onlar\u0131n h\u0259rb\u00e7il\u0259rini haz\u0131rlayan v\u0259 n\u00f6vb\u0259ti m\u00fcharib\u0259y\u0259 haz\u0131rlayan \u00f6lk\u0259 Fransad\u0131r. Ona g\u00f6r\u0259 biz he\u00e7 vaxt sakitl\u0259\u015fm\u0259m\u0259liyik.<\/p>\n<p>Bu il m\u00fcdafi\u0259 s\u0259nayesi kompleksinin n\u0259zdind\u0259 olan zavodlar\u0131m\u0131za h\u0259m d\u00f6vl\u0259t, h\u0259m \u00f6z\u0259l sektor t\u0259r\u0259find\u0259n \u0259n az\u0131 bir milyard manat investisiya qoyulacaq.<\/p>\n<p>Diqq\u0259t\u0259 \u00e7atd\u0131r\u0131l\u0131b ki, biz\u0259 qar\u015f\u0131 qanl\u0131 m\u00fcharib\u0259 aparan, vandall\u0131q t\u00f6r\u0259d\u0259n, Xocal\u0131 soyq\u0131r\u0131m\u0131n\u0131 t\u00f6r\u0259d\u0259n, torpaqlar\u0131m\u0131z\u0131, \u015f\u0259h\u0259rl\u0259rimizi, k\u0259ndl\u0259rimizi yerl\u0259-yeksan ed\u0259n canil\u0259r bu g\u00fcn h\u0259bs olunub, saxlan\u0131l\u0131b v\u0259 \u0259dal\u0259t qar\u015f\u0131s\u0131nda cavab ver\u0259c\u0259kl\u0259r. Onlar\u0131n aras\u0131nda Qaraba\u011fda olmu\u015f b\u00fct\u00fcn d\u0131rnaqaras\u0131 ke\u00e7mi\u015f liderl\u0259r, ondan sonra Qaraba\u011fa ixrac edilmi\u015f d\u0131rnaqaras\u0131 ba\u015f nazir v\u0259 dig\u0259rl\u0259ri var. T\u0259kc\u0259 o qrupla\u015fmada iki n\u0259f\u0259r \u00e7at\u0131\u015fm\u0131r, onlar da \u0130r\u0259vandad\u0131rlar, onlar da olsa, onda tam hey\u0259t formala\u015f\u0131r. Bu, do\u011frudan da \u0259dal\u0259tin Z\u0259f\u0259ridir.<\/p>\n<p>\u0130kinci Qaraba\u011f m\u00fcharib\u0259si ba\u015fa \u00e7atanda bir vakuum yarad\u0131lm\u0131\u015fd\u0131 v\u0259 he\u00e7 kim bilmirdi ki, bundan sonra n\u0259 olacaq. \u00c7\u00fcnki do\u011frudan da \u00e7ox unikal bir situasiyad\u0131r v\u0259 o zaman m\u0259hz Az\u0259rbaycan t\u0259r\u0259fi bu bo\u015flu\u011fu doldurmaq \u00fc\u00e7\u00fcn t\u0259klif el\u0259di ki, s\u00fclh m\u00fcqavil\u0259si olmal\u0131d\u0131r. H\u0259r halda dan\u0131\u015f\u0131qlar ba\u015flanmal\u0131d\u0131r.<\/p>\n<p>Az\u0259rbaycan m\u0259lum be\u015f prinsipi r\u0259smil\u0259\u015fdirdi v\u0259 bu prinsipl\u0259r \u0259sas\u0131nda faktiki olaraq dan\u0131\u015f\u0131qlar ba\u015flam\u0131\u015fd\u0131r.<\/p>\n<p>Erm\u0259nistan v\u0259 onun arxas\u0131nda dayanan b\u0259zi \u00f6lk\u0259l\u0259r m\u00fctl\u0259q Qaraba\u011fla ba\u011fl\u0131 m\u00f6vzunu s\u00fclh m\u00fcqavil\u0259sin\u0259 salmaq ist\u0259mi\u015fdil\u0259r, x\u00fcsusil\u0259 status m\u0259s\u0259l\u0259sini. H\u0259m Erm\u0259nistan, h\u0259m d\u0259 onun havadarlar\u0131 \u00e7al\u0131\u015f\u0131rd\u0131lar ki, Qaraba\u011fda ya\u015fayan erm\u0259nil\u0259rin h\u00fcquqlar\u0131 v\u0259 t\u0259hl\u00fck\u0259sizlik m\u0259s\u0259l\u0259l\u0259ri d\u0259 m\u00fcqavil\u0259y\u0259 sal\u0131ns\u0131n. Biz is\u0259 deyirdik ki, \u0259g\u0259r bel\u0259 olsa, onda vaxtil\u0259 Erm\u0259nistandan qovulmu\u015f az\u0259rbaycanl\u0131lar\u0131n da h\u00fcquqlar\u0131 v\u0259 t\u0259hl\u00fck\u0259sizliyi eyni ifad\u0259l\u0259rl\u0259 orada t\u0259sbit edilm\u0259lidir.<\/p>\n<p>Erm\u0259nistan 70 g\u00fcn \u0259rzind\u0259 bizim t\u0259klifimiz\u0259 cavab vermirdi. Biz onu art\u0131q r\u0259smi qaydada bildir\u0259nd\u0259n sonra t\u0259klif verdil\u0259r v\u0259 haz\u0131rda onlar\u0131n t\u0259klifind\u0259 Qaraba\u011fla, Qaraba\u011f erm\u0259nil\u0259ri il\u0259 ba\u011fl\u0131 bir k\u0259lm\u0259 bel\u0259 yoxdur. Y\u0259ni, bu m\u00f6vzu art\u0131q \u00e7\u0131xar\u0131l\u0131b v\u0259 faktiki olaraq s\u00fclh m\u00fcqavil\u0259sinin imzalanmas\u0131 \u00fc\u00e7\u00fcn real \u015f\u0259rait m\u0259hz indi yarad\u0131l\u0131b &#8211; m\u0259hz sentyabr \u0259m\u0259liyyat\u0131ndan sonra.<\/p>\n<p>Erm\u0259nistan ist\u0259yir ki, s\u00fclh m\u00fcqavil\u0259sinin z\u0259man\u0259t\u00e7il\u0259ri olsun. Biz hesab edirik ki, buna he\u00e7 bir ehtiyac yoxdur. Bu, iki suveren d\u00f6vl\u0259t aras\u0131nda imzalanacaq s\u00fclh m\u00fcqavil\u0259sidir. Biz orada he\u00e7 bir z\u0259man\u0259t\u00e7il\u0259r\u0259 ehtiyac duymuruq v\u0259 \u0259g\u0259r bu, ikit\u0259r\u0259fli formatda imzalanacaqsa, imzalanmal\u0131d\u0131r.<\/p>\n<p>T\u00fcrkiy\u0259 Prezidenti m\u00fcharib\u0259nin ilk g\u00fcn\u00fcnd\u0259n son g\u00fcn\u00fcn\u0259 q\u0259d\u0259r bizim yan\u0131m\u0131zda idi v\u0259 Az\u0259rbaycana verdiyi siyasi v\u0259 m\u0259n\u0259vi d\u0259st\u0259k bir \u00e7oxlar\u0131na bir mesaj idi. Bu, sad\u0259c\u0259 olaraq, Az\u0259rbaycan xalq\u0131na h\u0259mr\u0259ylik v\u0259 d\u0259st\u0259k mesaj\u0131 deyildi. Bu, m\u00fcharib\u0259y\u0259 qar\u0131\u015fmaq ist\u0259y\u0259nl\u0259r\u0259 bir ciddi mesaj idi ki, k\u0259narda durun. Ona g\u00f6r\u0259 Az\u0259rbaycan xalq\u0131 bunu he\u00e7 vaxt unutmamal\u0131d\u0131r.<\/p>\n<p>Rusiya bir ne\u00e7\u0259 d\u0259f\u0259 m\u00fcharib\u0259ni dayand\u0131rmaq \u00fc\u00e7\u00fcn s\u0259yl\u0259r g\u00f6st\u0259rmi\u015fdi v\u0259 Az\u0259rbaycan h\u0259r zaman \u00f6z \u015f\u0259rtl\u0259rini a\u00e7\u0131q \u015f\u0259kild\u0259 s\u0259sl\u0259ndirirdi. Separat\u00e7\u0131lar bizim torpa\u011f\u0131m\u0131zdan \u00e7\u0131xmal\u0131d\u0131r v\u0259 bunun tarixini verm\u0259lidir, t\u0259qvim verm\u0259lidir n\u0259 vaxt \u00e7\u0131xacaq. Noyabr\u0131n 10-da biz\u0259 tarix verildi v\u0259 biz m\u00fcharib\u0259ni dayand\u0131rd\u0131q.<\/p>\n<p>\u0130nvestisiya Proqram\u0131 b\u0259rpa i\u015fl\u0259rinin \u0259sas al\u0259tidir. Be\u015f ya\u015fay\u0131\u015f m\u0259nt\u0259q\u0259sin\u0259 ke\u00e7mi\u015f k\u00f6\u00e7k\u00fcnl\u0259r qay\u0131tm\u0131\u015flar. La\u00e7\u0131n, F\u00fczuli \u015f\u0259h\u0259rl\u0259ri, A\u011fal\u0131, Tal\u0131\u015f v\u0259 Zabux k\u0259ndl\u0259ri art\u0131q dir\u00e7\u0259lir. Bu il h\u0259min o ya\u015fay\u0131\u015f m\u0259nt\u0259q\u0259l\u0259rin\u0259 ke\u00e7mi\u015f k\u00f6\u00e7k\u00fcnl\u0259rin qaytar\u0131lmas\u0131 davam ed\u0259c\u0259k. Bu ilin \u0130nvestisiya Proqram\u0131 yax\u0131n g\u00fcnl\u0259rd\u0259 t\u0259sdiq olunacaq. H\u0259m Qaraba\u011fa, \u015e\u0259rqi Z\u0259ng\u0259zura, h\u0259m d\u0259 \u00f6lk\u0259mizin dig\u0259r yerl\u0259rin\u0259 aid \u0130nvestisiya Proqram\u0131 bizim \u0259sas al\u0259timizdir, b\u0259rpa \u00fc\u00e7\u00fcn \u0259sas al\u0259timizdir.<\/p>\n<p>Bu il Qaraba\u011fda, \u015e\u0259rqi Z\u0259ng\u0259zurda infrastruktur layih\u0259l\u0259rinin ham\u0131s\u0131 davam etdiril\u0259c\u0259k.<\/p>\n<p>Qay\u0131dan ke\u00e7mi\u015f k\u00f6\u00e7k\u00fcnl\u0259rin m\u0259\u015f\u011fullu\u011fu il\u0259 ba\u011fl\u0131 m\u00fcvafiq qurumlar ciddi m\u0259\u015f\u011fuldur.<\/p>\n<p>\u0130cra olunan infrastruktur layih\u0259l\u0259ri imkan verir ki, bu il daha b\u00f6y\u00fck sayda ke\u00e7mi\u015f k\u00f6\u00e7k\u00fcnl\u0259ri \u00f6z d\u0259d\u0259-baba torpaqlar\u0131na qaytaraq. Bu il v\u0259t\u0259nda\u015flar\u0131m\u0131z \u015eu\u015fa, C\u0259bray\u0131l, K\u0259lb\u0259c\u0259r, Xank\u0259ndi v\u0259 Xocal\u0131 \u015f\u0259h\u0259rl\u0259rin\u0259 qay\u0131dacaq. A\u011fdam, Z\u0259ngilan, Qubadl\u0131 \u015f\u0259h\u0259rl\u0259rin\u0259 is\u0259 ke\u00e7mi\u015f m\u0259cburi k\u00f6\u00e7k\u00fcnl\u0259rin 2025-ci ild\u0259 qay\u0131tmas\u0131 n\u0259z\u0259rd\u0259 tutulur. Bununla paralel olaraq bir \u00e7ox k\u0259ndl\u0259rd\u0259 in\u015faat davam ed\u0259c\u0259k, bir ne\u00e7\u0259 k\u0259nd\u0259 ke\u00e7mi\u015f k\u00f6\u00e7k\u00fcnl\u0259r qay\u0131dacaqlar. M\u0259s\u0259l\u0259n, La\u00e7\u0131n rayonunun Sus k\u0259ndi haz\u0131r olacaq. Xocal\u0131 rayonunun K\u0259rkicahan, Mal\u0131b\u0259yli, Tur\u015fsu k\u0259ndl\u0259rinin d\u0259 b\u0259rpas\u0131na art\u0131q start veririk.<\/p>\n<p>140 min ke\u00e7mi\u015f k\u00f6\u00e7k\u00fcn yax\u0131n \u00fc\u00e7 il \u0259rzind\u0259 \u00f6z d\u0259d\u0259-baba torpaqlar\u0131na qay\u0131dacaqd\u0131r. H\u0259d\u0259fimiz 2026-c\u0131 ilin sonuna q\u0259d\u0259r 140 min ke\u00e7mi\u015f k\u00f6\u00e7k\u00fcn\u00fc \u00f6z d\u0259d\u0259-baba torpaqlar\u0131na qaytarmaqd\u0131r. B\u00fct\u00fcn bunlar daxili imkanlar hesab\u0131na edilir.<\/p>\n<p>\u00d6z\u0259l sektor Qaraba\u011fa v\u0259 \u015e\u0259rqi Z\u0259ng\u0259zura daha f\u0259al investisiya qoymal\u0131d\u0131r.<\/p>\n<p>Qaraba\u011fda v\u0259 \u015e\u0259rqi Z\u0259ng\u0259zurda ancaq o b\u00f6lg\u0259d\u0259n \u00e7\u0131xm\u0131\u015f insanlar ya\u015famamal\u0131d\u0131r. Az\u0259rbaycan\u0131n ist\u0259nil\u0259n yerind\u0259n insanlar orada ya\u015famaq \u00fc\u00e7\u00fcn imkanlara malik olmal\u0131d\u0131r.<\/p>\n<p>Bu g\u00fcn i\u015f\u011fal alt\u0131nda qalan s\u0259kkiz k\u0259ndin m\u0259s\u0259l\u0259si daim g\u00fcnd\u0259likd\u0259dir. Bu m\u0259s\u0259l\u0259 \u0259traf\u0131nda davaml\u0131 olaraq m\u00fczakir\u0259l\u0259r apar\u0131l\u0131r. Delimitasiya il\u0259 ba\u011fl\u0131 komissiyalar\u0131n g\u00fcnd\u0259liyind\u0259 d\u0259 bu m\u0259s\u0259l\u0259 dayan\u0131r.<\/p>\n<p>Qeyd olunub ki, Az\u0259rbaycan\u0131n m\u00f6vqeyi \u00e7ox \u0259dal\u0259tli v\u0259 m\u0259ntiqlidir. Ya siyasi metodologiya \u0259sas g\u00f6t\u00fcr\u00fclm\u0259lidir, ya xronologiya g\u00f6t\u00fcr\u00fclm\u0259lidir, ya da biz b\u00fct\u00f6vl\u00fckd\u0259 he\u00e7 bir x\u0259rit\u0259 \u0259sas\u0131nda i\u015fimizi qurmamal\u0131y\u0131q. Komissiya yarad\u0131l\u0131b. Komissiyan\u0131n i\u015fini f\u0259alla\u015fd\u0131rmaq \u00fc\u00e7\u00fcn ekspert qruplar\u0131 yarad\u0131lmal\u0131d\u0131r.<\/p>\n<p>B\u00fct\u00fcn anklavlar qaytar\u0131lmal\u0131d\u0131r. Anklav olmayan i\u015f\u011falda qalm\u0131\u015f d\u00f6rd k\u0259nd Az\u0259rbaycana qeyd-\u015f\u0259rtsiz qaytar\u0131lmal\u0131d\u0131r. Bu anklavlara ged\u0259n yollarda \u015f\u0259rait olmal\u0131d\u0131r v\u0259 bu anklavlara orada ya\u015fayan insanlar yerl\u0259\u015fdirilm\u0259lidir.<\/p>\n<p>Prinsipc\u0259, s\u00fclh m\u00fcqavil\u0259sind\u0259 delimitasiya v\u0259 demarkasiya il\u0259 ba\u011fl\u0131 h\u0259r hans\u0131 b\u0259nd ola bil\u0259r. Ancaq \u0259g\u0259r biz delimitasiyan\u0131 g\u00f6zl\u0259yib s\u00fclh m\u00fcqavil\u0259sini t\u0259xir\u0259 salsaq, onda s\u00fclh m\u00fcqavil\u0259si he\u00e7 30 ild\u0259n sonra da imzalanmaya bil\u0259r. S\u00fclh m\u00fcqavil\u0259si imzalanmal\u0131d\u0131r, delimitasiya prosesi is\u0259 davam etm\u0259lidir.<\/p>\n<p>Prezident deyib ki, biz bu g\u00fcn d\u00fcnyada, x\u00fcsusil\u0259 d\u00fcnyan\u0131n enerji m\u0259kan\u0131nda ged\u0259n prosesl\u0259rd\u0259n gerid\u0259 qalmamal\u0131y\u0131q. Bir \u00e7ox apar\u0131c\u0131 ke\u00e7mi\u015f neft \u015firk\u0259ti h\u0259tta \u00f6z adlar\u0131n\u0131 da d\u0259yi\u015fdirib enerji \u015firk\u0259tl\u0259rin\u0259 \u00e7evirirl\u0259r v\u0259 getdikc\u0259 ya\u015f\u0131l enerjiy\u0259 t\u0259l\u0259bat artacaq. Neft-qaz sah\u0259sind\u0259 f\u0259aliyy\u0259t g\u00f6st\u0259r\u0259n \u015firk\u0259tl\u0259rin investisiya portfelind\u0259 \u0259g\u0259r ya\u015f\u0131l enerji layih\u0259l\u0259ri olmasa, onlar b\u00f6y\u00fck \u00e7\u0259tinlikl\u0259rl\u0259 \u00fczl\u0259\u015f\u0259c\u0259kl\u0259r.<\/p>\n<p>Ya\u015f\u0131l enerjini ixrac etm\u0259kl\u0259 bizim \u00f6n\u0259mimiz daha da artacaq. Ya\u015f\u0131l enerji d\u0259hlizi, o c\u00fcml\u0259d\u0259n Qara d\u0259nizin alt\u0131 il\u0259 \u00e7\u0259kil\u0259c\u0259k kabel d\u0259 Az\u0259rbaycan resurslar\u0131na hesablan\u0131b.<\/p>\n<p>Qo\u015fulmama H\u0259r\u0259kat\u0131n yaranmas\u0131n\u0131n t\u0259m\u0259l prinsipl\u0259rini h\u0259mi\u015f\u0259 tam d\u0259st\u0259kl\u0259mi\u015fik v\u0259 d\u0259st\u0259kl\u0259yirik, h\u0259m\u00e7inin H\u0259r\u0259kat\u0131n qurucular\u0131n\u0131n 60 ild\u0259n d\u0259 \u00e7ox m\u00fcdd\u0259t \u0259vv\u0259l r\u0259hb\u0259r tutduqlar\u0131 ideyalar\u0131 b\u00f6l\u00fc\u015f\u00fcr\u00fck. M\u0259hz b\u00f6y\u00fck geosiyasi m\u0259rk\u0259zl\u0259rd\u0259n uzaq durmaq v\u0259 he\u00e7 kimin dediyi il\u0259 oturub-durmamaq. Y\u0259ni, bu, mahiyy\u0259t etibaril\u0259, m\u00fcst\u0259qillik u\u011frunda, m\u00fcst\u0259qil siyas\u0259t u\u011frunda H\u0259r\u0259kat olub.<\/p>\n<p>Bel\u0259 ki, biz H\u0259r\u0259kat\u0131n c\u0259mi 10 il \u00fczv\u00fc olduqdan sonra onun s\u0259dri se\u00e7ildik. Bu s\u0259b\u0259bd\u0259n bir ne\u00e7\u0259 t\u0259\u015f\u0259bb\u00fcs ir\u0259li s\u00fcrd\u00fck v\u0259 onlar d\u0259st\u0259kl\u0259ndi. Parlament, g\u0259ncl\u0259r, qad\u0131n platformalar\u0131 da bel\u0259 yarand\u0131. B\u00fct\u00fcn bunlar H\u0259r\u0259kata yeni n\u0259f\u0259s verdi v\u0259 biz bir ne\u00e7\u0259 sammit v\u0259 nazirl\u0259r s\u0259viyy\u0259sind\u0259 t\u0259dbirl\u0259r ke\u00e7irdik.<\/p>\n<p>Az\u0259rbaycan COVID-\u0259 qar\u015f\u0131 olan vaksin milliyy\u0259t\u00e7iliyi il\u0259 ba\u011fl\u0131 f\u0259al m\u00f6vqe n\u00fcmayi\u015f etdirdi. \u00d6lk\u0259mizin f\u0259all\u0131\u011f\u0131 H\u0259r\u0259kata yeni impuls verdi.<\/p>\n<p>D\u0259qiq v\u0259 d\u00fc\u015f\u00fcn\u00fclm\u00fc\u015f diplomatik add\u0131mlar\u0131n n\u0259tic\u0259sind\u0259 COP29 Az\u0259rbaycanda ke\u00e7iril\u0259c\u0259k. Qonaqlar\u0131n say\u0131na g\u00f6r\u0259 bu, \u0259n b\u00f6y\u00fck t\u0259dbirdir. Bu fakt \u00f6lk\u0259mizin imkanlar\u0131n\u0131n n\u00f6vb\u0259ti n\u00fcmayi\u015fidir. Az\u0259rbaycan COP29-un prezidenti kimi x\u00fcsusi rola malik olacaq. Prosesl\u0259rin gedi\u015fat\u0131 bizim m\u00f6vqeyimizd\u0259n b\u00f6y\u00fck d\u0259r\u0259c\u0259d\u0259 as\u0131l\u0131 olacaq. Biz art\u0131q bir ne\u00e7\u0259 \u00f6lk\u0259d\u0259n \u0259m\u0259kda\u015fl\u0131q t\u0259klifi alm\u0131\u015f\u0131q.<\/p>\n<p>Sonda c\u0259nab \u0130lham \u018fliyev bildirib ki, g\u00fcc\u00fcm\u00fcz c\u0259miyy\u0259tin v\u0259 xalq\u0131n birliyind\u0259dir, bu birlik olmasayd\u0131, biz he\u00e7 vaxt m\u00fcharib\u0259ni uda bilm\u0259zdik. Bu Z\u0259f\u0259ri \u015f\u0259rtl\u0259ndir\u0259n xalq\u0131n ruhu idi v\u0259 \u0259sg\u0259ri qaba\u011fa g\u00f6nd\u0259r\u0259n d\u0259 xalq\u0131n ruhu idi, onun t\u0259rbiy\u0259si idi. N\u0259 q\u0259d\u0259r silah\u0131n olsa, n\u0259 q\u0259d\u0259r ordun pe\u015f\u0259kar t\u0259liml\u0259rd\u0259 olsa, \u0259g\u0259r ruh yoxdursa, he\u00e7 bir t\u0259p\u0259ni d\u0259 s\u0259n g\u00f6t\u00fcr\u0259 bilm\u0259zs\u0259n.<\/p>\n<p>&nbsp;<\/p>\n","protected":false},"excerpt":{"rendered":"<p>Prezident \u0130lham \u018fliyev cari ilin 10 yanvar tarixind\u0259 yerli televiziya kanallar\u0131na m\u00fcsahib\u0259 verib. D\u00f6vl\u0259t ba\u015f\u00e7\u0131s\u0131 bildirib ki, son 20 ilin tarixi g\u00f6z qaba\u011f\u0131ndad\u0131r v\u0259 \u0259sas m\u0259s\u0259l\u0259 ondad\u0131r ki, 2003-c\u00fc ild\u0259 Az\u0259rbaycan xalq\u0131 d\u00fczg\u00fcn se\u00e7im etmi\u015fdi. M\u00fcst\u0259qil tariximizin \u0259n h\u0259lledici m\u0259qam\u0131 m\u0259hz 2003-c\u00fc il idi. \u00c7\u00fcnki o vaxt \u00f6lk\u0259mizin g\u0259l\u0259c\u0259yi il\u0259 ba\u011fl\u0131 konseptual yana\u015fma tam \u00f6z\u00fcn\u00fc [&hellip;]<\/p>\n","protected":false},"author":2,"featured_media":0,"comment_status":"closed","ping_status":"closed","sticky":false,"template":"","format":"standard","meta":[],"categories":[10],"tags":[],"_links":{"self":[{"href":"https:\/\/yeniterter.az\/index.php?rest_route=\/wp\/v2\/posts\/26561"}],"collection":[{"href":"https:\/\/yeniterter.az\/index.php?rest_route=\/wp\/v2\/posts"}],"about":[{"href":"https:\/\/yeniterter.az\/index.php?rest_route=\/wp\/v2\/types\/post"}],"author":[{"embeddable":true,"href":"https:\/\/yeniterter.az\/index.php?rest_route=\/wp\/v2\/users\/2"}],"replies":[{"embeddable":true,"href":"https:\/\/yeniterter.az\/index.php?rest_route=%2Fwp%2Fv2%2Fcomments&post=26561"}],"version-history":[{"count":1,"href":"https:\/\/yeniterter.az\/index.php?rest_route=\/wp\/v2\/posts\/26561\/revisions"}],"predecessor-version":[{"id":26563,"href":"https:\/\/yeniterter.az\/index.php?rest_route=\/wp\/v2\/posts\/26561\/revisions\/26563"}],"wp:attachment":[{"href":"https:\/\/yeniterter.az\/index.php?rest_route=%2Fwp%2Fv2%2Fmedia&parent=26561"}],"wp:term":[{"taxonomy":"category","embeddable":true,"href":"https:\/\/yeniterter.az\/index.php?rest_route=%2Fwp%2Fv2%2Fcategories&post=26561"},{"taxonomy":"post_tag","embeddable":true,"href":"https:\/\/yeniterter.az\/index.php?rest_route=%2Fwp%2Fv2%2Ftags&post=26561"}],"curies":[{"name":"wp","href":"https:\/\/api.w.org\/{rel}","templated":true}]}}