{"id":26547,"date":"2024-01-11T14:18:50","date_gmt":"2024-01-11T11:18:50","guid":{"rendered":"https:\/\/yeniterter.az\/?p=26547"},"modified":"2024-01-11T14:18:50","modified_gmt":"2024-01-11T11:18:50","slug":"heyd%c9%99r-%c9%99liyev-v%c9%99-az%c9%99rbaycan","status":"publish","type":"post","link":"https:\/\/yeniterter.az\/?p=26547","title":{"rendered":"HEYD\u018fR \u018fL\u0130YEV V\u018f AZ\u018fRBAYCAN"},"content":{"rendered":"<p style=\"text-align: center;\"><strong>Xo\u015fb\u0259xt\u0259m ki, o dahi insanla bir ne\u00e7\u0259 d\u0259f\u0259 g\u00f6r\u00fc\u015fm\u00fc\u015f\u0259m<\/strong><\/p>\n<p>1923-c\u00fc il 10 may tarixind\u0259 d\u00fcnyaya bir u\u015faq g\u0259ldi. Amma he\u00e7 kim bilm\u0259zdi ki, bu u\u015faq Az\u0259rbaycan\u0131n dahi \u015f\u0259xsiyy\u0259ti Heyd\u0259r \u018flirza o\u011flu \u018fliyevdir.<br \/>\nHeyd\u0259r \u018fliyev g\u0259ncliyind\u0259n liderlik x\u00fcsusiyy\u0259tl\u0259ri il\u0259 yolda\u015flar\u0131ndan f\u0259rql\u0259nib, h\u0259r yerd\u0259 r\u0259hb\u0259rliyi \u00f6z \u00fcz\u0259rin\u0259 g\u00f6t\u00fcr\u00fcb. Daim \u00f6z \u00fcz\u0259rind\u0259 \u00e7al\u0131\u015f\u0131b.<br \/>\nC\u0259sar\u0259ti v\u0259 qorxmazl\u0131\u011f\u0131 i\u015f sah\u0259sind\u0259 d\u0259 \u00f6z\u00fcn\u00fc g\u00f6st\u0259rib. Q\u0131sa m\u00fcdd\u0259td\u0259 d\u00f6vl\u0259t orqanlar\u0131nda m\u0259sul v\u0259zif\u0259l\u0259r\u0259 ir\u0259li \u00e7\u0259kilib.<br \/>\nSSR\u0130 imperiyas\u0131 d\u00f6vr\u00fcnd\u0259 az\u0259rbaycanl\u0131 g\u0259ncl\u0259rin d\u00f6vl\u0259t orqanlar\u0131nda \u00e7al\u0131\u015fmalar\u0131 m\u00fc\u015fk\u00fcl idi. Heyd\u0259r \u018fliyev c\u0259sar\u0259ti, intellektual s\u0259viyy\u0259si, i\u015f bacar\u0131\u011f\u0131 say\u0259sind\u0259 qar\u015f\u0131ya \u00e7\u0131xan b\u00fct\u00fcn mane\u0259l\u0259ri a\u015faraq y\u00fcks\u0259li\u015f\u0259 do\u011fru ir\u0259lil\u0259yirdi. Y\u00fcks\u0259k biliy\u0259 sahib olmas\u0131 onu D\u00f6vl\u0259t T\u0259hl\u00fck\u0259sizlik orqan\u0131nda \u0259n y\u00fcks\u0259k v\u0259zif\u0259y\u0259 \u2013 Az\u0259rbaycan SSR-d\u0259 D\u00f6vl\u0259t T\u0259hl\u00fck\u0259sizlik Komit\u0259sinin s\u0259dri v\u0259zif\u0259sin\u0259 g\u0259tirdi. Q\u0131sa m\u00fcdd\u0259td\u0259 pe\u015f\u0259karl\u0131\u011f\u0131, i\u015fg\u00f6rm\u0259 bacar\u0131\u011f\u0131 qiym\u0259tl\u0259ndiril\u0259r\u0259k 1969-cu ild\u0259 Az\u0259rbaycan Kommunist Partiyas\u0131 M\u0259rk\u0259zi Komut\u0259sinin birinci katibi v\u0259zif\u0259sin\u0259 se\u00e7im\u0259sin\u0259 s\u0259b\u0259b oldu. Bundan sonra Az\u0259rbaycan SSR aqrar respublikadan t\u0259dric\u0259n s\u0259naye respublikas\u0131na \u00e7evrilm\u0259y\u0259 ba\u015flad\u0131. Heyd\u0259r \u018fliyev milli kadrlar\u0131n yeti\u015fdirilm\u0259sin\u0259 x\u00fcsusi \u00f6n\u0259m verirdi. Onun respublikada g\u00f6rd\u00fcy\u00fc i\u015fl\u0259r Az\u0259rbaycan ictimaiyy\u0259tin\u0259 m\u0259lumdur. Bir fakt\u0131 bildirm\u0259k ist\u0259yir\u0259m ki, onun 1969-1982-ci ill\u0259rd\u0259 220-d\u0259n art\u0131q zavod v\u0259 fabrik tikdirm\u0259si bug\u00fcnk\u00fc Az\u0259rbaycan\u0131n t\u0259m\u0259linin m\u00f6hk\u0259m olmas\u0131na z\u0259min yaratm\u0131\u015fd\u0131r. Elm, t\u0259hsil, s\u0259hiyy\u0259, m\u0259d\u0259niyy\u0259t sah\u0259l\u0259rind\u0259 g\u00f6td\u00fcy\u00fc i\u015fl\u0259r dan\u0131lmazd\u0131r. Dahi \u015f\u0259xsiyy\u0259t Heyd\u0259r \u018fliyev SSR\u0130 imperiyas\u0131nda yegan\u0259 az\u0259rbaycanl\u0131d\u0131r ki, SSR\u0130 r\u0259hb\u0259rl\u0259rind\u0259n biri olmu\u015fdur. O, SSR\u0130 Nazirl\u0259r Soveti s\u0259drinin birinci m\u00fcavini, siyasi b\u00fcronun \u00fczv\u00fc olmu\u015fdur. Bu, Az\u0259rbaycan xalq\u0131n\u0131n q\u0259l\u0259b\u0259si idi. Art\u0131q xalq\u0131n i\u00e7\u0259risind\u0259n \u00f6z lideri yeti\u015fmi\u015fdir. \u00dcmummilli Liderimizin d\u00fcnyan\u0131n siyasi xadiml\u0259ri t\u0259r\u0259find\u0259n tan\u0131nmas\u0131 Az\u0259rbaycan\u0131n tan\u0131nmas\u0131 dem\u0259k idi.<!--more--><br \/>\n1990-c\u0131 ill\u0259rd\u0259 SSR\u0130 imperiyas\u0131n\u0131n s\u00fcqutu, y\u00fcni m\u00fcst\u0259qil d\u00f6vl\u0259tl\u0259rin yaranmas\u0131 prosesi ba\u015flayanda, Az\u0259rbaycan da \u00f6z d\u00f6vl\u0259t m\u00fcst\u0259qilliyini elan etdi. Bu el\u0259 bir d\u00f6vr idi ki, erm\u0259ni mill\u0259t\u00e7il\u0259ri a\u00e7\u0131q m\u00fcbariz\u0259y\u0259 ba\u015flam\u0131\u015fd\u0131lar. \u018frazil\u0259rimizin 20 min kvadratkilometr \u0259razisi i\u015f\u011fal olunmu\u015f, 1 milyondan art\u0131q soyda\u015f\u0131m\u0131z d\u0259d\u0259-baba yurdlar\u0131ndan zorla qovulmu\u015fdular.<br \/>\nH\u0259min d\u00f6vrd\u0259 Az\u0259rbaycana r\u0259hb\u0259rlik ed\u0259nl\u0259rin x\u00fcsusi \u00e7\u0259kisinin, siyasi savad\u0131n\u0131n, q\u0259tiyy\u0259tinin olmamas\u0131 \u00f6lk\u0259ni h\u0259tta v\u0259t\u0259nda\u015f m\u00fcharib\u0259si astanas\u0131na g\u0259tirdi. Bel\u0259 a\u011f\u0131r \u015f\u0259raitd\u0259 \u00f6lk\u0259y\u0259 c\u0259sar\u0259tli, savadl\u0131, uzaqg\u00f6r\u0259n \u015f\u0259xsiyy\u0259t, lider laz\u0131m idi. Bu \u015f\u0259xsiyy\u0259t Heyd\u0259r \u018fliyev idi. Xalq \u00fcz\u00fcnu ona \u2013 dahi \u015f\u0259xsiyy\u0259t\u0259 \u00e7evirdi v\u0259 t\u0259kidli t\u0259l\u0259bl\u0259 hakimiyy\u0259t\u0259 g\u0259tirdi. Onun g\u0259li\u015fi xalqa g\u00fcv\u0259nc g\u0259tirdi, \u00f6lk\u0259d\u0259 sakitlik, \u0259min-amanl\u0131q ba\u015flad\u0131. B\u00fct\u00fcn sah\u0259l\u0259rd\u0259 normal i\u015f rejimi b\u0259rq\u0259rar oldu. At\u0259\u015fk\u0259s elan edildi. Quruculuq d\u00f6vr\u00fc ba\u015flad\u0131. M\u00fcst\u0259qil Az\u0259rbaycan d\u00f6vl\u0259tinin t\u0259m\u0259li m\u00f6hk\u0259ml\u0259ndirildi.<br \/>\n1998-ci il Prezident se\u00e7kil\u0259rind\u0259 az da olsa m\u0259nim d\u0259 xidm\u0259tim olub. O d\u00f6vrd\u0259 h\u0259r bir namiz\u0259d \u00fc\u00e7\u00fcn se\u00e7ki q\u0259rargah\u0131 yarad\u0131lm\u0131\u015fd\u0131. Xo\u015fb\u0259xt adamam ki, prezidentliy\u0259 namiz\u0259d Heyd\u0259r \u018fliyev \u00fc\u00e7\u00fcn yarad\u0131lm\u0131\u015f q\u0259rargahda \u00fczvl\u0259rd\u0259n biri d\u0259 m\u0259n olmu\u015fam. Q\u0259rargah\u0131n s\u0259dri r\u0259hm\u0259tlik Hilal Bayramov, t\u0259bli\u011fat-t\u0259\u015fviqat \u015f\u00f6b\u0259sinin m\u00fcdiri m\u0259n olmu\u015fam. Dem\u0259k olar ki, T\u0259rt\u0259r rayonunun b\u00fct\u00fcn k\u0259ndl\u0259rind\u0259, qa\u00e7q\u0131n d\u00fc\u015f\u0259rg\u0259l\u0259rind\u0259 olmu\u015fam, insanlarla s\u00f6hb\u0259tl\u0259r aparm\u0131\u015fam v\u0259 onlar\u0131n fikirl\u0259rini \u00f6yr\u0259nmi\u015f\u0259m. \u018fhali yekdillikl\u0259 Heyd\u0259r \u018fliyev\u0259 s\u0259s ver\u0259c\u0259yini bildirmi\u015fdi. \u018fhalinin ona d\u0259st\u0259k olaca\u011f\u0131n\u0131 bildirm\u0259si \u00f6lk\u0259 i\u00e7\u0259risind\u0259 \u00f6z\u00fcn\u00fcn qazand\u0131\u011f\u0131 h\u00f6rm\u0259t v\u0259 n\u00fcfuzun bariz n\u00fcmun\u0259sidir. H\u0259min il \u2013 y\u0259ni 1998-ci ild\u0259 prezidentliy\u0259 namiz\u0259d Heyd\u0259r \u018fliyevin se\u00e7icil\u0259rl\u0259 g\u00f6r\u00fc\u015f\u00fc B\u0259rd\u0259 rayonunda t\u0259\u015fkil olunmu\u015fdur. H\u0259min g\u00f6r\u00fc\u015fd\u0259 T\u0259rt\u0259r rayonunun se\u00e7icil\u0259ri d\u0259 i\u015ftirak edirdi v\u0259 m\u0259n\u0259 T\u0259rt\u0259r rayon se\u00e7icil\u0259ri ad\u0131ndan s\u00f6z dem\u0259k imkan\u0131 verilmi\u015fdir. Xo\u015fb\u0259xt adamam ki, Heyd\u0259r \u018fliyevl\u0259 yana\u015f\u0131 dayanm\u0131\u015fam v\u0259 qar\u015f\u0131s\u0131nda \u00e7\u0131x\u0131\u015f etmi\u015f\u0259m.<br \/>\n1998-ci il Bak\u0131 \u015f\u0259h\u0259rind\u0259 Motodromda \u00dcmummilli Liderin se\u00e7icil\u0259rl\u0259 g\u00f6r\u00fc\u015f\u00fcnd\u0259 ra-yondan ged\u0259n 50 n\u0259f\u0259rd\u0259n biri m\u0259n olmu\u015fam v\u0259 T\u0259rt\u0259r rayonu ad\u0131ndan m\u0259ktubu m\u0259n t\u0259qdim etmi\u015f\u0259m. 2003-c\u00fc il Prezident se\u00e7kil\u0259rind\u0259 Ana V\u0259t\u0259n partiyas\u0131n\u0131n may ay\u0131n\u0131n 4-d\u0259 ke\u00e7iril\u0259n IV qurultay\u0131nda Heyd\u0259r \u018fliyevin namiz\u0259dliyi ir\u0259li s\u00fcr\u00fcl\u0259nd\u0259 m\u0259n\u0259 d\u0259 s\u00f6z dem\u0259k imkan\u0131 verildi. H\u0259min \u00e7\u0131x\u0131\u015f\u0131mda bildirdim: \u201cHeyd\u0259r \u018fliyev n\u0259inki Yeni Az\u0259rbaycan Partiyas\u0131n\u0131n s\u0259dri, Az\u0259rbaycan Respublikas\u0131n\u0131n Prezidenti, ey-ni zamanda Az\u0259rbaycan xalq\u0131n\u0131n \u00dcmummilli Lideridir\u201d. Bunlar\u0131 dem\u0259kd\u0259 m\u0259qs\u0259dim o deyil ki, f\u0259dakarl\u0131q etmi\u015f\u0259m. M\u0259qs\u0259dim odur ki, ki\u00e7ik bir \u00f6lk\u0259d\u0259n d\u00fcnya s\u0259viyy\u0259li Lider \u00e7\u0131xm\u0131\u015f v\u0259 \u00f6lk\u0259mizi d\u00fcnyaya tan\u0131tm\u0131\u015fd\u0131r.<br \/>\nDahi Lider Heyd\u0259r \u018fliyevin qoydu\u011fu t\u0259m\u0259l \u00fcz\u0259rind\u0259 qurulan \u00f6lk\u0259miz aqrar \u00f6lk\u0259d\u0259n inki\u015faf etm\u0259kd\u0259 olan \u00f6lk\u0259y\u0259 \u00e7evrilmi\u015f v\u0259 inki\u015faf edir. Onun ruhu \u015fadd\u0131r ki, 30 il i\u015f\u011falda olan \u0259razil\u0259rimiz azad olunub, \u0259razi b\u00fct\u00f6vl\u00fcy\u00fcm\u00fcz t\u0259min olunub.<br \/>\nAllah Siz\u0259 r\u0259hm\u0259t etsin, dahi Lider, Sizin davam\u00e7\u0131n\u0131z olan Az\u0259rbaycan Respublikas\u0131n\u0131n Prezidenti c\u0259nab \u0130lham \u018fliyev \u00f6lk\u0259mizi inki\u015faf etdirir. Azad olunmu\u015f rayonlar\u0131m\u0131zda abad \u015f\u0259h\u0259r, a\u011f\u0131ll\u0131 k\u0259ndl\u0259r in\u015fa olunur, da\u011f\u0131d\u0131lm\u0131\u015f infrastruktur yenid\u0259n qurulur.<br \/>\n\u00d6lk\u0259nin nicat\u0131 d\u00fczg\u00fcn se\u00e7imd\u0259dir. F\u0259xr edirik ki, Heyd\u0259r \u018fliyev kimi \u00dcmummilli Liderimiz, \u0130lham \u018fliyev kimi Prezidentimiz var.<\/p>\n<p style=\"text-align: right;\"><em><strong>\u0130mran M\u0259mm\u0259dov,<\/strong><\/em><br \/>\n<em><strong>K\u0259ng\u0259rli k\u0259nd tam orta <\/strong><\/em><br \/>\n<em><strong>m\u0259kt\u0259binin direktoru<\/strong><\/em><\/p>\n","protected":false},"excerpt":{"rendered":"<p>Xo\u015fb\u0259xt\u0259m ki, o dahi insanla bir ne\u00e7\u0259 d\u0259f\u0259 g\u00f6r\u00fc\u015fm\u00fc\u015f\u0259m 1923-c\u00fc il 10 may tarixind\u0259 d\u00fcnyaya bir u\u015faq g\u0259ldi. Amma he\u00e7 kim bilm\u0259zdi ki, bu u\u015faq Az\u0259rbaycan\u0131n dahi \u015f\u0259xsiyy\u0259ti Heyd\u0259r \u018flirza o\u011flu \u018fliyevdir. Heyd\u0259r \u018fliyev g\u0259ncliyind\u0259n liderlik x\u00fcsusiyy\u0259tl\u0259ri il\u0259 yolda\u015flar\u0131ndan f\u0259rql\u0259nib, h\u0259r yerd\u0259 r\u0259hb\u0259rliyi \u00f6z \u00fcz\u0259rin\u0259 g\u00f6t\u00fcr\u00fcb. Daim \u00f6z \u00fcz\u0259rind\u0259 \u00e7al\u0131\u015f\u0131b. C\u0259sar\u0259ti v\u0259 qorxmazl\u0131\u011f\u0131 i\u015f sah\u0259sind\u0259 [&hellip;]<\/p>\n","protected":false},"author":2,"featured_media":0,"comment_status":"closed","ping_status":"closed","sticky":false,"template":"","format":"standard","meta":[],"categories":[10],"tags":[],"_links":{"self":[{"href":"https:\/\/yeniterter.az\/index.php?rest_route=\/wp\/v2\/posts\/26547"}],"collection":[{"href":"https:\/\/yeniterter.az\/index.php?rest_route=\/wp\/v2\/posts"}],"about":[{"href":"https:\/\/yeniterter.az\/index.php?rest_route=\/wp\/v2\/types\/post"}],"author":[{"embeddable":true,"href":"https:\/\/yeniterter.az\/index.php?rest_route=\/wp\/v2\/users\/2"}],"replies":[{"embeddable":true,"href":"https:\/\/yeniterter.az\/index.php?rest_route=%2Fwp%2Fv2%2Fcomments&post=26547"}],"version-history":[{"count":1,"href":"https:\/\/yeniterter.az\/index.php?rest_route=\/wp\/v2\/posts\/26547\/revisions"}],"predecessor-version":[{"id":26548,"href":"https:\/\/yeniterter.az\/index.php?rest_route=\/wp\/v2\/posts\/26547\/revisions\/26548"}],"wp:attachment":[{"href":"https:\/\/yeniterter.az\/index.php?rest_route=%2Fwp%2Fv2%2Fmedia&parent=26547"}],"wp:term":[{"taxonomy":"category","embeddable":true,"href":"https:\/\/yeniterter.az\/index.php?rest_route=%2Fwp%2Fv2%2Fcategories&post=26547"},{"taxonomy":"post_tag","embeddable":true,"href":"https:\/\/yeniterter.az\/index.php?rest_route=%2Fwp%2Fv2%2Ftags&post=26547"}],"curies":[{"name":"wp","href":"https:\/\/api.w.org\/{rel}","templated":true}]}}