{"id":26542,"date":"2024-01-11T13:35:50","date_gmt":"2024-01-11T10:35:50","guid":{"rendered":"https:\/\/yeniterter.az\/?p=26542"},"modified":"2024-01-11T13:36:02","modified_gmt":"2024-01-11T10:36:02","slug":"numay%c9%99nd%c9%99-qurultaydan-qayidib","status":"publish","type":"post","link":"https:\/\/yeniterter.az\/?p=26542","title":{"rendered":"N\u00fcmay\u0259nd\u0259 qurultaydan qay\u0131d\u0131b"},"content":{"rendered":"<p style=\"text-align: center;\"><strong>\u018fsas h\u0259d\u0259fl\u0259rd\u0259n biri \u201cB\u00f6y\u00fck Qay\u0131d\u0131\u015f\u201d konsepsiyas\u0131d\u0131r<\/strong><\/p>\n<p><img decoding=\"async\" loading=\"lazy\" class=\"wp-image-26543 alignleft\" src=\"https:\/\/yeniterter.az\/wp-content\/uploads\/412689934_1027006791929076_6641045874803146743_n-300x225.jpg\" alt=\"\" width=\"207\" height=\"156\" srcset=\"https:\/\/yeniterter.az\/wp-content\/uploads\/412689934_1027006791929076_6641045874803146743_n-300x225.jpg 300w, https:\/\/yeniterter.az\/wp-content\/uploads\/412689934_1027006791929076_6641045874803146743_n-1024x768.jpg 1024w, https:\/\/yeniterter.az\/wp-content\/uploads\/412689934_1027006791929076_6641045874803146743_n-768x576.jpg 768w, https:\/\/yeniterter.az\/wp-content\/uploads\/412689934_1027006791929076_6641045874803146743_n.jpg 1280w\" sizes=\"(max-width: 207px) 100vw, 207px\" \/>Heyd\u0259r \u018fliyev Az\u0259rbaycan t\u0259hsilinin inki\u015faf\u0131 tarixind\u0259n dan\u0131\u015fark\u0259n onun ke\u00e7diyi yollara n\u0259z\u0259r salma\u011f\u0131, h\u0259r \u015fey\u0259 obyektiv yana\u015fma\u011f\u0131 vacib say\u0131rd\u0131. Az\u0259rbaycan m\u00fc\u0259lliml\u0259rinin XI qurultay\u0131nda dediyi bel\u0259 bir konseptual fikir d\u0259 m\u0259hz bunu t\u0259sdiq edir. O xat\u0131rlad\u0131rd\u0131 ki, \u201c&#8230; xalq\u0131m\u0131z\u0131n maarifl\u0259nm\u0259si, t\u0259hsill\u0259nm\u0259si \u00fc\u00e7\u00fcn o d\u00f6vr \u00e7ox \u0259h\u0259miyy\u0259tli bir d\u00f6vr olmu\u015fdur. Biz bunu qiym\u0259tl\u0259ndirm\u0259liyik, he\u00e7 vaxt unutmamal\u0131y\u0131q. Biz tariximiz\u0259 do\u011fru, \u0259dal\u0259tli qiym\u0259t verm\u0259liyik\u201d.<br \/>\n15-16 dekabr 2023-c\u00fc il tarixind\u0259 Bak\u0131 Konqres M\u0259rk\u0259zind\u0259 \u00dcmummilli Lider Heyd\u0259r \u018fliyevin 100 illik yubileyin\u0259 h\u0259sr olunmu\u015f Az\u0259rbaycan m\u00fc\u0259lliml\u0259rinin XVI qurultay\u0131 Az\u0259rbaycan Respublikas\u0131n\u0131n \u0259razi b\u00fct\u00f6vl\u00fcy\u00fcn\u00fcn t\u0259min olundu\u011fu vaxtda ke\u00e7iril\u0259n ilk qurultayd\u0131r.<br \/>\nBu qurultay\u0131n iki g\u00fcn davam etm\u0259si v\u0259 panel m\u00fczakir\u0259l\u0259r \u0259vv\u0259lki qurultaylardan f\u0259rql\u0259nirdi. X\u00fcsusil\u0259 panel m\u00fczakir\u0259l\u0259rin \u00e7ox \u0259h\u0259miyy\u0259tli oldu\u011funu qeyd etm\u0259k ist\u0259yir\u0259m.<br \/>\nBurada \u00fcmumi, orta ixtisas v\u0259 ali t\u0259hsil m\u00fc\u0259ssis\u0259l\u0259rinin t\u0259msil olunmas\u0131 t\u0259hsilin pill\u0259l\u0259ri aras\u0131nda \u0259laq\u0259l\u0259ri qurma\u011fa da k\u00f6m\u0259k ed\u0259n bir vasit\u0259dir.<br \/>\nM\u00fc\u0259lliml\u0259r\u0259 birinci g\u00fcn r\u0259smi \u015f\u0259xsl\u0259rl\u0259 g\u00f6r\u00fc\u015fm\u0259k v\u0259 \u00f6z fikir v\u0259 t\u0259klifl\u0259rini \u00e7atd\u0131rmaq imkanlar\u0131n\u0131n verilm\u0259si Az\u0259rbaycan t\u0259hsilinin inki\u015faf\u0131na y\u00f6n\u0259lib.<br \/>\nQurultay\u0131n q\u0259tnam\u0259sini t\u0259hlil ed\u0259nd\u0259 g\u00f6r\u00fcr\u00fck ki, \u201cB\u00f6y\u00fck Qay\u0131d\u0131\u015f\u201d konsepsiyas\u0131 \u0259sas h\u0259d\u0259fl\u0259rd\u0259n biridir.<br \/>\nEyni zamanda n\u00f6vb\u0259ti 5 il \u00fc\u00e7\u00fcn m\u00fc\u0259lliml\u0259rin qar\u015f\u0131s\u0131na h\u0259d\u0259fl\u0259rin qoyulmas\u0131 Az\u0259rbaycan t\u0259hsilin\u0259 t\u0259kan ver\u0259c\u0259k bir add\u0131md\u0131r.<!--more--><br \/>\nAz\u0259rbaycan m\u00fc\u0259lliml\u0259rinin ilk qurultay\u0131 1906-c\u0131 ild\u0259 ke\u00e7irilib. Qurultay \u0259n\u0259n\u0259vi olaraq 5 ild\u0259n bir t\u0259\u015fkil edilir.<br \/>\nAna babam K\u0259rimov S\u0259lim M\u0259\u015f\u0259di \u018fl\u0259sg\u0259r o\u011flu Az\u0259rbaycan m\u00fc\u0259lliml\u0259rinin IV (1925-ci il) v\u0259 V qurultaylar\u0131n\u0131n (1931-ci il) i\u015ftirak\u00e7\u0131s\u0131 olub. S\u0259lim m\u00fc\u0259llim \u0259misi o\u011flu Z\u00fclf\u00fcqar K\u0259rimovla b\u0259rab\u0259r T\u0259rt\u0259r rayonunda indiki Pe\u015f\u0259 Liseyinin h\u0259y\u0259tind\u0259 1924-c\u00fc ild\u0259 \u00f6z v\u0259saitl\u0259ri hesab\u0131na \u015eEKAYM (\u015eKOLA KREST-YANSKOY MOLODYOJ\u0130, y\u0259ni k\u0259ndli g\u0259ncl\u0259r m\u0259kt\u0259bi ) adl\u0131 m\u0259kt\u0259b tikdirmi\u015fl\u0259r. 100 il bundan \u0259vv\u0259l T\u0259rt\u0259r t\u0259hsilinin inki\u015faf\u0131nda x\u00fcsusi rolu olan S\u0259lim m\u00fc\u0259llimin n\u0259tic\u0259si olaraq, onun 4-c\u00fc v\u0259 5-ci qurultayda i\u015ftirak\u0131ndan sonra, Az\u0259rbaycan m\u00fc\u0259lliml\u0259rinin 16-c\u0131 qurultay\u0131nda i\u015ftirak ed\u0259rk\u0259n h\u0259qiq\u0259t\u0259n d\u0259 q\u00fcrurverici anlar ya\u015fad\u0131m.<br \/>\nC\u0259nab nazir y\u00fcks\u0259k tribunadan qeyd etdi ki, bu g\u00fcn ucqar k\u0259nd m\u0259kt\u0259bl\u0259rind\u0259 bel\u0259 olimpiada qalibl\u0259ri var v\u0259 savadl\u0131 \u015fagirdl\u0259r yeti\u015fir. Bu yolda m\u0259nim d\u0259 pay\u0131m oldu\u011fu \u00fc\u00e7\u00fcn, sanki o s\u00f6zl\u0259rin m\u0259n\u0259 d\u0259 deyildiyini hiss edirdim. Bu m\u0259nim n\u00f6vb\u0259ti ill\u0259rd\u0259 n\u00f6vb\u0259ti qurultaya q\u0259d\u0259r v\u0259 ondan sonrak\u0131 d\u00f6vrd\u0259 t\u0259hsild\u0259 g\u00f6rd\u00fcy\u00fcm i\u015fl\u0259ri s\u00fcr\u0259tl\u0259ndir\u0259c\u0259k.<br \/>\nQurultay\u0131n a\u00e7\u0131l\u0131\u015f\u0131nda \u015f\u0259hid m\u00fc\u0259lliml\u0259rin \u015f\u0259kill\u0259ri ekranda video\u00e7arx formas\u0131nda g\u00f6st\u0259rildi. Ulu \u00d6nd\u0259rin t\u0259hsilin inki\u015faf\u0131 il\u0259 ba\u011fl\u0131 g\u00f6rd\u00fcy\u00fc i\u015fl\u0259r bar\u0259d\u0259 video\u00e7arxa baxd\u0131q v\u0259 m\u00fc\u0259lliml\u0259r haqq\u0131nda dediyi s\u00f6zl\u0259ri dinl\u0259dik: \u201cM\u00fc\u0259llimlik \u015f\u0259r\u0259fli bir s\u0259n\u0259tdir. Az\u0259rbaycan m\u00fc\u0259lliml\u0259ri \u0259n y\u00fcks\u0259k ad\u0131 l\u0259yaq\u0259tl\u0259 da\u015f\u0131y\u0131rlar. M\u0259n h\u0259mi\u015f\u0259 m\u00fc\u0259lliml\u0259rimizin \u0259m\u0259yin\u0259 h\u00f6rm\u0259tl\u0259 yana\u015fm\u0131\u015fam. Bu g\u00fcn d\u0259 Az\u0259rbaycan m\u00fc\u0259lliml\u0259rin\u0259 c\u0259miyy\u0259tin inki\u015faf\u0131 namin\u0259 g\u00f6st\u0259rdikl\u0259ri f\u0259dakarl\u0131\u011fa g\u00f6r\u0259 \u00f6z ad\u0131mdan, b\u00fct\u00fcn xalq\u0131m\u0131z ad\u0131ndan minn\u0259tdarl\u0131\u011f\u0131m\u0131 bildirir\u0259m. Biz ham\u0131m\u0131z Az\u0259rbaycan m\u0259kt\u0259bin\u0259, Az\u0259rbaycan m\u00fc\u0259lliml\u0259rin\u0259, Az\u0259rbaycan t\u0259hsil i\u015f\u00e7il\u0259rin\u0259 borcluyuq\u201d.<br \/>\nH\u0259qiq\u0259t\u0259n d\u0259 \u00e7ox g\u00f6z\u0259l m\u0259nz\u0259r\u0259 idi. Bug\u00fcn d\u0259 t\u0259hsil sah\u0259sind\u0259 \u00f6lk\u0259 Prezidenti \u0130lham \u018fliyevin v\u0259 Birinci vitseprezident Mehriban xan\u0131m \u018fliyevan\u0131n g\u00f6rd\u00fcy\u00fc i\u015fl\u0259r dan\u0131lmazd\u0131. Bunlar\u0131n ham\u0131s\u0131 video\u00e7arx formas\u0131nda qurultay i\u015ftirak\u00e7\u0131lar\u0131na g\u00f6st\u0259rildi v\u0259 \u00f6lk\u0259 Prezidentinin t\u0259brik m\u0259ktubu s\u0259sl\u0259ndirildi.<br \/>\nT\u0259brik m\u0259ktubunda Prezidentin t\u0259hsilimizin d\u00fcn\u0259nin\u0259, bu g\u00fcn\u00fcn\u0259 v\u0259 sabah\u0131na diqq\u0259t v\u0259 qay\u011f\u0131 vard\u0131. Ke\u00e7mi\u015f yola n\u0259z\u0259r salaraq, nailiyy\u0259tl\u0259rimizi qiym\u0259tl\u0259ndirir v\u0259 \u00f6lk\u0259d\u0259 t\u0259hsil islahatlar\u0131n\u0131n z\u0259ruriliyin\u0259 bir daha diqq\u0259ti c\u0259lb edirdi.<br \/>\nQurultayda Elm v\u0259 T\u0259hsil naziri il\u0259 foto \u00e7\u0259kdirdim. M\u00fc\u0259llim v\u0259 d\u0259y\u0259rli ziyal\u0131larla qurultayda g\u00f6r\u00fc\u015fd\u00fcm, m\u00fczakir\u0259l\u0259r apard\u0131q, foto \u00e7\u0259kdirdik. Onlarla s\u00f6hb\u0259t h\u0259qiq\u0259t\u0259n d\u0259 yeni fikirl\u0259r qazanma\u011f\u0131ma k\u00f6m\u0259k oldu.<br \/>\nQurultay t\u0259hsilin Qaraba\u011fa qay\u0131td\u0131\u011f\u0131 d\u00f6vr\u0259 t\u0259sad\u00fcf edirdi.<br \/>\nT\u0259hsil i\u015f\u00e7il\u0259ri olaraq biz indiy\u0259 q\u0259d\u0259r v\u0259t\u0259np\u0259rv\u0259r \u015f\u0259xsl\u0259r yeti\u015fdirirdiks\u0259, bundan sonra v\u0259t\u0259np\u0259rv\u0259rlikl\u0259 yana\u015f\u0131 i\u015f\u011faldan azad olunmu\u015f \u0259razil\u0259rimizd\u0259 quruculuq i\u015fl\u0259ri apara bil\u0259c\u0259k g\u0259l\u0259c\u0259k n\u0259sil, insanlar yeti\u015fdirm\u0259liyik.<br \/>\nQurultayda s\u0259sl\u0259ndiril\u0259n h\u0259d\u0259fl\u0259r Qaraba\u011fda i\u015fl\u0259y\u0259n t\u0259hsil i\u015f\u00e7il\u0259ri olaraq bizim m\u0259suliyy\u0259timizi art\u0131r\u0131r, bizi yeni ideyalara, layih\u0259l\u0259r\u0259 ruhland\u0131r\u0131r.<br \/>\nQurultayda i\u015ftirak\u0131m\u0131n s\u0259b\u0259bkarlar\u0131 olan h\u0259mkarlar\u0131ma, valideynl\u0259rim\u0259, m\u00fc\u0259lliml\u0259rim\u0259, \u015fagirdl\u0259rim\u0259 v\u0259 h\u0259r zaman m\u0259n\u0259 d\u0259st\u0259k olan ziyal\u0131lara sonsuz t\u0259\u015f\u0259kk\u00fcr\u00fcm\u00fc bildirir\u0259m.<\/p>\n<p style=\"text-align: right;\"><em><strong>S\u0259buhi K\u0259rimov,<\/strong><\/em><br \/>\n<em><strong>Mam\u0131rl\u0131 k\u0259nd tam<\/strong><\/em><br \/>\n<em><strong>orta m\u0259kt\u0259binin m\u00fc\u0259llimi<\/strong><\/em><\/p>\n","protected":false},"excerpt":{"rendered":"<p>\u018fsas h\u0259d\u0259fl\u0259rd\u0259n biri \u201cB\u00f6y\u00fck Qay\u0131d\u0131\u015f\u201d konsepsiyas\u0131d\u0131r Heyd\u0259r \u018fliyev Az\u0259rbaycan t\u0259hsilinin inki\u015faf\u0131 tarixind\u0259n dan\u0131\u015fark\u0259n onun ke\u00e7diyi yollara n\u0259z\u0259r salma\u011f\u0131, h\u0259r \u015fey\u0259 obyektiv yana\u015fma\u011f\u0131 vacib say\u0131rd\u0131. Az\u0259rbaycan m\u00fc\u0259lliml\u0259rinin XI qurultay\u0131nda dediyi bel\u0259 bir konseptual fikir d\u0259 m\u0259hz bunu t\u0259sdiq edir. O xat\u0131rlad\u0131rd\u0131 ki, \u201c&#8230; xalq\u0131m\u0131z\u0131n maarifl\u0259nm\u0259si, t\u0259hsill\u0259nm\u0259si \u00fc\u00e7\u00fcn o d\u00f6vr \u00e7ox \u0259h\u0259miyy\u0259tli bir d\u00f6vr olmu\u015fdur. Biz bunu [&hellip;]<\/p>\n","protected":false},"author":2,"featured_media":0,"comment_status":"closed","ping_status":"closed","sticky":false,"template":"","format":"standard","meta":[],"categories":[10],"tags":[],"_links":{"self":[{"href":"https:\/\/yeniterter.az\/index.php?rest_route=\/wp\/v2\/posts\/26542"}],"collection":[{"href":"https:\/\/yeniterter.az\/index.php?rest_route=\/wp\/v2\/posts"}],"about":[{"href":"https:\/\/yeniterter.az\/index.php?rest_route=\/wp\/v2\/types\/post"}],"author":[{"embeddable":true,"href":"https:\/\/yeniterter.az\/index.php?rest_route=\/wp\/v2\/users\/2"}],"replies":[{"embeddable":true,"href":"https:\/\/yeniterter.az\/index.php?rest_route=%2Fwp%2Fv2%2Fcomments&post=26542"}],"version-history":[{"count":2,"href":"https:\/\/yeniterter.az\/index.php?rest_route=\/wp\/v2\/posts\/26542\/revisions"}],"predecessor-version":[{"id":26545,"href":"https:\/\/yeniterter.az\/index.php?rest_route=\/wp\/v2\/posts\/26542\/revisions\/26545"}],"wp:attachment":[{"href":"https:\/\/yeniterter.az\/index.php?rest_route=%2Fwp%2Fv2%2Fmedia&parent=26542"}],"wp:term":[{"taxonomy":"category","embeddable":true,"href":"https:\/\/yeniterter.az\/index.php?rest_route=%2Fwp%2Fv2%2Fcategories&post=26542"},{"taxonomy":"post_tag","embeddable":true,"href":"https:\/\/yeniterter.az\/index.php?rest_route=%2Fwp%2Fv2%2Ftags&post=26542"}],"curies":[{"name":"wp","href":"https:\/\/api.w.org\/{rel}","templated":true}]}}