{"id":26529,"date":"2024-01-11T12:02:59","date_gmt":"2024-01-11T09:02:59","guid":{"rendered":"https:\/\/yeniterter.az\/?p=26529"},"modified":"2024-01-11T12:03:28","modified_gmt":"2024-01-11T09:03:28","slug":"s%c9%99nlik-s%c9%99nliy%c9%99-qarisdi","status":"publish","type":"post","link":"https:\/\/yeniterter.az\/?p=26529","title":{"rendered":"\u015e\u0259nlik \u015f\u0259nliy\u0259 qar\u0131\u015fd\u0131"},"content":{"rendered":"<p><img decoding=\"async\" loading=\"lazy\" class=\"wp-image-26530 alignright\" src=\"https:\/\/yeniterter.az\/wp-content\/uploads\/f322fe4d217365bdfdd7d903a648867a-300x200.jpg\" alt=\"\" width=\"216\" height=\"144\" srcset=\"https:\/\/yeniterter.az\/wp-content\/uploads\/f322fe4d217365bdfdd7d903a648867a-300x200.jpg 300w, https:\/\/yeniterter.az\/wp-content\/uploads\/f322fe4d217365bdfdd7d903a648867a-1024x683.jpg 1024w, https:\/\/yeniterter.az\/wp-content\/uploads\/f322fe4d217365bdfdd7d903a648867a-768x512.jpg 768w, https:\/\/yeniterter.az\/wp-content\/uploads\/f322fe4d217365bdfdd7d903a648867a.jpg 1152w\" sizes=\"(max-width: 216px) 100vw, 216px\" \/>\u015e\u0259h\u0259r 5 n\u00f6mr\u0259li u\u015faq ba\u011f\u00e7as\u0131nda ke\u00e7iril\u0259n bayram \u015f\u0259nliyind\u0259 u\u015faqlar, ba\u011f\u00e7an\u0131n kollektivi v\u0259 valideynl\u0259rl\u0259 yana\u015f\u0131, qonaqlar da i\u015ftirak edibl\u0259r. T\u0259dbir h\u0259m d\u0259 m\u0259kt\u0259b\u0259q\u0259d\u0259r m\u00fc\u0259ssis\u0259nin f\u0259aliyy\u0259t\u0259 ba\u015flamas\u0131n\u0131n 5 illiyin\u0259 h\u0259sr olundu\u011fu \u00fc\u00e7\u00fcn, x\u00fcsusil\u0259 yaddaqalan olub.<br \/>\nU\u015faqlar \u015f\u0259nl\u0259nib, \u015feir s\u00f6yl\u0259yib, mahn\u0131 oxuyublar.<br \/>\nT\u0259dbird\u0259 i\u015ftirak ed\u0259n rayon \u0130cra Hakimiyy\u0259tinin ba\u015f\u00e7\u0131s\u0131 M\u00fcst\u0259qim M\u0259mm\u0259dov h\u0259r k\u0259si D\u00fcnya Az\u0259rbaycanl\u0131lar\u0131n\u0131n H\u0259mr\u0259yliyi G\u00fcn\u00fc v\u0259 Yeni il, h\u0259m\u00e7inin 5 illik yubiley m\u00fcnasib\u0259til\u0259 t\u0259brik edib. Qeyd olunub ki, az m\u00fcdd\u0259t ke\u00e7m\u0259sin\u0259 baxmayara, u\u015faq ba\u011f\u00e7as\u0131n\u0131n kollektivi balacalar\u0131n m\u0259h\u0259bb\u0259tini, valideynl\u0259rin is\u0259 h\u00f6rm\u0259tini qazana bilib.<br \/>\nQaraba\u011f Regional T\u0259hsil \u0130dar\u0259sinin T\u0259rt\u0259r rayonu \u00fczr\u0259 T\u0259hsil Sektorunun m\u00fcdiri Oqtay Sar\u0131ki\u015fiyev \u00f6z \u00e7\u0131x\u0131\u015f\u0131nda u\u015faqlar\u0131n sa\u011flam v\u0259 xo\u015fb\u0259xt b\u00f6y\u00fcm\u0259sinin c\u0259miyy\u0259timizin qar\u015f\u0131s\u0131nda duran \u0259sas v\u0259zif\u0259l\u0259rd\u0259n biri oldu\u011funu s\u00f6yl\u0259yib.<\/p>\n<p style=\"text-align: right;\"><em><strong>\u201cYeni T\u0259rt\u0259r\u201d<\/strong><\/em><\/p>\n","protected":false},"excerpt":{"rendered":"<p>\u015e\u0259h\u0259r 5 n\u00f6mr\u0259li u\u015faq ba\u011f\u00e7as\u0131nda ke\u00e7iril\u0259n bayram \u015f\u0259nliyind\u0259 u\u015faqlar, ba\u011f\u00e7an\u0131n kollektivi v\u0259 valideynl\u0259rl\u0259 yana\u015f\u0131, qonaqlar da i\u015ftirak edibl\u0259r. T\u0259dbir h\u0259m d\u0259 m\u0259kt\u0259b\u0259q\u0259d\u0259r m\u00fc\u0259ssis\u0259nin f\u0259aliyy\u0259t\u0259 ba\u015flamas\u0131n\u0131n 5 illiyin\u0259 h\u0259sr olundu\u011fu \u00fc\u00e7\u00fcn, x\u00fcsusil\u0259 yaddaqalan olub. U\u015faqlar \u015f\u0259nl\u0259nib, \u015feir s\u00f6yl\u0259yib, mahn\u0131 oxuyublar. T\u0259dbird\u0259 i\u015ftirak ed\u0259n rayon \u0130cra Hakimiyy\u0259tinin ba\u015f\u00e7\u0131s\u0131 M\u00fcst\u0259qim M\u0259mm\u0259dov h\u0259r k\u0259si D\u00fcnya Az\u0259rbaycanl\u0131lar\u0131n\u0131n H\u0259mr\u0259yliyi G\u00fcn\u00fc v\u0259 [&hellip;]<\/p>\n","protected":false},"author":2,"featured_media":0,"comment_status":"closed","ping_status":"closed","sticky":false,"template":"","format":"standard","meta":[],"categories":[10],"tags":[],"_links":{"self":[{"href":"https:\/\/yeniterter.az\/index.php?rest_route=\/wp\/v2\/posts\/26529"}],"collection":[{"href":"https:\/\/yeniterter.az\/index.php?rest_route=\/wp\/v2\/posts"}],"about":[{"href":"https:\/\/yeniterter.az\/index.php?rest_route=\/wp\/v2\/types\/post"}],"author":[{"embeddable":true,"href":"https:\/\/yeniterter.az\/index.php?rest_route=\/wp\/v2\/users\/2"}],"replies":[{"embeddable":true,"href":"https:\/\/yeniterter.az\/index.php?rest_route=%2Fwp%2Fv2%2Fcomments&post=26529"}],"version-history":[{"count":1,"href":"https:\/\/yeniterter.az\/index.php?rest_route=\/wp\/v2\/posts\/26529\/revisions"}],"predecessor-version":[{"id":26531,"href":"https:\/\/yeniterter.az\/index.php?rest_route=\/wp\/v2\/posts\/26529\/revisions\/26531"}],"wp:attachment":[{"href":"https:\/\/yeniterter.az\/index.php?rest_route=%2Fwp%2Fv2%2Fmedia&parent=26529"}],"wp:term":[{"taxonomy":"category","embeddable":true,"href":"https:\/\/yeniterter.az\/index.php?rest_route=%2Fwp%2Fv2%2Fcategories&post=26529"},{"taxonomy":"post_tag","embeddable":true,"href":"https:\/\/yeniterter.az\/index.php?rest_route=%2Fwp%2Fv2%2Ftags&post=26529"}],"curies":[{"name":"wp","href":"https:\/\/api.w.org\/{rel}","templated":true}]}}